{"id":75284,"date":"2016-08-26T21:57:33","date_gmt":"2016-08-26T19:57:33","guid":{"rendered":"http:\/\/slovaklinesmagazin.sk\/cms\/?p=75284"},"modified":"2016-08-26T21:57:33","modified_gmt":"2016-08-26T19:57:33","slug":"80-stylov-okolo-sveta","status":"publish","type":"post","link":"https:\/\/www.slovaklinesmagazin.sk\/cms\/2016\/08\/80-stylov-okolo-sveta\/","title":{"rendered":"80 \u0161t\u00fdlov okolo sveta"},"content":{"rendered":"<p><span style=\"font-size: medium;\"><span style=\"color: #000000;\">\u0160aty robia \u010dloveka. Odzrkad\u013euj\u00fa n\u00e1\u0161 p\u00f4vod, stav, kult\u00faru a\u00a0n\u00e1ladu. Na Instagrame funguje profil franc\u00fazsko-slovensk\u00e9ho p\u00e1ru \u201earoundtheworld_in80styles\u201c, ktor\u00fd \u00a0<\/span><\/span><span style=\"color: #000000; font-size: medium;\">od roku 2012 zachyt\u00e1va outfity \u013eud\u00ed po celom svete. Mnoho \u013eud\u00ed sa vyzna\u010duje v\u00fdstrednos\u0165ou, in\u00ed prehnanou striedmos\u0165ou, ka\u017ed\u00fd v\u0161ak svojim oble\u010den\u00edm rozpr\u00e1va svoj pr\u00edbeh. \u201ePre\u010d\u00edtajte\u201c si prostredn\u00edctvom fotografi\u00ed niektor\u00e9 z\u00a0nich.<\/span><\/p>\n<p><img decoding=\"async\" class=\"aligncenter\" src=\"http:\/\/slovaklinesmagazin.sk\/cms\/wp-content\/uploads\/2016\/08\/1-16.jpg\" alt=\"1\" \/> <img decoding=\"async\" class=\"aligncenter\" src=\"http:\/\/slovaklinesmagazin.sk\/cms\/wp-content\/uploads\/2016\/08\/2-16.jpg\" alt=\"2\" \/> <img decoding=\"async\" class=\"aligncenter\" src=\"http:\/\/slovaklinesmagazin.sk\/cms\/wp-content\/uploads\/2016\/08\/3-16.jpg\" alt=\"3\" \/> <img decoding=\"async\" class=\"aligncenter\" src=\"http:\/\/slovaklinesmagazin.sk\/cms\/wp-content\/uploads\/2016\/08\/4-16.jpg\" alt=\"4\" \/> <img decoding=\"async\" class=\"aligncenter\" src=\"http:\/\/slovaklinesmagazin.sk\/cms\/wp-content\/uploads\/2016\/08\/5-15.jpg\" alt=\"5\" \/> <img decoding=\"async\" class=\"aligncenter\" src=\"http:\/\/slovaklinesmagazin.sk\/cms\/wp-content\/uploads\/2016\/08\/6-12.jpg\" alt=\"6\" \/> <img decoding=\"async\" class=\"aligncenter\" src=\"http:\/\/slovaklinesmagazin.sk\/cms\/wp-content\/uploads\/2016\/08\/7-11.jpg\" alt=\"7\" \/> <img decoding=\"async\" class=\"aligncenter\" src=\"http:\/\/slovaklinesmagazin.sk\/cms\/wp-content\/uploads\/2016\/08\/8-10.jpg\" alt=\"8\" \/> <img decoding=\"async\" class=\"aligncenter\" src=\"http:\/\/slovaklinesmagazin.sk\/cms\/wp-content\/uploads\/2016\/08\/9-9.jpg\" alt=\"9\" \/> <img decoding=\"async\" class=\"aligncenter\" src=\"http:\/\/slovaklinesmagazin.sk\/cms\/wp-content\/uploads\/2016\/08\/10-7.jpg\" alt=\"10\" \/> <img decoding=\"async\" class=\"aligncenter\" src=\"http:\/\/slovaklinesmagazin.sk\/cms\/wp-content\/uploads\/2016\/08\/11-4.jpg\" alt=\"11\" \/> <img decoding=\"async\" class=\"aligncenter\" src=\"http:\/\/slovaklinesmagazin.sk\/cms\/wp-content\/uploads\/2016\/08\/13-3.jpg\" alt=\"13\" \/> <img decoding=\"async\" class=\"aligncenter\" src=\"http:\/\/slovaklinesmagazin.sk\/cms\/wp-content\/uploads\/2016\/08\/14-4.jpg\" alt=\"14\" \/> <img decoding=\"async\" class=\"aligncenter\" src=\"http:\/\/slovaklinesmagazin.sk\/cms\/wp-content\/uploads\/2016\/08\/15-4.jpg\" alt=\"15\" \/> <img decoding=\"async\" class=\"aligncenter\" src=\"http:\/\/slovaklinesmagazin.sk\/cms\/wp-content\/uploads\/2016\/08\/16-1.jpg\" alt=\"16\" \/> <img decoding=\"async\" class=\"aligncenter\" src=\"http:\/\/slovaklinesmagazin.sk\/cms\/wp-content\/uploads\/2016\/08\/17-1.jpg\" alt=\"17\" \/> <img decoding=\"async\" class=\"aligncenter\" src=\"http:\/\/slovaklinesmagazin.sk\/cms\/wp-content\/uploads\/2016\/08\/18-1.jpg\" alt=\"18\" \/> <img decoding=\"async\" class=\"aligncenter\" src=\"http:\/\/slovaklinesmagazin.sk\/cms\/wp-content\/uploads\/2016\/08\/19-1.jpg\" alt=\"19\" \/> <img decoding=\"async\" class=\"aligncenter\" src=\"http:\/\/slovaklinesmagazin.sk\/cms\/wp-content\/uploads\/2016\/08\/20.jpg\" alt=\"20\" \/><\/p>\n","protected":false},"excerpt":{"rendered":"<p>\u0160aty robia \u010dloveka. Odzrkad\u013euj\u00fa n\u00e1\u0161 p\u00f4vod, stav, kult\u00faru a\u00a0n\u00e1ladu. Na Instagrame funguje profil franc\u00fazsko-slovensk\u00e9ho p\u00e1ru \u201earoundtheworld_in80styles\u201c, ktor\u00fd \u00a0od roku 2012 zachyt\u00e1va outfity \u013eud\u00ed po celom svete. Mnoho \u013eud\u00ed sa vyzna\u010duje v\u00fdstrednos\u0165ou, in\u00ed prehnanou striedmos\u0165ou, ka\u017ed\u00fd v\u0161ak svojim oble\u010den\u00edm rozpr\u00e1va svoj pr\u00edbeh. \u201ePre\u010d\u00edtajte\u201c si prostredn\u00edctvom fotografi\u00ed niektor\u00e9 z\u00a0nich.<\/p>\n","protected":false},"author":7,"featured_media":75296,"comment_status":"closed","ping_status":"closed","sticky":false,"template":"","format":"standard","meta":{"footnotes":""},"categories":[9],"tags":[],"class_list":["post-75284","post","type-post","status-publish","format-standard","has-post-thumbnail","hentry","category-lifestyle","eq-blocks"],"_links":{"self":[{"href":"https:\/\/www.slovaklinesmagazin.sk\/cms\/wp-json\/wp\/v2\/posts\/75284","targetHints":{"allow":["GET"]}}],"collection":[{"href":"https:\/\/www.slovaklinesmagazin.sk\/cms\/wp-json\/wp\/v2\/posts"}],"about":[{"href":"https:\/\/www.slovaklinesmagazin.sk\/cms\/wp-json\/wp\/v2\/types\/post"}],"author":[{"embeddable":true,"href":"https:\/\/www.slovaklinesmagazin.sk\/cms\/wp-json\/wp\/v2\/users\/7"}],"replies":[{"embeddable":true,"href":"https:\/\/www.slovaklinesmagazin.sk\/cms\/wp-json\/wp\/v2\/comments?post=75284"}],"version-history":[{"count":1,"href":"https:\/\/www.slovaklinesmagazin.sk\/cms\/wp-json\/wp\/v2\/posts\/75284\/revisions"}],"predecessor-version":[{"id":75305,"href":"https:\/\/www.slovaklinesmagazin.sk\/cms\/wp-json\/wp\/v2\/posts\/75284\/revisions\/75305"}],"wp:featuredmedia":[{"embeddable":true,"href":"https:\/\/www.slovaklinesmagazin.sk\/cms\/wp-json\/wp\/v2\/media\/75296"}],"wp:attachment":[{"href":"https:\/\/www.slovaklinesmagazin.sk\/cms\/wp-json\/wp\/v2\/media?parent=75284"}],"wp:term":[{"taxonomy":"category","embeddable":true,"href":"https:\/\/www.slovaklinesmagazin.sk\/cms\/wp-json\/wp\/v2\/categories?post=75284"},{"taxonomy":"post_tag","embeddable":true,"href":"https:\/\/www.slovaklinesmagazin.sk\/cms\/wp-json\/wp\/v2\/tags?post=75284"}],"curies":[{"name":"wp","href":"https:\/\/api.w.org\/{rel}","templated":true}]}}