{"id":75447,"date":"2016-09-05T21:46:48","date_gmt":"2016-09-05T19:46:48","guid":{"rendered":"http:\/\/slovaklinesmagazin.sk\/cms\/?p=75447"},"modified":"2016-09-05T21:46:48","modified_gmt":"2016-09-05T19:46:48","slug":"z-letiska-bratislava-pribudne-nova-linka-wizz-air-do-tuzly","status":"publish","type":"post","link":"https:\/\/www.slovaklinesmagazin.sk\/cms\/2016\/09\/z-letiska-bratislava-pribudne-nova-linka-wizz-air-do-tuzly\/","title":{"rendered":"Z Letiska Bratislava pribudne nov\u00e1 linka Wizz Air do Tuzly"},"content":{"rendered":"<p><strong>Z Letiska M. R. \u0160tef\u00e1nika v\u00a0Bratislave sa bude lieta\u0165 priamou linkou do Bosny a\u00a0Hercegoviny. Leteck\u00e1 spolo\u010dnos\u0165 Wizz Air, ktor\u00e1 u\u017e prev\u00e1dzkuje 2x t\u00fd\u017edenne z\u00a0Bratislavy linku do Skopje v\u00a0Maced\u00f3nsku, prid\u00e1va od letn\u00e9ho letov\u00e9ho poriadku, od 27. marca 2017, nov\u00e9 leteck\u00e9 spojenie z\u00a0Letiska Bratislava do mesta Tuzla v\u00a0Bosne a\u00a0Hercegovine s\u00a0frekvenciou 3x t\u00fd\u017edenne.<\/strong><\/p>\n<p>Tuzla sa tak st\u00e1va druhou destin\u00e1ciou, ktor\u00fa bude leteck\u00e1 spolo\u010dnos\u0165 Wizz Air prev\u00e1dzkova\u0165 z Bratislavy, a to od konca marca ka\u017ed\u00fd pondelok, v stredu a v piatok. Letenky z Bratislavy do bosnianskej Tuzly a sp\u00e4\u0165 si mo\u017eno zak\u00fapi\u0165 od dnes, 31. augusta 2016, na webe <a href=\"http:\/\/wizzair.com\/\" data-saferedirecturl=\"https:\/\/www.google.com\/url?hl=sk&amp;q=http:\/\/wizzair.com&amp;source=gmail&amp;ust=1473190937229000&amp;usg=AFQjCNHkvPCGtTi78uQFr0TyzcDAeN4mog\">wizzair.com<\/a>.<\/p>\n<p><em>\u201eS pote\u0161en\u00edm oznamujeme, \u017ee z Bratislavy prid\u00e1vame druh\u00fa linku s n\u00edzkymi cenami leteniek. Od marca 2017 bud\u00fa ma\u0165 na\u0161i slovensk\u00ed z\u00e1kazn\u00edci u\u017e mo\u017enos\u0165 cestova\u0165 aj do Tuzly v Bosne a Hercegovine. Tuzla je jedn\u00fdm z najmultikult\u00farnej\u0161\u00edch miest v Bosne, a je tak skvelou mo\u017enos\u0165ou kde str\u00e1vi\u0165 pred\u013a\u017een\u00fd v\u00edkend \u010di kam letie\u0165 na v\u00fdlet. Ke\u010f\u017ee ceny leteniek sa za\u010d\u00ednaj\u00fa u\u017e od 14,99 \u20ac za jednosmern\u00fa letenku vr\u00e1tane v\u0161etk\u00fdch poplatkov, ver\u00edme, \u017ee nov\u00fa linku cestuj\u00faci uv\u00edtaj\u00fa. N\u00e1\u0161 palubn\u00fd person\u00e1l sa u\u017e teraz te\u0161\u00ed na cestuj\u00facich, ktor\u00fdch s WIZZ \u00fasmevom priv\u00edta na palube svojej mladej flotily lietadiel,\u201d<\/em> povedala Tamara Vallois, riadite\u013eka komunik\u00e1cie leteckej spolo\u010dnosti Wizz Air.<\/p>\n<p><strong>NOV\u00c1 LINKA WIZZ AIR Z BRATISLAVY DO TUZLY<\/strong><\/p>\n<p>&nbsp;<\/p>\n<table width=\"715\">\n<tbody>\n<tr>\n<td width=\"183\"><strong>Destin\u00e1cia<\/strong><\/td>\n<td width=\"243\"><strong>Dni prev\u00e1dzky<\/strong><\/td>\n<td width=\"155\"><strong>Za\u010diatok<\/strong><\/td>\n<td width=\"135\"><strong>Letenky od<\/strong><\/td>\n<\/tr>\n<tr>\n<td width=\"183\">Tuzla, Bosna a Hercegovina<\/td>\n<td width=\"243\">pondelok, streda, piatok<\/td>\n<td width=\"155\">27. marec 2017<\/td>\n<td width=\"135\">14,99 \u20ac<\/td>\n<\/tr>\n<\/tbody>\n<\/table>\n<p>&nbsp;<\/p>\n<p>&nbsp;<\/p>\n","protected":false},"excerpt":{"rendered":"<p>Z Letiska M. R. \u0160tef\u00e1nika v\u00a0Bratislave sa bude lieta\u0165 priamou linkou do Bosny a\u00a0Hercegoviny. Leteck\u00e1 spolo\u010dnos\u0165 Wizz Air, ktor\u00e1 u\u017e prev\u00e1dzkuje 2x t\u00fd\u017edenne z\u00a0Bratislavy linku do Skopje v\u00a0Maced\u00f3nsku, prid\u00e1va od letn\u00e9ho letov\u00e9ho poriadku, od 27. marca 2017, nov\u00e9 leteck\u00e9 spojenie z\u00a0Letiska Bratislava do mesta Tuzla v\u00a0Bosne a\u00a0Hercegovine s\u00a0frekvenciou 3x t\u00fd\u017edenne. Tuzla sa tak st\u00e1va druhou [&hellip;]<\/p>\n","protected":false},"author":7,"featured_media":75448,"comment_status":"closed","ping_status":"closed","sticky":false,"template":"","format":"standard","meta":{"footnotes":""},"categories":[13,45],"tags":[],"class_list":["post-75447","post","type-post","status-publish","format-standard","has-post-thumbnail","hentry","category-real-estate","category-nas-tip","eq-blocks"],"_links":{"self":[{"href":"https:\/\/www.slovaklinesmagazin.sk\/cms\/wp-json\/wp\/v2\/posts\/75447","targetHints":{"allow":["GET"]}}],"collection":[{"href":"https:\/\/www.slovaklinesmagazin.sk\/cms\/wp-json\/wp\/v2\/posts"}],"about":[{"href":"https:\/\/www.slovaklinesmagazin.sk\/cms\/wp-json\/wp\/v2\/types\/post"}],"author":[{"embeddable":true,"href":"https:\/\/www.slovaklinesmagazin.sk\/cms\/wp-json\/wp\/v2\/users\/7"}],"replies":[{"embeddable":true,"href":"https:\/\/www.slovaklinesmagazin.sk\/cms\/wp-json\/wp\/v2\/comments?post=75447"}],"version-history":[{"count":1,"href":"https:\/\/www.slovaklinesmagazin.sk\/cms\/wp-json\/wp\/v2\/posts\/75447\/revisions"}],"predecessor-version":[{"id":75449,"href":"https:\/\/www.slovaklinesmagazin.sk\/cms\/wp-json\/wp\/v2\/posts\/75447\/revisions\/75449"}],"wp:featuredmedia":[{"embeddable":true,"href":"https:\/\/www.slovaklinesmagazin.sk\/cms\/wp-json\/wp\/v2\/media\/75448"}],"wp:attachment":[{"href":"https:\/\/www.slovaklinesmagazin.sk\/cms\/wp-json\/wp\/v2\/media?parent=75447"}],"wp:term":[{"taxonomy":"category","embeddable":true,"href":"https:\/\/www.slovaklinesmagazin.sk\/cms\/wp-json\/wp\/v2\/categories?post=75447"},{"taxonomy":"post_tag","embeddable":true,"href":"https:\/\/www.slovaklinesmagazin.sk\/cms\/wp-json\/wp\/v2\/tags?post=75447"}],"curies":[{"name":"wp","href":"https:\/\/api.w.org\/{rel}","templated":true}]}}