{"id":75553,"date":"2016-09-13T12:38:08","date_gmt":"2016-09-13T10:38:08","guid":{"rendered":"http:\/\/slovaklinesmagazin.sk\/cms\/?p=75553"},"modified":"2016-09-13T12:38:08","modified_gmt":"2016-09-13T10:38:08","slug":"letisko-odporuca-cestujucim-dostavit-sa-v-den-summitu-na-odlet-aspon-3-hodiny-vopred","status":"publish","type":"post","link":"https:\/\/www.slovaklinesmagazin.sk\/cms\/2016\/09\/letisko-odporuca-cestujucim-dostavit-sa-v-den-summitu-na-odlet-aspon-3-hodiny-vopred\/","title":{"rendered":"Letisko odpor\u00fa\u010da cestuj\u00facim dostavi\u0165 sa v de\u0148 summitu na odlet aspo\u0148 3 hodiny vopred"},"content":{"rendered":"<p><b><span style=\"color: windowtext; font-family: 'Calibri','sans-serif'; font-size: 12pt;\">Letisko M. R. \u0160tef\u00e1nika v\u00a0Bratislave vyz\u00fdva v\u00a0s\u00favislosti so summitom prezidentom a\u00a0premi\u00e9rov kraj\u00edn E\u00da cestuj\u00facu verejnos\u0165, aby si v\u00a0de\u0148 konania summitu, v\u00a0piatok 16. septembra, vyhradila dostato\u010dn\u00fd \u010dasov\u00fd priestor na pr\u00edchod na letisko. Odpor\u00fa\u010dame, aby sa cestuj\u00faci dostavili na letisko minim\u00e1lne 3 hodiny pred svoj\u00edm odletom, \u010di u\u017e pricestuj\u00fa autom alebo autobusom.<\/span><\/b><\/p>\n<p><span style=\"font-family: Calibri;\"><span style=\"color: #000000;\">Letisko v piatok o\u010dak\u00e1va pr\u00edlet a odlet mnoh\u00fdch vl\u00e1dnych deleg\u00e1ci\u00ed, ktor\u00e9 sa bud\u00fa pres\u00fava\u0165 do centra mesta a z neho. Z\u00a0tohto d\u00f4vodu bude<b> <\/b><\/span><span style=\"color: #000000;\">obmedzen\u00e1 pr\u00edstupov\u00e1 cesta na letisko a\u00a0m\u00f4\u017eu sa tvori\u0165 kol\u00f3ny. Ako u\u017e informoval rezort vn\u00fatra, v \u010dase od 8. h do 10. h bude uzatvoren\u00e1 dia\u013enica D1 v okol\u00ed letiska a rovnako aj Ivansk\u00e1 cesta v oboch smeroch od OC Avion. Cestuj\u00facim, ktor\u00ed odlietaj\u00fa z\u00a0Bratislavy v\u00a0piatok 16. septembra v doobed\u0148aj\u0161\u00edch hodin\u00e1ch a\u00a0v \u010dase medzi 18. a\u017e 21. hodinou preto odpor\u00fa\u010dame, aby si vyhradili dostato\u010dn\u00fd \u010das pred pr\u00edchodom na letisko, ide\u00e1lne aspo\u0148 3 hodiny vopred.<\/span><\/span><\/p>\n<p><span style=\"color: #000000; font-family: Calibri;\">V s\u00favislosti s\u00a0piatkov\u00fdm summitom prezidentov E\u00da nebude na Letisku M. R. \u0160tef\u00e1nika v\u00a0Bratislave obmedzen\u00e1 prev\u00e1dzka pravideln\u00fdch ani charterov\u00fdch letov. V\u0161etky lety by mali by\u0165 vybavovan\u00e9 pod\u013ea platn\u00e9ho letn\u00e9ho letov\u00e9ho poriadku. Jedna z dvoch dr\u00e1h letiska, dr\u00e1ha 04-22, bude po\u010das \u0161tvrtka a piatka z d\u00f4vodu parkovania lietadiel uzatvoren\u00e1, \u010do v\u0161ak nebude ma\u0165 vplyv na vybavovanie letov<\/span><\/p>\n<p><span style=\"font-family: 'Calibri','sans-serif'; font-size: 12pt;\"><span style=\"color: #000000;\">Z\u00e1rove\u0148 upozor\u0148ujeme priaznivcov fotenia lietadiel, \u017ee bezpe\u010dnostn\u00e9 opatrenia bud\u00fa plati\u0165 aj v\u00a0okol\u00ed cel\u00e9ho perimetra letiska. Nebude tak mo\u017en\u00e9 sledova\u0165 lietadl\u00e1 v\u00a0bezprostrednom letiskovom okol\u00ed, pri plote<\/span><\/span><\/p>\n<p><span style=\"color: #000000; font-family: Calibri;\">Inform\u00e1cie o\u00a0v\u0161etk\u00fdch dopravn\u00fdch obmedzeniach n\u00e1jdu cestuj\u00faci na webovej str\u00e1nke letiska: <\/span><\/p>\n<p><a href=\"https:\/\/www.bts.aero\/o-letisku\/press\/tlacove-spravy\/obmedzenie-dopravy-pocas-summitu-eu-v-piatok-16-septembra\/\"><span style=\"color: #0563c1; font-family: Calibri;\">https:\/\/www.bts.aero\/o-letisku\/press\/tlacove-spravy\/obmedzenie-dopravy-pocas-summitu-eu-v-piatok-16-septembra\/<\/span><\/a><\/p>\n<p>&nbsp;<\/p>\n","protected":false},"excerpt":{"rendered":"<p>Letisko M. R. \u0160tef\u00e1nika v\u00a0Bratislave vyz\u00fdva v\u00a0s\u00favislosti so summitom prezidentom a\u00a0premi\u00e9rov kraj\u00edn E\u00da cestuj\u00facu verejnos\u0165, aby si v\u00a0de\u0148 konania summitu, v\u00a0piatok 16. septembra, vyhradila dostato\u010dn\u00fd \u010dasov\u00fd priestor na pr\u00edchod na letisko. Odpor\u00fa\u010dame, aby sa cestuj\u00faci dostavili na letisko minim\u00e1lne 3 hodiny pred svoj\u00edm odletom, \u010di u\u017e pricestuj\u00fa autom alebo autobusom. Letisko v piatok o\u010dak\u00e1va pr\u00edlet [&hellip;]<\/p>\n","protected":false},"author":7,"featured_media":0,"comment_status":"closed","ping_status":"closed","sticky":false,"template":"","format":"standard","meta":{"footnotes":""},"categories":[13],"tags":[],"class_list":["post-75553","post","type-post","status-publish","format-standard","hentry","category-real-estate","eq-blocks"],"_links":{"self":[{"href":"https:\/\/www.slovaklinesmagazin.sk\/cms\/wp-json\/wp\/v2\/posts\/75553","targetHints":{"allow":["GET"]}}],"collection":[{"href":"https:\/\/www.slovaklinesmagazin.sk\/cms\/wp-json\/wp\/v2\/posts"}],"about":[{"href":"https:\/\/www.slovaklinesmagazin.sk\/cms\/wp-json\/wp\/v2\/types\/post"}],"author":[{"embeddable":true,"href":"https:\/\/www.slovaklinesmagazin.sk\/cms\/wp-json\/wp\/v2\/users\/7"}],"replies":[{"embeddable":true,"href":"https:\/\/www.slovaklinesmagazin.sk\/cms\/wp-json\/wp\/v2\/comments?post=75553"}],"version-history":[{"count":1,"href":"https:\/\/www.slovaklinesmagazin.sk\/cms\/wp-json\/wp\/v2\/posts\/75553\/revisions"}],"predecessor-version":[{"id":75554,"href":"https:\/\/www.slovaklinesmagazin.sk\/cms\/wp-json\/wp\/v2\/posts\/75553\/revisions\/75554"}],"wp:attachment":[{"href":"https:\/\/www.slovaklinesmagazin.sk\/cms\/wp-json\/wp\/v2\/media?parent=75553"}],"wp:term":[{"taxonomy":"category","embeddable":true,"href":"https:\/\/www.slovaklinesmagazin.sk\/cms\/wp-json\/wp\/v2\/categories?post=75553"},{"taxonomy":"post_tag","embeddable":true,"href":"https:\/\/www.slovaklinesmagazin.sk\/cms\/wp-json\/wp\/v2\/tags?post=75553"}],"curies":[{"name":"wp","href":"https:\/\/api.w.org\/{rel}","templated":true}]}}