{"id":75709,"date":"2016-09-30T13:24:32","date_gmt":"2016-09-30T11:24:32","guid":{"rendered":"http:\/\/slovaklinesmagazin.sk\/cms\/?p=75709"},"modified":"2016-09-28T13:35:08","modified_gmt":"2016-09-28T11:35:08","slug":"acer-predstavil-nejtenci-notebook-na-svete-elegantni-swift-7","status":"publish","type":"post","link":"https:\/\/www.slovaklinesmagazin.sk\/cms\/2016\/09\/acer-predstavil-nejtenci-notebook-na-svete-elegantni-swift-7\/","title":{"rendered":"Acer p\u0159edstavil nejten\u010d\u00ed notebook na sv\u011bt\u011b, elegantn\u00ed Swift 7"},"content":{"rendered":"<p>Spole\u010dnost Acer roz\u0161\u00ed\u0159ila sv\u00e9 \u0159ady ultratenk\u00fdch\u00a0notebook\u016f o \u010dty\u0159i modely nov\u00e9 \u0159ady Swift<\/p>\n<p><strong>\u00a0<\/strong><strong>Shrnut\u00ed<\/strong><\/p>\n<ul>\n<li>Swift 7 m\u00e1 tlou\u0161\u0165ku pouh\u00fdch 9,98 mm a v\u00e1\u017e\u00ed jen 1,1 kg. Je tak nejten\u010d\u00edm notebookem na sv\u011bt\u011b<a href=\"#_ftn1\" name=\"_ftnref1\">[1]<\/a><\/li>\n<li>Modely \u0159ady Swift 5 a Swift 3 se mohou pochlubit prvot\u0159\u00eddn\u00ed v\u00fdbavou, jako je kovov\u00e9 \u0161asi, 7. generace procesor\u016f Intel<sup>\u00ae<\/sup> Core\u2122, SSD, porty USB 3.1 typ C, \u010dte\u010dka otisk\u016f prst\u016f atd.<\/li>\n<li>A\u0165 u\u017e jde o nejten\u010d\u00ed notebook na sv\u011bt\u011b, \u010dern\u00fd a zlat\u00fd Swift 7, nebo cenov\u011b dostupn\u00fd Swift 1, v\u0161echny tyto nov\u00e9 ultratenk\u00e9 notebooky jsou elegantn\u00edm a praktick\u00fdm \u0159e\u0161en\u00edm pro ka\u017ed\u00e9ho<\/li>\n<\/ul>\n<p style=\"text-align: center;\"><img loading=\"lazy\" decoding=\"async\" class=\"aligncenter\" src=\"http:\/\/slovaklinesmagazin.sk\/cms\/wp-content\/uploads\/2016\/09\/Swift-7_01-1024x631.png\" alt=\"Swift 7\" width=\"962\" height=\"593\" \/><\/p>\n<p>&nbsp;<\/p>\n<p>Spole\u010dnost Acer dnes na sv\u00e9 glob\u00e1ln\u00ed tiskov\u00e9 konferenci na veletrhu <a href=\"http:\/\/b2b.ifa-berlin.com\/\">IFA<\/a> v Berl\u00edn\u011b p\u0159edstavila svou novou \u0159adu ultratenk\u00fdch a lehk\u00fdch notebook\u016f Swift. Pat\u0159\u00ed mezi n\u011b \u010dty\u0159i \u0159ady, a to Swift 7, Swift 5, Swift 3 a Swift 1. Tyto nov\u00e9 ultratenk\u00e9 modely jsou vybaveny opera\u010dn\u00edm syst\u00e9mem Windows 10 a pokr\u00fdvaj\u00ed jak\u00fdkoli rozpo\u010det i \u017eivotn\u00ed styl.<\/p>\n<p><em>\u201eJsme nad\u0161eni, \u017ee m\u016f\u017eeme ozn\u00e1mit uveden\u00ed nov\u00e9 \u0159ady notebook\u016f Swift, kompletn\u00edho sortimentu ultratenk\u00fdch notebook\u016f, ve kter\u00e9m si ka\u017ed\u00fd n\u011bco najde,\u201c<\/em> \u0159ekl Jerry Hou, General Manager, Consumer Notebooks, IT Products Business, Acer Inc. \u201e<em>V pop\u0159ed\u00ed je vlajkov\u00e1 lo\u010f Swift 7 s\u00a0kompletn\u011b hlin\u00edkov\u00fdm t\u011blem, kter\u00e9 m\u00e1 tlou\u0161\u0165ku pod jeden centimetr, zat\u00edmco se st\u00e1le m\u016f\u017ee pochlubit vysok\u00fdm v\u00fdkonem a v\u00fddr\u017e\u00ed pro celodenn\u00ed produktivn\u00ed pr\u00e1ci.\u201c<\/em><\/p>\n<p><em>\u201eNov\u00e9 \u0159ady notebook\u016f Acer Swift p\u0159in\u00e1\u0161\u00ed u\u017eivatel\u016fm hledaj\u00edc\u00edm notebook s\u00a0Windows 10 spoustu variant, ze kter\u00fdch si mohou vybrat p\u0159esn\u011b to, co pot\u0159ebuj\u00ed,\u201c <\/em>\u0159ekl Peter Han, viceprezident OEM marketingu spole\u010dnosti Microsoft Corp. <em>\u201eA\u0165 u\u017e hledaj\u00ed \u0161pi\u010dkov\u00fd stroj zam\u011b\u0159en\u00fd na vysok\u00fd v\u00fdkon, dob\u0159e zkonstruovan\u00e9 cenov\u011b dostupn\u00e9 za\u0159\u00edzen\u00ed nebo n\u011bco mezi t\u00edm, notebooky Swift byly navr\u017eeny tak, aby p\u0159ivedly k\u00a0\u017eivotu funkce syst\u00e9mu Windows 10, kter\u00e9 zaji\u0161\u0165uj\u00ed maxim\u00e1ln\u00ed z\u00e1bavu \u010di produktivitu.\u201c<\/em><\/p>\n<p style=\"text-align: center;\"><img decoding=\"async\" class=\"aligncenter\" src=\"http:\/\/slovaklinesmagazin.sk\/cms\/wp-content\/uploads\/2016\/09\/Swift-7_05-601x1024.png\" alt=\"Swift 7\" \/><\/p>\n<p><strong>\u0158ada Swift 7 \u2013 Nejten\u010d\u00ed notebook na sv\u011bt\u011b<br \/>\n<\/strong>Lehk\u00fd Swift 7 je tenk\u00fd jako tu\u017eka, v\u00e1\u017e\u00ed pouh\u00fdch 1,1 kg a m\u00e1 tlou\u0161\u0165ku jen 9,98 mm, kter\u00e1 z\u00a0n\u011bj d\u011bl\u00e1 nejten\u010d\u00ed notebook na sv\u011bt\u011b<sup>1<\/sup>. \u010cernozlat\u00fd design jeho odoln\u00e9ho celohlin\u00edkov\u00e9ho unibody t\u011bla mu nav\u00edc p\u0159id\u00e1v\u00e1 n\u00e1dech elegance, zat\u00edmco tvrd\u00e9 sklo Corning<sup>\u00ae<\/sup> Gorilla<sup>\u00ae<\/sup> Glass poskytuje vynikaj\u00edc\u00ed odolnost v\u016f\u010di po\u0161kr\u00e1b\u00e1n\u00ed jeho 13,3&#8243; Full HD IPS<a href=\"#_ftn2\" name=\"_ftnref2\">[2]<\/a> displeje s\u00a0velmi tenk\u00fdm r\u00e1me\u010dkem. D\u00edky a\u017e 9 hodin\u00e1m<a href=\"#_ftn3\" name=\"_ftnref3\">[3]<\/a> v\u00fddr\u017ee na baterii je tento notebook ide\u00e1ln\u00ed volbou pro ka\u017ed\u00e9ho, kdo je \u010dasto\u00a0 na cest\u00e1ch.<\/p>\n<p>Mal\u00fd, a p\u0159esto rychl\u00fd \u2013 \u0161pi\u010dkov\u00fd v\u00fdkon mu zaji\u0161\u0165uje procesor Intel Core i5 sedm\u00e9 generace, rychl\u00e9 256GB SSD a a\u017e 8 GB pam\u011bti. Nejnov\u011bj\u0161\u00ed bezdr\u00e1tov\u00e1 technologie (2\u00d72 802.11ac s MU-MIMO) mu p\u0159in\u00e1\u0161\u00ed a\u017e t\u0159ikr\u00e1t rychlej\u0161\u00ed<a href=\"#_ftn4\" name=\"_ftnref4\">[4]<\/a> p\u0159ipojen\u00ed, zat\u00edmco se dvojice port\u016f USB 3.1 typ C star\u00e1 o rychl\u00e9 p\u0159enosy dat, p\u0159ipojen\u00ed k\u00a0extern\u00edmu monitoru a nab\u00edjen\u00ed notebooku. HD webkamera s\u00a0podporou HDR (vysok\u00fd dynamick\u00fd rozsah) pak zaji\u0161\u0165uje jasn\u00fd a detailn\u00ed obraz.<\/p>\n<p><strong>\u0158ada Swift 5 \u2013 \u0160pi\u010dkov\u00e9 funkce p\u0159i n\u00edzk\u00e9 hmotnosti<br \/>\n<\/strong>Notebooky \u0159ady Swift 5 maj\u00ed tlou\u0161\u0165ku pouh\u00fdch 14,58 mm a v\u00e1\u017e\u00ed jen 1,36 kg, p\u0159itom se mohou pochlubit 14&#8243; displejem v 13,3&#8243; t\u011ble, d\u00edky \u010demu\u017e dosahuj\u00ed skute\u010dn\u011b nekompromisn\u00ed p\u0159enositelnosti a mo\u017enostmi vyu\u017eit\u00ed. Jsou k\u00a0dispozici v\u00a0perle\u0165ov\u00e9m barevn\u00e9m proveden\u00ed Pearl White se zlat\u00fdm lemov\u00e1n\u00edm nebo v\u00a0\u010dern\u00e9m Obsidian Black se st\u0159\u00edbrn\u00fdm lemov\u00e1n\u00edm, p\u0159i\u010dem\u017e kombinuj\u00ed impozantn\u00ed design s\u00a0povrchy z\u00a0kart\u00e1\u010dovan\u00e9ho kovu a brou\u0161en\u00fdmi akcenty.<\/p>\n<p>Procesory Intel<sup>\u00ae<\/sup> Core\u2122 7. generace v\u00a0kombinaci s\u00a0rychl\u00fdmi SSD (256GB nebo 512GB, SATA nebo PCIe), a\u017e s\u00a08 GB pam\u011bti a nejnov\u011bj\u0161\u00ed bezdr\u00e1tovou technologi\u00ed poskytuj\u00ed vysok\u00fd v\u00fdkon i p\u0159es mal\u00e9 rozm\u011bry notebook\u016f. Tato \u0159ada se nav\u00edc m\u016f\u017ee pochlubit a\u017e t\u0159in\u00e1ctihodinovou<sup>3<\/sup> v\u00fddr\u017e\u00ed na baterii, podsv\u00edcenou kl\u00e1vesnic\u00ed, reverzibiln\u00edm portem USB typ C a voliteln\u00fdmi mo\u017enostmi, jako je dotykov\u00fd displej nebo \u010dte\u010dka otisk\u016f prst\u016f.<\/p>\n<p><strong>\u0158ada Swift 3 \u2013 Z\u00e1kladn\u00ed funkce za atraktivn\u00ed cenu<br \/>\n<\/strong>Notebooky Swift 3 se mohou pochlubit tlou\u0161\u0165kou pouh\u00fdch 17,95 mm, hmotnost\u00ed 1,5 kg a \u0161t\u00edhlou a lehkou konstrukc\u00ed\u00a0 s\u00a0odoln\u00fdm brou\u0161en\u00fdm hlin\u00edkov\u00fdm t\u011blem. Nab\u00edz\u00ed a\u017e dvan\u00e1ctihodinovou<sup>3 <\/sup>v\u00fddr\u017e na baterii a celou \u0159adu nezbytn\u00fdch funkc\u00ed pro vy\u0161\u0161\u00ed produktivitu pr\u00e1ce, mobilitu a zabezpe\u010den\u00ed.<\/p>\n<p>Modely Swift 3 jsou vybaveny 14&#8243; HD nebo Full HD IPS displejem s\u00a0antireflexn\u00edm povrchem, procesorem z\u00a06. \u010di 7. generace Intel<sup>\u00ae<\/sup> Core\u2122, rychl\u00fdm 512GB SSD, a\u017e 8 GB pam\u011bti a bezdr\u00e1tovou technologi\u00ed 2\u00d72 MU-MIMO 802.11ac pro rychl\u00e9 a spolehliv\u00e9 p\u0159ipojen\u00ed k\u00a0internetu.<\/p>\n<p>Mezi dal\u0161\u00ed funkce, bez kter\u00fdch se neobejdete, pat\u0159\u00ed port USB 3.1 typ C (pro rychl\u00fd p\u0159enos dat, p\u0159ipojen\u00ed extern\u00edho monitoru a nab\u00edjen\u00ed notebooku) a HD kamera s\u00a0vysok\u00fdm dynamick\u00fdm rozsahem (HDR). A nechyb\u00ed ani voliteln\u00e1 podsv\u00edcen\u00e1 kl\u00e1vesnice spole\u010dn\u011b s\u00a0velk\u00fdm 72mm touchpadem, kter\u00fd poskytuje dostate\u010dn\u011b velk\u00fd prostor pohodln\u00e9 ovl\u00e1d\u00e1n\u00ed notebooku.<\/p>\n<p>Vestav\u011bn\u00fd sn\u00edma\u010d otisk\u016f prst\u016f se nach\u00e1z\u00ed v prav\u00e9m horn\u00edm rohu op\u011brky pro dlan\u011b a spolupracuje s funkc\u00ed Windows Hello pro lep\u0161\u00ed zabezpe\u010den\u00ed. Naskenov\u00e1n\u00ed prstu pro p\u0159\u00edstup na pracovn\u00ed plochu trv\u00e1 m\u00e9n\u011b ne\u017e jednu sekundu. Dok\u00e1\u017ee tak\u00e9 rozpoznat jednotliv\u00e9 u\u017eivatele a spust\u00ed akce p\u0159\u00edslu\u0161\u00edc\u00ed pouze schv\u00e1len\u00fdm jedinc\u016fm, co\u017e zabra\u0148uje nevhodn\u00e9mu chov\u00e1n\u00ed a napom\u00e1h\u00e1 eliminovat podvodnou \u010dinnost.<\/p>\n<p style=\"text-align: center;\"><img decoding=\"async\" class=\"aligncenter\" src=\"http:\/\/slovaklinesmagazin.sk\/cms\/wp-content\/uploads\/2016\/09\/Swift-7_03-1024x632.png\" alt=\"Swift 7\" \/><\/p>\n<p><strong>\u0158ada Swift 1 \u2013 Lehk\u00e9 a cenov\u011b dostupn\u00e9<br \/>\n<\/strong>Notebooky \u0159ady Swift 1 jsou lehk\u00e9 a cenov\u011b atraktivn\u00ed p\u0159edev\u0161\u00edm pro studenty \u010di jin\u00e9 u\u017eivatele s\u00a0omezen\u00fdm rozpo\u010dtem. Z\u00e1rove\u0148 se v\u0161ak snadno p\u0159en\u00e1\u0161ej\u00ed a obsahuj\u00ed jen nezbytn\u00e9 funkce s\u00a0vysokou p\u0159idanou hodnotou. Maj\u00ed tlou\u0161\u0165ku pouh\u00fdch 17,9 mm a v\u00e1\u017e\u00ed jen 1,6 kg, p\u0159i\u010dem\u017e povrch zadn\u00ed strany v\u00edka napodobuje kart\u00e1\u010dovan\u00fd kov a minimalizuje m\u00edru ulp\u00edv\u00e1n\u00ed otisk\u016f prst\u016f a po\u0161kr\u00e1b\u00e1n\u00ed. Hezk\u00e9 designov\u00e9 prvky, jako jsou diamantem \u0159ezan\u00e9 hrany okolo zap\u00ednac\u00edho tla\u010d\u00edtka a touchpadu pak dotv\u00e1\u0159ej\u00ed celkov\u011b elegantn\u00ed vzhled. D\u00edky a\u017e dvan\u00e1ctihodinov\u00e9<sup>3<\/sup> v\u00fddr\u017ei na baterii na nich mohou studenti pracovat po cel\u00fd \u0161koln\u00ed den a n\u011bkolik hodin jim pak zbude i na ve\u010dern\u00ed studium \u010di surfov\u00e1n\u00ed na webu. Notebooky Swift 1 jsou vybaveny 14&#8243; HD displejem, procesorem Intel Pentium<sup>\u00ae<\/sup> nebo Celeron<sup>\u00ae<\/sup>, 4 GB pam\u011bti a bu\u010f 32GB, 64GB nebo 128GB eMMC \u00falo\u017ei\u0161t\u011bm.<\/p>\n<p><strong>Cena a dostupnost<\/strong><\/p>\n<p>\u0158ada Acer Swift 7 bude v\u00a0oblasti EMEA k\u00a0dispozici v\u00a0\u0159\u00edjnu za ceny od 34.990 K\u010d s dan\u00ed\/\u20ac1,299.<\/p>\n<p>\u0158ada Acer Swift 5 bude v\u00a0oblasti EMEA k\u00a0dispozici v\u00a0listopadu za ceny od 19.990 K\u010d s dan\u00ed\/\u20ac749.<\/p>\n<p>\u0158ada Acer Swift 3 bude v\u00a0oblasti EMEA k\u00a0dispozici v\u00a0\u0159\u00edjnu za ceny od 18.990 K\u010d s dan\u00ed\/\u20ac499.<\/p>\n<p>\u0158ada Acer Swift 1 bude v\u00a0oblasti EMEA k\u00a0dispozici v\u00a0listopadu za ceny od 9.990 K\u010d s dan\u00ed\/\u20ac349.<\/p>\n<p>P\u0159esn\u00e9 specifikace, ceny a dostupnost se li\u0161\u00ed v z\u00e1vislosti na zemi prodeje. Pro v\u00edce informac\u00ed o dostupnosti, parametrech produktu a cen\u00e1ch nav\u0161tivte str\u00e1nky <a href=\"http:\/\/www.acer.cz\">www.acer.cz<\/a>.<\/p>\n<p>Nov\u00e9 notebooky Swift byly dnes p\u0159edstaveny na tiskov\u00e9 konferenci next@acer na veletrhu <a href=\"http:\/\/b2b.ifa-berlin.com\/\">IFA<\/a> v\u00a0N\u011bmecku, kde spole\u010dnost Acer uvedla \u0159adu nov\u00fdch za\u0159\u00edzen\u00ed a \u0159e\u0161en\u00ed pro rodiny s\u00a0d\u011btmi, studenty a profesion\u00e1ly. Pro v\u00edce informac\u00ed nav\u0161tivte str\u00e1nky <a href=\"http:\/\/www.acer.com\/nextatacer\">acer.com\/nextatacer<\/a>.<\/p>\n<p><strong>\u00a0<\/strong><\/p>\n<p>&nbsp;<\/p>\n<p>\u00a9 2016 Acer Inc. V\u0161echna pr\u00e1va vyhrazena. Acer a logo Acer jsou registrovan\u00fdmi ochrann\u00fdmi zn\u00e1mkami spole\u010dnosti Acer Inc. Ostatn\u00ed ochrann\u00e9 zn\u00e1mky, registrovan\u00e9 ochrann\u00e9 zn\u00e1mky a zna\u010dky slu\u017eeb, kter\u00e9 jsou zde uvedeny nebo jinak zm\u00edn\u011bny, jsou majetkem p\u0159\u00edslu\u0161n\u00fdch vlastn\u00edk\u016f.<\/p>\n<p>&nbsp;<\/p>\n<p><a href=\"#_ftnref1\" name=\"_ftn1\">[1]<\/a> Podle intern\u00edho pr\u016fzkumu spole\u010dnosti Acer ze dne 5. srpna 2016 p\u0159i porovn\u00e1n\u00ed konstrukc\u00ed konkuren\u010dn\u00edch notebook\u016f, kter\u00e9 jsou na trhu k\u00a0dispozici a\u0165 u\u017e s\u00a0opera\u010dn\u00edm syst\u00e9mem Windows \u010di OSX.<\/p>\n<p><a href=\"#_ftnref2\" name=\"_ftn2\">[2]<\/a> V\u0161echny zna\u010dky a n\u00e1zvy produkt\u016f uveden\u00e9 v tomto dokumentu jsou ochrann\u00fdmi zn\u00e1mkami p\u0159\u00edslu\u0161n\u00fdch spole\u010dnost\u00ed a byly pou\u017eity v\u00fdhradn\u011b k popisu nebo ozna\u010den\u00ed produkt\u016f.<\/p>\n<p><a href=\"#_ftnref3\" name=\"_ftn3\">[3]<\/a> Uveden\u00e1 v\u00fddr\u017e na baterii vych\u00e1z\u00ed z v\u00fdsledk\u016f test\u016f produktivity v MobileMark 2014<sup>\u00ae <\/sup>p\u0159i zapnut\u00e9 Wi-Fi. Podrobnosti o testech MobileMark 2014 jsou k dispozici na str\u00e1nk\u00e1ch www.bapco.com. \u00dadaj o v\u00fddr\u017ei na baterii slou\u017e\u00ed pouze pro srovn\u00e1vac\u00ed \u00fa\u010dely. Skute\u010dn\u00e1 v\u00fddr\u017e na baterii z\u00e1vis\u00ed na konkr\u00e9tn\u00edm modelu, konfiguraci, spu\u0161t\u011bn\u00fdch aplikac\u00edch, nastaven\u00ed spr\u00e1vy nap\u00e1jen\u00ed, provozn\u00edch podm\u00ednk\u00e1ch a vyu\u017e\u00edvan\u00fdch funkc\u00edch. Maxim\u00e1ln\u00ed kapacita baterie se s \u010dasem a \u010detnost\u00ed pou\u017e\u00edv\u00e1n\u00ed sni\u017euje.<\/p>\n<p><a href=\"#_ftnref4\" name=\"_ftn4\">[4]<\/a> Na z\u00e1klad\u011b specifikace IEEE 802.11ac draft. Po\u010d\u00edta\u010d s\u00a0bezdr\u00e1tov\u00fdm rozhran\u00edm 802.11ac vy\u017eaduje pro optim\u00e1ln\u00ed chod router, kter\u00fd standard 802.11ac podporuje. Skute\u010dn\u00e1 rychlost bude z\u00e1viset na pokryt\u00ed, rychlosti p\u0159ipojen\u00ed, okoln\u00edch podm\u00ednek, na velikosti s\u00edt\u011b a na dal\u0161\u00edch faktorech. A\u017e t\u0159ikr\u00e1t rychlej\u0161\u00ed p\u0159i porovn\u00e1n\u00ed 802.11ac s 802.11n.<\/p>\n","protected":false},"excerpt":{"rendered":"<p>Spole\u010dnost Acer roz\u0161\u00ed\u0159ila sv\u00e9 \u0159ady ultratenk\u00fdch\u00a0notebook\u016f o \u010dty\u0159i modely nov\u00e9 \u0159ady Swift \u00a0Shrnut\u00ed Swift 7 m\u00e1 tlou\u0161\u0165ku pouh\u00fdch 9,98 mm a v\u00e1\u017e\u00ed jen 1,1 kg. Je tak nejten\u010d\u00edm notebookem na sv\u011bt\u011b[1] Modely \u0159ady Swift 5 a Swift 3 se mohou pochlubit prvot\u0159\u00eddn\u00ed v\u00fdbavou, jako je kovov\u00e9 \u0161asi, 7. generace procesor\u016f Intel\u00ae Core\u2122, SSD, porty USB [&hellip;]<\/p>\n","protected":false},"author":7,"featured_media":75710,"comment_status":"closed","ping_status":"closed","sticky":false,"template":"","format":"standard","meta":{"footnotes":""},"categories":[45,11,50,42,43],"tags":[],"class_list":["post-75709","post","type-post","status-publish","format-standard","has-post-thumbnail","hentry","category-nas-tip","category-news","category-radim-vam","category-tech","category-technologie","eq-blocks"],"_links":{"self":[{"href":"https:\/\/www.slovaklinesmagazin.sk\/cms\/wp-json\/wp\/v2\/posts\/75709","targetHints":{"allow":["GET"]}}],"collection":[{"href":"https:\/\/www.slovaklinesmagazin.sk\/cms\/wp-json\/wp\/v2\/posts"}],"about":[{"href":"https:\/\/www.slovaklinesmagazin.sk\/cms\/wp-json\/wp\/v2\/types\/post"}],"author":[{"embeddable":true,"href":"https:\/\/www.slovaklinesmagazin.sk\/cms\/wp-json\/wp\/v2\/users\/7"}],"replies":[{"embeddable":true,"href":"https:\/\/www.slovaklinesmagazin.sk\/cms\/wp-json\/wp\/v2\/comments?post=75709"}],"version-history":[{"count":1,"href":"https:\/\/www.slovaklinesmagazin.sk\/cms\/wp-json\/wp\/v2\/posts\/75709\/revisions"}],"predecessor-version":[{"id":75714,"href":"https:\/\/www.slovaklinesmagazin.sk\/cms\/wp-json\/wp\/v2\/posts\/75709\/revisions\/75714"}],"wp:featuredmedia":[{"embeddable":true,"href":"https:\/\/www.slovaklinesmagazin.sk\/cms\/wp-json\/wp\/v2\/media\/75710"}],"wp:attachment":[{"href":"https:\/\/www.slovaklinesmagazin.sk\/cms\/wp-json\/wp\/v2\/media?parent=75709"}],"wp:term":[{"taxonomy":"category","embeddable":true,"href":"https:\/\/www.slovaklinesmagazin.sk\/cms\/wp-json\/wp\/v2\/categories?post=75709"},{"taxonomy":"post_tag","embeddable":true,"href":"https:\/\/www.slovaklinesmagazin.sk\/cms\/wp-json\/wp\/v2\/tags?post=75709"}],"curies":[{"name":"wp","href":"https:\/\/api.w.org\/{rel}","templated":true}]}}