{"id":75737,"date":"2016-09-30T22:01:49","date_gmt":"2016-09-30T20:01:49","guid":{"rendered":"http:\/\/slovaklinesmagazin.sk\/cms\/?p=75737"},"modified":"2016-09-30T22:01:49","modified_gmt":"2016-09-30T20:01:49","slug":"schody-v-style-mandaly","status":"publish","type":"post","link":"https:\/\/www.slovaklinesmagazin.sk\/cms\/2016\/09\/schody-v-style-mandaly\/","title":{"rendered":"Schody v \u0161t\u00fdle mandaly"},"content":{"rendered":"<p><span style=\"font-size: medium;\"><span style=\"color: #000000;\">Zve\u013ea\u010fujete svoj byt? Ak m\u00e1te pocit, \u017ee v\u00e1\u0161mu interi\u00e9ru ch\u00fdbaj\u00fa farby , nechajte sa in\u0161pirova\u0165 t\u00fdmito schodmi. Vytvorila ich majite\u013eka domu \u00a0<\/span><\/span><span style=\"color: #000000; font-size: medium;\">Lynn Hetherington Becker ov\u00e1, ktor\u00fa nebavil poh\u013ead na siv\u00e9 schody v\u00a0jej novom bydlisku. <\/span><span style=\"color: #000000; font-size: medium;\">\u00a0<\/span><span style=\"color: #000000; font-size: medium;\">S\u00fa zdoben\u00e9 obr\u00e1zkami mandaly a\u00a0v\u0161etky s\u00fa origin\u00e1lne. Okrem origin\u00e1lneho vzh\u013eadu manadala p\u00f4sob\u00ed relaxa\u010dne a\u00a0uvo\u013e\u0148uj\u00faco na \u013eudsk\u00fa myse\u013e.<\/span><\/p>\n<p><img decoding=\"async\" class=\"aligncenter\" src=\"http:\/\/slovaklinesmagazin.sk\/cms\/wp-content\/uploads\/2016\/09\/1-14.jpg\" alt=\"1\" \/> <img decoding=\"async\" class=\"aligncenter\" src=\"http:\/\/slovaklinesmagazin.sk\/cms\/wp-content\/uploads\/2016\/09\/2-7-860x1024.jpg\" alt=\"2\" \/> <img decoding=\"async\" class=\"aligncenter\" src=\"http:\/\/slovaklinesmagazin.sk\/cms\/wp-content\/uploads\/2016\/09\/3-8-819x1024.jpg\" alt=\"3\" \/> <img decoding=\"async\" class=\"aligncenter\" src=\"http:\/\/slovaklinesmagazin.sk\/cms\/wp-content\/uploads\/2016\/09\/4-8.jpg\" alt=\"4\" \/><\/p>\n","protected":false},"excerpt":{"rendered":"<p>Zve\u013ea\u010fujete svoj byt? Ak m\u00e1te pocit, \u017ee v\u00e1\u0161mu interi\u00e9ru ch\u00fdbaj\u00fa farby , nechajte sa in\u0161pirova\u0165 t\u00fdmito schodmi. Vytvorila ich majite\u013eka domu \u00a0Lynn Hetherington Becker ov\u00e1, ktor\u00fa nebavil poh\u013ead na siv\u00e9 schody v\u00a0jej novom bydlisku. \u00a0S\u00fa zdoben\u00e9 obr\u00e1zkami mandaly a\u00a0v\u0161etky s\u00fa origin\u00e1lne. Okrem origin\u00e1lneho vzh\u013eadu manadala p\u00f4sob\u00ed relaxa\u010dne a\u00a0uvo\u013e\u0148uj\u00faco na \u013eudsk\u00fa myse\u013e.<\/p>\n","protected":false},"author":7,"featured_media":75742,"comment_status":"closed","ping_status":"closed","sticky":false,"template":"","format":"standard","meta":{"footnotes":""},"categories":[9],"tags":[],"class_list":["post-75737","post","type-post","status-publish","format-standard","has-post-thumbnail","hentry","category-lifestyle","eq-blocks"],"_links":{"self":[{"href":"https:\/\/www.slovaklinesmagazin.sk\/cms\/wp-json\/wp\/v2\/posts\/75737","targetHints":{"allow":["GET"]}}],"collection":[{"href":"https:\/\/www.slovaklinesmagazin.sk\/cms\/wp-json\/wp\/v2\/posts"}],"about":[{"href":"https:\/\/www.slovaklinesmagazin.sk\/cms\/wp-json\/wp\/v2\/types\/post"}],"author":[{"embeddable":true,"href":"https:\/\/www.slovaklinesmagazin.sk\/cms\/wp-json\/wp\/v2\/users\/7"}],"replies":[{"embeddable":true,"href":"https:\/\/www.slovaklinesmagazin.sk\/cms\/wp-json\/wp\/v2\/comments?post=75737"}],"version-history":[{"count":1,"href":"https:\/\/www.slovaklinesmagazin.sk\/cms\/wp-json\/wp\/v2\/posts\/75737\/revisions"}],"predecessor-version":[{"id":75743,"href":"https:\/\/www.slovaklinesmagazin.sk\/cms\/wp-json\/wp\/v2\/posts\/75737\/revisions\/75743"}],"wp:featuredmedia":[{"embeddable":true,"href":"https:\/\/www.slovaklinesmagazin.sk\/cms\/wp-json\/wp\/v2\/media\/75742"}],"wp:attachment":[{"href":"https:\/\/www.slovaklinesmagazin.sk\/cms\/wp-json\/wp\/v2\/media?parent=75737"}],"wp:term":[{"taxonomy":"category","embeddable":true,"href":"https:\/\/www.slovaklinesmagazin.sk\/cms\/wp-json\/wp\/v2\/categories?post=75737"},{"taxonomy":"post_tag","embeddable":true,"href":"https:\/\/www.slovaklinesmagazin.sk\/cms\/wp-json\/wp\/v2\/tags?post=75737"}],"curies":[{"name":"wp","href":"https:\/\/api.w.org\/{rel}","templated":true}]}}