{"id":75852,"date":"2016-10-12T11:30:46","date_gmt":"2016-10-12T09:30:46","guid":{"rendered":"http:\/\/slovaklinesmagazin.sk\/cms\/?p=75852"},"modified":"2016-10-12T11:30:46","modified_gmt":"2016-10-12T09:30:46","slug":"nazory-cestujucich-pomozu-skvalitnit-dopravu-v-bratislave","status":"publish","type":"post","link":"https:\/\/www.slovaklinesmagazin.sk\/cms\/2016\/10\/nazory-cestujucich-pomozu-skvalitnit-dopravu-v-bratislave\/","title":{"rendered":"N\u00e1zory cestuj\u00facich pom\u00f4\u017eu skvalitni\u0165 dopravu v Bratislave"},"content":{"rendered":"<pre><span style=\"font-family: Calibri;\"><span style=\"font-size: medium;\">Ministerstvo dopravy, v\u00fdstavby a region\u00e1lneho rozvoja SR\u00a0 <\/span><span style=\"font-size: medium;\">v spolupr\u00e1ci so \u017deleznicami Slovenskej republiky bude v priebehu okt\u00f3bra koordinova\u0165 dopravn\u00fd prieskum doch\u00e1dzky z bl\u00edzkeho okolia do Bratislavy. Jeho v\u00fdsledky bud\u00fa vyu\u017eit\u00e9 na skvalitnenie dopravnej ponuky v regi\u00f3ne. Anket\u00e1ri postupne oslovia cestuj\u00facich, ktor\u00ed prich\u00e1dzaj\u00fa do Bratislavy vlakom, autobusom alebo osobn\u00fdmi automobilmi. S\u00fa\u010das\u0165ou prieskumu bud\u00fa kr\u00e1tke osobn\u00e9 rozhovory zameran\u00e9 na dopravn\u00e9 potreby, zvyklosti a mo\u017enosti obyvate\u013eov regi\u00f3nu.<\/span><span style=\"font-size: medium;\">\u00a0 <\/span><\/span>\r\n\r\n<span style=\"font-size: medium;\"><span style=\"font-family: Calibri;\">Dopravn\u00fd prieskum bude s\u00fa\u010das\u0165ou pripravovanej \u0160t\u00fadie uskuto\u010dnite\u013enosti \u017eelezni\u010dn\u00e9ho uzla Bratislava, ktor\u00e1 bude financovan\u00e1 z Opera\u010dn\u00e9ho programu Integrovan\u00e1 infra\u0161trukt\u00fara. \u0160t\u00fadia m\u00e1 preuk\u00e1za\u0165 potenci\u00e1l a efektivitu pl\u00e1novan\u00fdch eurofondov\u00fdch invest\u00edci\u00ed v oblasti \u017eeleznice v Bratislave a po\u017eaduje ju Eur\u00f3pska komisia.\u00a0 <\/span><\/span>\r\n\r\n<span style=\"font-family: Calibri; font-size: medium;\">V d\u0148och 11. \u2013 19. okt\u00f3bra m\u00f4\u017eu cestuj\u00faci r\u00e1no \u010di popoludn\u00ed stretn\u00fa\u0165 anket\u00e1rov vo vlakoch a na autobusov\u00fdch zast\u00e1vkach v okol\u00ed Bratislavy alebo na dia\u013eniciach a cest\u00e1ch pri vjazde do mesta \u010di v\u00fdjazde z neho, kde bud\u00fa policajn\u00fdmi hliadkami zastavovan\u00ed n\u00e1hodn\u00ed vodi\u010di osobn\u00fdch vozidiel, aby zodpovedali kr\u00e1tky 5-min\u00fatov\u00fd dotazn\u00edk.<\/span>\r\n\r\nZdroj: MDVRR SR<\/pre>\n","protected":false},"excerpt":{"rendered":"<p>Ministerstvo dopravy, v\u00fdstavby a region\u00e1lneho rozvoja SR\u00a0 v spolupr\u00e1ci so \u017deleznicami Slovenskej republiky bude v priebehu okt\u00f3bra koordinova\u0165 dopravn\u00fd prieskum doch\u00e1dzky z bl\u00edzkeho okolia do Bratislavy. Jeho v\u00fdsledky bud\u00fa vyu\u017eit\u00e9 na skvalitnenie dopravnej ponuky v regi\u00f3ne. Anket\u00e1ri postupne oslovia cestuj\u00facich, ktor\u00ed prich\u00e1dzaj\u00fa do Bratislavy vlakom, autobusom alebo osobn\u00fdmi automobilmi. S\u00fa\u010das\u0165ou prieskumu bud\u00fa kr\u00e1tke osobn\u00e9 rozhovory [&hellip;]<\/p>\n","protected":false},"author":7,"featured_media":0,"comment_status":"closed","ping_status":"closed","sticky":false,"template":"","format":"standard","meta":{"footnotes":""},"categories":[1],"tags":[],"class_list":["post-75852","post","type-post","status-publish","format-standard","hentry","category-nezaradene","eq-blocks"],"_links":{"self":[{"href":"https:\/\/www.slovaklinesmagazin.sk\/cms\/wp-json\/wp\/v2\/posts\/75852","targetHints":{"allow":["GET"]}}],"collection":[{"href":"https:\/\/www.slovaklinesmagazin.sk\/cms\/wp-json\/wp\/v2\/posts"}],"about":[{"href":"https:\/\/www.slovaklinesmagazin.sk\/cms\/wp-json\/wp\/v2\/types\/post"}],"author":[{"embeddable":true,"href":"https:\/\/www.slovaklinesmagazin.sk\/cms\/wp-json\/wp\/v2\/users\/7"}],"replies":[{"embeddable":true,"href":"https:\/\/www.slovaklinesmagazin.sk\/cms\/wp-json\/wp\/v2\/comments?post=75852"}],"version-history":[{"count":1,"href":"https:\/\/www.slovaklinesmagazin.sk\/cms\/wp-json\/wp\/v2\/posts\/75852\/revisions"}],"predecessor-version":[{"id":75853,"href":"https:\/\/www.slovaklinesmagazin.sk\/cms\/wp-json\/wp\/v2\/posts\/75852\/revisions\/75853"}],"wp:attachment":[{"href":"https:\/\/www.slovaklinesmagazin.sk\/cms\/wp-json\/wp\/v2\/media?parent=75852"}],"wp:term":[{"taxonomy":"category","embeddable":true,"href":"https:\/\/www.slovaklinesmagazin.sk\/cms\/wp-json\/wp\/v2\/categories?post=75852"},{"taxonomy":"post_tag","embeddable":true,"href":"https:\/\/www.slovaklinesmagazin.sk\/cms\/wp-json\/wp\/v2\/tags?post=75852"}],"curies":[{"name":"wp","href":"https:\/\/api.w.org\/{rel}","templated":true}]}}