{"id":75983,"date":"2016-10-26T08:23:30","date_gmt":"2016-10-26T06:23:30","guid":{"rendered":"http:\/\/slovaklinesmagazin.sk\/cms\/?p=75983"},"modified":"2016-10-26T08:24:38","modified_gmt":"2016-10-26T06:24:38","slug":"ministerstvo-dopravy-vyzvalo-regiojet-na-dodrziavanie-zmluvnych-podmienok-prepravy","status":"publish","type":"post","link":"https:\/\/www.slovaklinesmagazin.sk\/cms\/2016\/10\/ministerstvo-dopravy-vyzvalo-regiojet-na-dodrziavanie-zmluvnych-podmienok-prepravy\/","title":{"rendered":"Ministerstvo dopravy vyzvalo RegioJet na dodr\u017eiavanie zmluvn\u00fdch podmienok prepravy"},"content":{"rendered":"<p><strong>Poru\u0161ovanie zmluvn\u00fdch podmienok prepravy a\u00a0nedodr\u017eiavanie kapacity. To s\u00fa v\u00fdsledky kontroly ministerstva dopravy u\u00a0s\u00fakromn\u00e9ho \u017eelezni\u010dn\u00e9ho dopravcu, spolo\u010dnosti RegioJet. <\/strong><\/p>\n<p>&nbsp;<\/p>\n<p><strong>Z\u00e1stupcovia ministerstva tak urobili na z\u00e1klade viacer\u00fdch s\u0165a\u017enost\u00ed cestuj\u00facich, \u017ee vlaky na trase Bratislava \u2013 Kom\u00e1rno kapacitne neposta\u010duj\u00fa a\u00a0\u017eiadaj\u00fa nav\u00fd\u0161enie s\u00faprav.<\/strong><\/p>\n<p>Ministerstvo dopravy u\u017e za\u010diatkom roka 2015 zv\u00fd\u0161ilo kapacitu RegioJetu o\u00a0dve jazdn\u00e9 s\u00fapravy. V\u00a0d\u00f4sledku nehodov\u00fdch udalost\u00ed s\u00fa v\u00a0s\u00fa\u010dasnosti dve s\u00fapravy dlhodobo nepojazdn\u00e9. Premietlo sa to aj do nedostato\u010dnej kapacity najm\u00e4 po\u010das rannej \u0161pi\u010dky. Pravideln\u00e9 kontroly radenia s\u00faprav z\u00e1rove\u0148 zistili, \u017ee za mesiac september viac ako \u0161tvrtina sledovan\u00fdch vlakov nebola raden\u00e1 s\u00a0dvomi, ale len jednou s\u00fapravou. Pod\u013ea ministerstva ide o\u00a0poru\u0161enie zmluvn\u00fdch podmienok na strane s\u00fakromn\u00e9ho dopravcu.<\/p>\n<p><em>\u201eMinisterstvo dopravy pridalo s\u00fapravy na trati Bratislava \u2013 Kom\u00e1rno, aby sme posilnili kapacitu v\u00a0dopravn\u00fdch \u0161pi\u010dk\u00e1ch. Ide o\u00a0d\u00f4le\u017eit\u00e9 \u017eelezni\u010dn\u00e9 spojenie s\u00a0juhom Slovenska, o\u00a0ktor\u00e9 maj\u00fa cestuj\u00faci ve\u013ek\u00fd z\u00e1ujem. Z\u00e1rove\u0148 plne uhr\u00e1dzame n\u00e1klady na prev\u00e1dzku a\u00a0\u00fadr\u017ebu celkovo 12-tich vlakov\u00fdch s\u00faprav spolo\u010dnosti RegioJet. Zni\u017eovanie kapacity je poru\u0161enie zmluvy a\u00a0z\u00e1rove\u0148 sa to premieta aj do nespokojnosti cestuj\u00facich\u201c, <\/em>uviedol minister dopravy, v\u00fdstavby a\u00a0region\u00e1lneho rozvoja SR Arp\u00e1d \u00c9rsek.<\/p>\n<p>Nasadenie dostato\u010dnej kapacity vlakov, tak ako ich objednalo ministerstvo, je v\u00a0kompetencii spolo\u010dnosti RegioJet. Ministerstvo dopravy preto \u017eiada ur\u00fdchlen\u00e9 rie\u0161enie situ\u00e1cie. V\u00a0opa\u010dnom pr\u00edpade prist\u00fapi k\u00a0sankci\u00e1m. Ministerstvo dopravy z\u00e1rove\u0148 vy\u0161lo v\u00a0\u00fastrety s\u00fakromn\u00e9mu dopravcovi. Na z\u00e1klade po\u017eiadavky RegioJetu mu umo\u017en\u00ed prev\u00e1dzkova\u0165 jeden p\u00e1r komer\u010dn\u00fdch medzi\u0161t\u00e1tnych vlakov na trati Bratislava \u2013 Praha a\u00a0sp\u00e4\u0165, pri\u010dom d\u00f4jde k\u00a0\u00faprave cestovn\u00e9ho poriadku vn\u00fatro\u0161t\u00e1tnych vlakov s\u00a0cie\u013eom zachova\u0165 bezpe\u010dnos\u0165 cestuj\u00facich.<\/p>\n","protected":false},"excerpt":{"rendered":"<p>Poru\u0161ovanie zmluvn\u00fdch podmienok prepravy a\u00a0nedodr\u017eiavanie kapacity. To s\u00fa v\u00fdsledky kontroly ministerstva dopravy u\u00a0s\u00fakromn\u00e9ho \u017eelezni\u010dn\u00e9ho dopravcu, spolo\u010dnosti RegioJet. &nbsp; Z\u00e1stupcovia ministerstva tak urobili na z\u00e1klade viacer\u00fdch s\u0165a\u017enost\u00ed cestuj\u00facich, \u017ee vlaky na trase Bratislava \u2013 Kom\u00e1rno kapacitne neposta\u010duj\u00fa a\u00a0\u017eiadaj\u00fa nav\u00fd\u0161enie s\u00faprav. Ministerstvo dopravy u\u017e za\u010diatkom roka 2015 zv\u00fd\u0161ilo kapacitu RegioJetu o\u00a0dve jazdn\u00e9 s\u00fapravy. V\u00a0d\u00f4sledku nehodov\u00fdch udalost\u00ed s\u00fa [&hellip;]<\/p>\n","protected":false},"author":7,"featured_media":0,"comment_status":"closed","ping_status":"closed","sticky":false,"template":"","format":"standard","meta":{"footnotes":""},"categories":[4,3,13,11],"tags":[],"class_list":["post-75983","post","type-post","status-publish","format-standard","hentry","category-automobily","category-bussiness","category-real-estate","category-news","eq-blocks"],"_links":{"self":[{"href":"https:\/\/www.slovaklinesmagazin.sk\/cms\/wp-json\/wp\/v2\/posts\/75983","targetHints":{"allow":["GET"]}}],"collection":[{"href":"https:\/\/www.slovaklinesmagazin.sk\/cms\/wp-json\/wp\/v2\/posts"}],"about":[{"href":"https:\/\/www.slovaklinesmagazin.sk\/cms\/wp-json\/wp\/v2\/types\/post"}],"author":[{"embeddable":true,"href":"https:\/\/www.slovaklinesmagazin.sk\/cms\/wp-json\/wp\/v2\/users\/7"}],"replies":[{"embeddable":true,"href":"https:\/\/www.slovaklinesmagazin.sk\/cms\/wp-json\/wp\/v2\/comments?post=75983"}],"version-history":[{"count":1,"href":"https:\/\/www.slovaklinesmagazin.sk\/cms\/wp-json\/wp\/v2\/posts\/75983\/revisions"}],"predecessor-version":[{"id":75984,"href":"https:\/\/www.slovaklinesmagazin.sk\/cms\/wp-json\/wp\/v2\/posts\/75983\/revisions\/75984"}],"wp:attachment":[{"href":"https:\/\/www.slovaklinesmagazin.sk\/cms\/wp-json\/wp\/v2\/media?parent=75983"}],"wp:term":[{"taxonomy":"category","embeddable":true,"href":"https:\/\/www.slovaklinesmagazin.sk\/cms\/wp-json\/wp\/v2\/categories?post=75983"},{"taxonomy":"post_tag","embeddable":true,"href":"https:\/\/www.slovaklinesmagazin.sk\/cms\/wp-json\/wp\/v2\/tags?post=75983"}],"curies":[{"name":"wp","href":"https:\/\/api.w.org\/{rel}","templated":true}]}}