{"id":76012,"date":"2016-11-05T13:30:24","date_gmt":"2016-11-05T11:30:24","guid":{"rendered":"http:\/\/slovaklinesmagazin.sk\/cms\/?p=76012"},"modified":"2016-11-05T13:30:24","modified_gmt":"2016-11-05T11:30:24","slug":"potvrdene-slovensko-cez-leto-navstivil-rekordny-pocet-turistov","status":"publish","type":"post","link":"https:\/\/www.slovaklinesmagazin.sk\/cms\/2016\/11\/potvrdene-slovensko-cez-leto-navstivil-rekordny-pocet-turistov\/","title":{"rendered":"Potvrden\u00e9! Slovensko cez leto nav\u0161t\u00edvil rekordn\u00fd po\u010det turistov"},"content":{"rendered":"<p><span style=\"font-weight: 400;\">Doteraj\u0161ie progn\u00f3zy o \u00faspe\u0161nom lete u\u017e ofici\u00e1lne potvrdili aj \u010d\u00edsla \u0160tatistick\u00e9ho \u00faradu SR. Tohtoro\u010dn\u00fa letn\u00fa dovolenku si na Slovensku doprialo historicky najviac turistov. <\/span><\/p>\n<p><span style=\"font-weight: 400;\">\u0160tatistiky uk\u00e1zali, \u017ee po\u010das j\u00fana a\u017e augusta nav\u0161t\u00edvilo Slovensko 1 618 633 dovolenk\u00e1rov, \u010do predstavuje n\u00e1rast oproti minul\u00e9mu roku o 15,8 %. Hostia u n\u00e1s str\u00e1vili viac ako 5 mili\u00f3nov prenocovan\u00ed (+15,6 %) a ich pobyt trval priemerne 3,1 noci.\u00a0 <\/span><\/p>\n<p><span style=\"font-weight: 400;\">Dom\u00e1cich n\u00e1v\u0161tevn\u00edkov medziro\u010dne pribudlo 15 %.\u00a0 Z regi\u00f3nov Slov\u00e1ci najviac nav\u0161tevovali \u017dilinsk\u00fd kraj (22,2 %), potom Pre\u0161ovsk\u00fd (18,5 %) a Bratislavsk\u00fd kraj (16,2 %). V priemere najdlh\u0161ie sa zdr\u017eali v Tren\u010dianskom kraji (4,4 noci) a najv\u00e4\u010d\u0161ie tempo rastu zaznamenal z krajov Ko\u0161ick\u00fd kraj (36%). Po\u010det zahrani\u010dn\u00fdch host\u00ed r\u00e1stol o nie\u010do dynamickej\u0161ie. Medziro\u010dne sa ich po\u010det zv\u00fd\u0161il o 16,7%. Na rozdiel od dom\u00e1cich n\u00e1v\u0161tevn\u00edkov mierili najm\u00e4 do Bratislavsk\u00e9ho kraja (39,6%). \u010ealeko za n\u00edm skon\u010dil \u017dilinsk\u00fd (17,1%) a Pre\u0161ovsk\u00fd kraj (16,3%). Do bud\u00facnosti z toho vypl\u00fdva potreba v\u00e4\u010d\u0161ej diverzifik\u00e1cie. V priemere najdlh\u0161\u00ed pobyt str\u00e1vili v Trnavskom kraji (4,5 noci) a najvy\u0161\u0161ie tempo rastu n\u00e1v\u0161tevnosti zaznamenal rovnako ako u dom\u00e1cich n\u00e1v\u0161tevn\u00edkov Ko\u0161ick\u00fd kraj (60%). <\/span><\/p>\n<p><span style=\"font-weight: 400;\">Tradi\u010dne najviac turistov k n\u00e1m v lete pri\u0161lo z \u010ceskej republiky (35%), nasledovalo Po\u013esko, Nemecko, Ma\u010farsko, Rak\u00fasko a Spojen\u00e9 kr\u00e1\u013eovstvo. Z h\u013eadiska percentu\u00e1lnych n\u00e1rastov mo\u017eno bada\u0165 v\u00fdraznej\u0161\u00ed rast kraj\u00edn z\u00e1padnej a ju\u017enej Eur\u00f3py ako na\u0161ich susedn\u00fdch kraj\u00edn. Za skokana roka m\u00f4\u017eeme ozna\u010di\u0165 Izrael, ktor\u00fd sa po prv\u00fd raz dostal do top 10 kraj\u00edn pod\u013ea po\u010dtu n\u00e1v\u0161tevn\u00edkov. <\/span><i><span style=\"font-weight: 400;\">\u201eRast n\u00e1v\u0161tevnosti sme zaznamenali z v\u00e4\u010d\u0161iny relevantn\u00fdch trhov, na ktor\u00e9 sa v r\u00e1mci propag\u00e1cie Slovenska s\u00fastred\u00edme. Je to z\u00e1sluhou viacer\u00fdch faktorov, medzi ktor\u00e9 patr\u00ed atrakt\u00edvna ponuka subjektov cestovn\u00e9ho ruchu, nov\u00e9 leteck\u00e9 spojenia, aktu\u00e1lna geopolitick\u00e1 situ\u00e1cia, ako aj propaga\u010dn\u00e9 aktivity SACR,\u201c<\/span><\/i><span style=\"font-weight: 400;\"> zhodnotil\u00a0 gener\u00e1lny riadite\u013e SACR Mari\u00e1n Bujna. <\/span><\/p>\n<p><span style=\"font-weight: 400;\">Celkovo sme na Slovensku od za\u010diatku roka do konca augusta priv\u00edtali u\u017e 3,4 mili\u00f3na n\u00e1v\u0161tevn\u00edkov, \u010do predstavuje n\u00e1rast o 18,4%. <\/span><i><span style=\"font-weight: 400;\">\u201eK tomu, aby sme tempo rastu udr\u017eali, mus\u00edme \u00faspe\u0161ne zvl\u00e1dnu\u0165 zimn\u00fa sez\u00f3nu. Pr\u00edpravy vrcholia nielen v ly\u017eiarskych stredisk\u00e1ch, ale aj v oblasti zimnej kampane v r\u00e9\u017eii SACR, \u201c<\/span><\/i><span style=\"font-weight: 400;\"> doplnil Bujna. <\/span><\/p>\n<table>\n<tbody>\n<tr>\n<td colspan=\"3\"><b>TOP 10 KRAJ\u00cdN POD\u013dA PO\u010cTU N\u00c1V\u0160TEVN\u00cdKOV za j\u00fan a\u017e august 2016\/2015<\/b><\/td>\n<\/tr>\n<tr>\n<td><b>Krajina<\/b><\/td>\n<td><b>Po\u010det n\u00e1v\u0161tevn\u00edkov<\/b><\/td>\n<td><b>Medziro\u010dn\u00fd n\u00e1rast (%)<\/b><\/td>\n<\/tr>\n<tr>\n<td><span style=\"font-weight: 400;\">\u010cesk\u00e1 republika<\/span><\/td>\n<td><span style=\"font-weight: 400;\">245 944<\/span><\/td>\n<td><span style=\"font-weight: 400;\">+ 29,1 %<\/span><\/td>\n<\/tr>\n<tr>\n<td><span style=\"font-weight: 400;\">Po\u013esko<\/span><\/td>\n<td><span style=\"font-weight: 400;\">63 933<\/span><\/td>\n<td><span style=\"font-weight: 400;\">+ 4,5 %<\/span><\/td>\n<\/tr>\n<tr>\n<td><span style=\"font-weight: 400;\">Nemecko<\/span><\/td>\n<td><span style=\"font-weight: 400;\">55 845<\/span><\/td>\n<td><span style=\"font-weight: 400;\">+ 4,3 %<\/span><\/td>\n<\/tr>\n<tr>\n<td><span style=\"font-weight: 400;\">Ma\u010farsko<\/span><\/td>\n<td><span style=\"font-weight: 400;\">26 386<\/span><\/td>\n<td><span style=\"font-weight: 400;\">+ 27,6 %<\/span><\/td>\n<\/tr>\n<tr>\n<td><span style=\"font-weight: 400;\">Rak\u00fasko<\/span><\/td>\n<td><span style=\"font-weight: 400;\">25 509<\/span><\/td>\n<td><span style=\"font-weight: 400;\">+ 7,5 %<\/span><\/td>\n<\/tr>\n<tr>\n<td><span style=\"font-weight: 400;\">Ve\u013ek\u00e1 Brit\u00e1nia<\/span><\/td>\n<td><span style=\"font-weight: 400;\">24 545<\/span><\/td>\n<td><span style=\"font-weight: 400;\">+15,6%<\/span><\/td>\n<\/tr>\n<tr>\n<td><span style=\"font-weight: 400;\">Taliansko<\/span><\/td>\n<td><span style=\"font-weight: 400;\">22 991<\/span><\/td>\n<td><span style=\"font-weight: 400;\">+21,2%<\/span><\/td>\n<\/tr>\n<tr>\n<td><span style=\"font-weight: 400;\">Izrael<\/span><\/td>\n<td><span style=\"font-weight: 400;\">16 351<\/span><\/td>\n<td><span style=\"font-weight: 400;\">+34,3%<\/span><\/td>\n<\/tr>\n<tr>\n<td><span style=\"font-weight: 400;\">Spojen\u00e9 \u0161t\u00e1ty americk\u00e9<\/span><\/td>\n<td><span style=\"font-weight: 400;\">15 651<\/span><\/td>\n<td><span style=\"font-weight: 400;\">+10,2%<\/span><\/td>\n<\/tr>\n<tr>\n<td><span style=\"font-weight: 400;\">Franc\u00fazsko<\/span><\/td>\n<td><span style=\"font-weight: 400;\">14 550<\/span><\/td>\n<td><span style=\"font-weight: 400;\">+ 5,4 %<\/span><\/td>\n<\/tr>\n<\/tbody>\n<\/table>\n<p><span style=\"font-weight: 400;\"> \u00a0\u00a0\u00a0\u00a0\u00a0\u00a0\u00a0\u00a0\u00a0\u00a0\u00a0\u00a0\u00a0Zdroj: \u0160\u00da SR, SACR<\/span><\/p>\n","protected":false},"excerpt":{"rendered":"<p>Doteraj\u0161ie progn\u00f3zy o \u00faspe\u0161nom lete u\u017e ofici\u00e1lne potvrdili aj \u010d\u00edsla \u0160tatistick\u00e9ho \u00faradu SR. Tohtoro\u010dn\u00fa letn\u00fa dovolenku si na Slovensku doprialo historicky najviac turistov. \u0160tatistiky uk\u00e1zali, \u017ee po\u010das j\u00fana a\u017e augusta nav\u0161t\u00edvilo Slovensko 1 618 633 dovolenk\u00e1rov, \u010do predstavuje n\u00e1rast oproti minul\u00e9mu roku o 15,8 %. Hostia u n\u00e1s str\u00e1vili viac ako 5 mili\u00f3nov prenocovan\u00ed (+15,6 [&hellip;]<\/p>\n","protected":false},"author":7,"featured_media":0,"comment_status":"closed","ping_status":"closed","sticky":false,"template":"","format":"standard","meta":{"footnotes":""},"categories":[13,9],"tags":[],"class_list":["post-76012","post","type-post","status-publish","format-standard","hentry","category-real-estate","category-lifestyle","eq-blocks"],"_links":{"self":[{"href":"https:\/\/www.slovaklinesmagazin.sk\/cms\/wp-json\/wp\/v2\/posts\/76012","targetHints":{"allow":["GET"]}}],"collection":[{"href":"https:\/\/www.slovaklinesmagazin.sk\/cms\/wp-json\/wp\/v2\/posts"}],"about":[{"href":"https:\/\/www.slovaklinesmagazin.sk\/cms\/wp-json\/wp\/v2\/types\/post"}],"author":[{"embeddable":true,"href":"https:\/\/www.slovaklinesmagazin.sk\/cms\/wp-json\/wp\/v2\/users\/7"}],"replies":[{"embeddable":true,"href":"https:\/\/www.slovaklinesmagazin.sk\/cms\/wp-json\/wp\/v2\/comments?post=76012"}],"version-history":[{"count":1,"href":"https:\/\/www.slovaklinesmagazin.sk\/cms\/wp-json\/wp\/v2\/posts\/76012\/revisions"}],"predecessor-version":[{"id":76013,"href":"https:\/\/www.slovaklinesmagazin.sk\/cms\/wp-json\/wp\/v2\/posts\/76012\/revisions\/76013"}],"wp:attachment":[{"href":"https:\/\/www.slovaklinesmagazin.sk\/cms\/wp-json\/wp\/v2\/media?parent=76012"}],"wp:term":[{"taxonomy":"category","embeddable":true,"href":"https:\/\/www.slovaklinesmagazin.sk\/cms\/wp-json\/wp\/v2\/categories?post=76012"},{"taxonomy":"post_tag","embeddable":true,"href":"https:\/\/www.slovaklinesmagazin.sk\/cms\/wp-json\/wp\/v2\/tags?post=76012"}],"curies":[{"name":"wp","href":"https:\/\/api.w.org\/{rel}","templated":true}]}}