{"id":76102,"date":"2016-11-09T15:15:06","date_gmt":"2016-11-09T13:15:06","guid":{"rendered":"http:\/\/slovaklinesmagazin.sk\/cms\/?p=76102"},"modified":"2016-11-10T13:05:52","modified_gmt":"2016-11-10T11:05:52","slug":"peter-holly-cenim-si-kazdu-radu-ci-od-sedliaka-na-poli-alebo-experta-na-prezitie-v-divocine","status":"publish","type":"post","link":"https:\/\/www.slovaklinesmagazin.sk\/cms\/2016\/11\/peter-holly-cenim-si-kazdu-radu-ci-od-sedliaka-na-poli-alebo-experta-na-prezitie-v-divocine\/","title":{"rendered":"PETER HOLL\u00dd:  Cen\u00edm si ka\u017ed\u00fa radu, \u010di od sedliaka na poli, alebo experta na pre\u017eitie v divo\u010dine.&#8220;"},"content":{"rendered":"<p>M\u00e1 pr\u00e1cu snov, preto\u017ee sp\u00e1ja akt\u00edvny \u017eivotn\u00fd \u0161t\u00fdl s pr\u00edrodou. Slov\u00e1ci ho za\u010dali spozn\u00e1va\u0165 v\u010faka tomu, \u017ee v roku 2014 so zna\u010dkou Fj\u00e4llr\u00e4ven absolvoval pol\u00e1rnu exped\u00edciu v\u00a0extr\u00e9mnych podmienkach. Dnes je ambas\u00e1dorom tejto zna\u010dky a zdie\u013ea jej hodnoty a z\u00e1ujmy, ktor\u00e9 sa daj\u00fa zhrn\u00fa\u0165 do sloganu: \u201eNa\u0161\u00edm cie\u013eom je zdrav\u0161\u00ed outdoorov\u00fd \u017eivot, a to teraz aj pre bud\u00face gener\u00e1cie.\u201c V t\u00fdchto t\u00fd\u017ed\u0148och prebieha hlasovanie na Fj\u00e4llr\u00e4ven Polar 2017, na ktorom sa m\u00f4\u017ee z\u00fa\u010dastni\u0165 ktoko\u013evek, ale post\u00fapia len dvaja Slov\u00e1ci. Petra sme sa preto p\u00fdtali, ak\u00e9 to bolo po\u010das jeho exped\u00edcie a \u010do si z nej odniesol.<\/p>\n<p style=\"text-align: center;\"><img decoding=\"async\" class=\"aligncenter\" src=\"http:\/\/slovaklinesmagazin.sk\/cms\/wp-content\/uploads\/2016\/11\/H8B1793maly.jpg\" alt=\"Fj\u00e4llr\u00e4ven Polar 2017 In Drive magaz\u00edn Slovak Lines\" \/><\/p>\n<p><strong>Tvrd\u00edte, \u017ee \u017eivot sa za\u010d\u00edna, a\u017e ke\u010f vyst\u00fapime zo svojej komfortnej z\u00f3ny. Zd\u00e1 sa v\u0161ak, \u017ee v\u00e1m tieto n\u00e1ro\u010dn\u00e9 cesty celkom vyhovuj\u00fa \u2013 \u010do je teda VA\u0160A komfortn\u00e1 z\u00f3na a kde s\u00fa jej hranice?<\/strong><\/p>\n<p>\u00c1no, ke\u010f\u017ee v r\u00e1mci komfortnej z\u00f3ny \u010dlovek len pre\u017e\u00edva, \u017eije svoj zau\u017e\u00edvan\u00fd stereotyp. Av\u0161ak niekomu m\u00f4\u017ee aj tak\u00fdto \u0161t\u00fdl \u017eivota vyhovova\u0165. Je to hlavne o tom, \u017ee mimo svojej komfortnej z\u00f3ny \u010dastokr\u00e1t \u010del\u00edm veciam, s ktor\u00fdmi nem\u00e1m sk\u00fasenos\u0165, ale v danej situ\u00e1cii sa s nimi mus\u00edm popasova\u0165, aby bolo mo\u017en\u00e9 urobi\u0165 krok vpred. S\u00fa to v\u00fdzvy, ktor\u00e9 \u010dloveka nau\u010dia ve\u013ea nov\u00fdch vec\u00ed. Svoju komfortn\u00fa z\u00f3nu neviem presne definova\u0165, ja sa c\u00edtim dobre v\u00e4\u010d\u0161inou v\u0161ade, kam sa vyberiem. Jedna z vec\u00ed, ktor\u00e1 ju vedela naru\u0161i\u0165, bola napr\u00edklad otrava vodou v Rakaposhi Base Campe v Pakistane. S hor\u00fa\u010dkami je \u0165a\u017ek\u00e9 si u\u017e\u00edva\u0165 v\u00fdh\u013eady&#8230;<\/p>\n<p style=\"text-align: center;\"><img decoding=\"async\" class=\"aligncenter\" src=\"http:\/\/slovaklinesmagazin.sk\/cms\/wp-content\/uploads\/2016\/11\/H8B2285maly.jpg\" alt=\"Fj\u00e4llr\u00e4ven Polar 2017 In Drive magaz\u00edn Slovak Lines\" \/><\/p>\n<p><strong>Na jednom z va\u0161ich vide\u00ed je zaznamen\u00e1 situ\u00e1cia, ke\u010f na v\u00e1s (mysl\u00edm, \u017ee na v\u00e1s) dopadol ve\u013ek\u00fd kus snehu. Dej\u00fa sa podobn\u00e9 nebezpe\u010dn\u00e9 situ\u00e1cie \u010dasto? A d\u00e1 sa ich predv\u00edda\u0165 a obch\u00e1dza\u0165?<\/strong><\/p>\n<p>Ke\u010f sa \u010dlovek t\u00fala po hor\u00e1ch, v\u017edy tam je riziko, \u017ee sa m\u00f4\u017ee nie\u010do sta\u0165, bez oh\u013eadu na to, ako sa sna\u017e\u00edte minimalizova\u0165 v\u0161etky nebezpe\u010denstv\u00e1. To je skr\u00e1tka pr\u00edroda, na ktor\u00fa sme my \u013eudia prikr\u00e1tki. Sna\u017e\u00edm sa tak\u00e9to situ\u00e1cie minimalizova\u0165, ale \u00faplne sa im vyhn\u00fa\u0165 ned\u00e1. N\u00e1strahy v\u00e1s sprev\u00e1dzaj\u00fa cel\u00fdm \u017eivotom bez oh\u013eadu na prostredie, v ktorom sa pohybujete. Treba si jednoducho d\u00e1va\u0165 pozor a by\u0165 pripraven\u00fd na v\u0161etko.<\/p>\n<p><strong>Pod\u013ea mnoh\u00fdch \u013eud\u00ed \u2013 a ja medzi nich patr\u00edm tie\u017e \u2013 m\u00e1te pr\u00e1cu snov. Doslovne aj prakticky. Ako sa \u010dlovek dostane k tomu, \u017ee sa exped\u00edcie a cesty stan\u00fa jeho pr\u00e1cou? Pr\u00edpadne sa \u017eiv\u00edte aj \u201eklasickou\u201c pr\u00e1cou?<\/strong><\/p>\n<p>\u017div\u00edm sa vzdel\u00e1van\u00edm \u013eud\u00ed a\u00a0poradenstvom v oblasti BOZP, pracujem v rodinnej firme. Fotografovanie a \u201eFj\u00e4llr\u00e4ven\u201c s\u00fa a\u017e druh\u00e9 zamestnanie, ktor\u00e9 vyp\u013a\u0148a m\u00f4j vo\u013en\u00fd \u010das a\u00a0je \u00fazko sp\u00e4t\u00e9 s moj\u00edm \u017eivotn\u00fdm \u0161t\u00fdlom. Po tom, ako som absolvoval expediciu Fj\u00e4llr\u00e4ven Polar v roku 2014, sme zistili, \u017ee idea zna\u010dky a\u00a0sp\u00f4sob m\u00f4jho \u017eitia s\u00fa identick\u00e9, dohodli sme sa teda na spolupr\u00e1ci.<\/p>\n<p style=\"text-align: center;\"><img decoding=\"async\" class=\"aligncenter\" src=\"http:\/\/slovaklinesmagazin.sk\/cms\/wp-content\/uploads\/2016\/11\/H8B3611maly.jpg\" alt=\"Fj\u00e4llr\u00e4ven Polar 2017 In Drive magaz\u00edn Slovak Lines\" \/><\/p>\n<p><strong>Nav\u0161tevujete \u00fa\u017easn\u00e9 miesta sveta, v\u00a0porovnan\u00ed s nimi vyzer\u00e1 na\u0161a slovensk\u00e1 pr\u00edroda tak trocha mal\u00e1. Ako to vid\u00edte vy, m\u00e1te r\u00e1d Slovensko, \u010do sa t\u00fdka jeho pr\u00edrody a mo\u017enost\u00ed, ktor\u00e9 pon\u00faka pre turizmus, akt\u00edvny \u017eivot?<\/strong><\/p>\n<p>Cestovanie je t\u00e1 naj\u00fa\u017easnej\u0161ia vec, ktor\u00fa \u010dlovek m\u00f4\u017ee robi\u0165. Matka Zem n\u00e1m pon\u00faka toho ve\u013ea, r\u00f4znorod\u00fa pr\u00edrodu, r\u00f4zne kult\u00fary, in\u00e9 zvyky. Toto je to, \u010do ma fascinuje: spozn\u00e1vanie nov\u00e9ho, obohacuje ma to na duchu, d\u00e1va to bytiu in\u00fd rozmer. Slovensko milujem a v\u017edy sa z\u00a0dia\u013eav r\u00e1d vraciam sp\u00e4\u0165 na rodn\u00fa hru\u010f. Slovensko je ve\u013emi kompaktn\u00e9, m\u00e1me tu v\u0161etko, vysok\u00e9 hory, tr\u00e1vnat\u00e9 kopce, n\u00e1rodn\u00e9 parky, pr\u00edrodn\u00e9 \u00fakazy, \u00fa\u017easn\u00e9 doliny, rieky a ve\u013ea zelene. To som si napr\u00edklad uvedomil a\u017e v Pakistane, \u017ee zelen\u00e1 tr\u00e1va v\u00f4kol v\u00e1s nie je samozrejmos\u0165. Je ve\u013ea vec\u00ed, ktor\u00e9 sa daj\u00fa na Slovensku v r\u00e1mci turizmu zlep\u0161i\u0165. Oproti minul\u00fdm rokom je to o \u010dosi lep\u0161ie, ale aj tak n\u00e1s \u010dak\u00e1 e\u0161te ve\u013ea \u00fasilia a pr\u00e1ce. Ako pr\u00edklad by sme si mohli zobra\u0165 oblas\u0165 okolo Mikulova v \u010cech\u00e1ch a\u00a0ich cyklotrasy, ktor\u00fdmi je Morava pretkan\u00e1 skrz naskrz.<\/p>\n<p style=\"text-align: center;\"><img decoding=\"async\" class=\"aligncenter\" src=\"http:\/\/slovaklinesmagazin.sk\/cms\/wp-content\/uploads\/2016\/11\/MG_7407maly.jpg\" alt=\"Fj\u00e4llr\u00e4ven Polar 2017 In Drive magaz\u00edn Slovak Lines\" \/><\/p>\n<p><strong>Fj\u00e4llr\u00e4ven Polar je d\u00f4vod, pre\u010do v\u00e1s dnes rozpozn\u00e1vaj\u00fa aj laici. Spomeniete si na najhor\u0161\u00ed a najlep\u0161\u00ed z\u00e1\u017eitok z tohto z\u00e1vodu?<\/strong><\/p>\n<p>Najhor\u0161\u00ed z\u00e1\u017eitok \u2013 na to, \u017ee m\u00e1me v\u00a0bal\u00ed\u010dkoch stravy aj k\u00e1vu, som pri\u0161iel a\u017e na tret\u00ed de\u0148. \ud83d\ude42 Najlep\u0161\u00ed z\u00e1\u017eitok \u2013 cel\u00e1 exped\u00edcia, zasp\u00e1vanie pod pol\u00e1rnou \u017eiarou, samotn\u00e9 psie z\u00e1prahy, s\u00fakromn\u00fd koncert Mando Diao pri t\u00e1borovom ohni, pokorenie sam\u00e9ho seba.<\/p>\n<p><strong>Pova\u017eujete t\u00fato sk\u00fasenos\u0165 za najn\u00e1ro\u010dnej\u0161iu vo svojom \u017eivote alebo sa n\u00e1jde e\u0161te in\u00e1, po\u010das ktorej ste narazili na svoje hranice?<\/strong><\/p>\n<p>Aj napriek tomu, \u017ee drviv\u00e1 v\u00e4\u010d\u0161ina vec\u00ed na tomto podujat\u00ed bola pre m\u0148a \u00faplne nov\u00e1, u\u017eili sme si to skoro v\u0161etci (\u00fa\u010dastn\u00ed\u010dka z Belgicka musela po tre\u0165om dni odst\u00fapi\u0165 pre dehydrat\u00e1ciu). V\u00a0niektor\u00fdch momentoch to bolo ve\u013emi n\u00e1ro\u010dn\u00e9 a vy\u010derp\u00e1vaj\u00face, ale o to bolo kraj\u0161ie a \u201echutnej\u0161ie\u201c. Cel\u00e1 exped\u00edcia Fj\u00e4llr\u00e4ven Polar je pripraven\u00e1 od A po Z a\u017e do najmen\u0161\u00edch detailov. Jedin\u00e9, \u010do sa pripravi\u0165 ned\u00e1, je po\u010dasie.<\/p>\n<p style=\"text-align: center;\"><img decoding=\"async\" class=\"aligncenter\" src=\"http:\/\/slovaklinesmagazin.sk\/cms\/wp-content\/uploads\/2016\/11\/MG_7441maly.jpg\" alt=\"Fj\u00e4llr\u00e4ven Polar 2017 In Drive magaz\u00edn Slovak Lines\" \/><\/p>\n<p><strong>Niekde som po\u010dul, \u017ee psy v z\u00e1prahoch sa \u017eivia iba tulen\u00edm tukom a snehom. Vy ste v\u00a0jednom rozhovore hovorili aj o granul\u00e1ch zaliatych vriacou vodou a sal\u00e1me, ako je to teda?<\/strong><\/p>\n<p>Mo\u017eno u Eskim\u00e1kov \u00e1no. \ud83d\ude42 Tu v\u00a0civilizovanej\u0161om svete \u017eij\u00fa psy v symbi\u00f3ze s tule\u0148mi (smiech). Psov sme k\u0155mili granulami zaliatymi hor\u00facou vodou (r\u00e1no a ve\u010der) a po\u010das cesty sme mali tak\u00e9 hrub\u00e9 psie sal\u00e1my, ktor\u00e9 sme im nasekali a hodili ako desiatu. V\u0161etko jedlo sme si niesli na saniach so sebou.<\/p>\n<p><strong>Je pol\u00e1rna pr\u00edroda nato\u013eko jedine\u010dn\u00e1, \u017ee nadobudnut\u00e9 sk\u00fasenosti sa daj\u00fa vyu\u017ei\u0165 len tam, alebo vyu\u017e\u00edvate z\u00edskan\u00e9 znalosti a\u00a0sk\u00fasenosti z Fj\u00e4llr\u00e4ven Polar aj pri in\u00fdch cest\u00e1ch?<\/strong><\/p>\n<p>Arktick\u00e1 tundra je ve\u013emi \u0161pecifick\u00e1 a jedine\u010dn\u00e1. Z tohto d\u00f4vodu sa aj samotn\u00e1 exped\u00edcia kon\u00e1 a\u017e v apr\u00edli, ke\u010f u\u017e je zima na \u00fastupe a\u00a0chladn\u00e9 podmienky dovolia aj n\u00e1m \u201enesk\u00fasen\u00fdm\u201c u\u017ei\u0165 si ju. \u201eNesk\u00fasen\u00fdm\u201c, preto\u017ee exped\u00edcia je prim\u00e1rne ur\u010den\u00e1 \u013eu\u010fom, ktor\u00ed cel\u00fd \u017eivot sedia za po\u010d\u00edta\u010dom, neh\u00fdbu sa v pr\u00edrode, a t\u00fdmto im chc\u00fa uk\u00e1za\u0165, \u017ee nielen dok\u00e1\u017eu v takejto nehostinnej krajine pre\u017ei\u0165, ale si ju dokonca aj u\u017ei\u0165.<\/p>\n<p>Nejak\u00e9 tie sk\u00fasenosti s pobytom v pr\u00edrode u\u017e m\u00e1m zo skautsk\u00e9ho t\u00e1bora, tak\u017ee niektor\u00e9 veci som vedel (smiech). Celou exped\u00edciou n\u00e1s sprev\u00e1dzal outdoorov\u00fd expert Johan Skullman, ktor\u00fd n\u00e1s zasv\u00e4til do tajov pre\u017eitia za pol\u00e1rnym kruhom. Ve\u013ea vec\u00ed som si osvojil a niektor\u00e9 z\u00a0nich som dokonca stihol pou\u017ei\u0165 aj v praxi, ke\u010f som v kr\u00edzov\u00fdch situ\u00e1ci\u00e1ch radil kamar\u00e1tom v\u00a0ter\u00e9ne na potulk\u00e1ch. Niektor\u00e9 veci, ktor\u00e9 sme sa nau\u010dili, s\u00fa aplikovate\u013en\u00e9 aj v ka\u017edodennom \u017eivote, in\u00e9 zasa kdeko\u013evek v pr\u00edrode. \u010co bolo celkom odli\u0161n\u00e9 ako u n\u00e1s, bola k\u00f4ra brezy, t\u00e1 tam r\u00e1stla v\u0161ade v\u00f4kol. Jej vrchn\u00fa premrznut\u00fa k\u00f4ru, ktor\u00e1 bola tenk\u00e1 ako papiere, sme vyu\u017e\u00edvali na zap\u00e1lenie oh\u0148a pomocou kresadla. U n\u00e1s je k\u00f4ra brezy o \u010dosi hrub\u0161ia<strong>.<\/strong><\/p>\n<p style=\"text-align: center;\"><img decoding=\"async\" class=\"aligncenter\" src=\"http:\/\/slovaklinesmagazin.sk\/cms\/wp-content\/uploads\/2016\/11\/MG_7663maly.jpg\" alt=\"Fj\u00e4llr\u00e4ven Polar 2017 In Drive magaz\u00edn Slovak Lines\" \/><\/p>\n<p><strong>In\u0161trukt\u00e1\u017e k pol\u00e1rnej v\u00fdprave ste dostali od Johana Skullmana. Existuje niekto, ku komu vzhliadate ako k vzoru, pr\u00edpadne m\u00e1te mentora?<\/strong><\/p>\n<p>\u00c1no, Johan n\u00e1s sprev\u00e1dzal naprie\u010d celou exped\u00edciou, lep\u0161ieho \u010dloveka na t\u00fato \u00falohu si ani neviem predstavi\u0165. Je to \u010dlovek, ktor\u00fd je v\u00a0outdoorovom svete uzn\u00e1van\u00fd. Mentora nem\u00e1m,cen\u00edm si ka\u017ed\u00fa radu, \u010di od sedliaka na poli, alebo experta na pre\u017eitie v divo\u010dine. Ke\u010f \u010dlovek cestuje a m\u00e1 o\u010di otvoren\u00e9, neboj\u00ed sa op\u00fdta\u0165, ke\u010f nie\u010domu nerozumie, nech\u00e1 si poradi\u0165 a\u00a0na\u010d\u00fava druh\u00fdm, ve\u013ea sa nau\u010d\u00ed. Ako vzor m\u00e1m, samozrejme, svojho otca. Vychoval ma a bola to tie\u017e nie v\u017edy \u013eahk\u00e1 z\u00e1le\u017eitos\u0165. \ud83d\ude42<\/p>\n<p><strong>Ste ambas\u00e1dorom zna\u010dky Fj\u00e4llr\u00e4ven. Prezra\u010fte, pros\u00edm, viac o tom, ako ste sa k tejto spolupr\u00e1ci dostali a \u010do na tejto zna\u010dke oce\u0148ujete.<\/strong><\/p>\n<p>Na\u0161a spolupr\u00e1ca sa za\u010dala u\u017e na samotnej exped\u00edcii. Uzn\u00e1vame tie ist\u00e9 hodnoty a okrem toho sa t\u00falam po hor\u00e1ch, fot\u00edm, som vystaven\u00fd nepriaz\u0148am po\u010dasia a Fj\u00e4llr\u00e4ven rob\u00ed tie najlep\u0161ie veci, aby som sa v kopcoch c\u00edtil pohodlne. A\u00a0okrem toho nad\u010dasov\u00fd dizajn, kvalitu materi\u00e1lov, perfektn\u00e9 strihy oble\u010denia a to, ako sa samotn\u00e1 zna\u010dka stavia k \u017eivotn\u00e9mu prostrediu pri navrhovan\u00ed a\u00a0n\u00e1slednej produkcii produktov. Na zna\u010dke Fj\u00e4llr\u00e4ven oce\u0148ujem hlavne jej celkov\u00fd pr\u00edstup, motto to vystihuje jasne: \u201eNa\u0161\u00edm cie\u013eom je zdrav\u0161\u00ed outdoorov\u00fd \u017eivot, a to teraz aj pre bud\u00face gener\u00e1cie.\u201c Odpor\u00fa\u010dam pre\u010d\u00edta\u0165 si podstr\u00e1nku Zodpovednos\u0165 na webe <a href=\"http:\/\/www.fjallraven.sk\">www.fjallraven.sk<\/a>.<\/p>\n<p><strong>Prezrad\u00edte pre na\u0161ich \u010ditate\u013eov viac o\u00a0svojich pl\u00e1noch do bl\u00edzkej bud\u00facnosti?<\/strong><\/p>\n<p>V bl\u00edzkej bud\u00facnosti sa chcem venova\u0165 hlavne svojmu skoro ro\u010dn\u00e9mu synovi, pomaly ho za\u010da\u0165 vies\u0165 k pr\u00edrode a potulk\u00e1m v nej, aj ke\u010f nevylu\u010dujem, \u017ee sa niekam ne\u010dakane odtrhnem. \ud83d\ude42<\/p>\n<div id='gallery-1' class='gallery galleryid-76102 gallery-columns-3 gallery-size-large'><figure class='gallery-item'>\n\t\t\t<div class='gallery-icon landscape'>\n\t\t\t\t<a href='https:\/\/www.slovaklinesmagazin.sk\/cms\/2016\/11\/peter-holly-cenim-si-kazdu-radu-ci-od-sedliaka-na-poli-alebo-experta-na-prezitie-v-divocine\/_h8b0637maly\/'><img loading=\"lazy\" decoding=\"async\" width=\"640\" height=\"426\" src=\"https:\/\/www.slovaklinesmagazin.sk\/cms\/wp-content\/uploads\/2016\/11\/H8B0637maly.jpg\" class=\"attachment-large size-large\" alt=\"\" aria-describedby=\"gallery-1-76111\" srcset=\"https:\/\/www.slovaklinesmagazin.sk\/cms\/wp-content\/uploads\/2016\/11\/H8B0637maly.jpg 1000w, https:\/\/www.slovaklinesmagazin.sk\/cms\/wp-content\/uploads\/2016\/11\/H8B0637maly-300x200.jpg 300w, https:\/\/www.slovaklinesmagazin.sk\/cms\/wp-content\/uploads\/2016\/11\/H8B0637maly-768x511.jpg 768w, https:\/\/www.slovaklinesmagazin.sk\/cms\/wp-content\/uploads\/2016\/11\/H8B0637maly-304x202.jpg 304w, https:\/\/www.slovaklinesmagazin.sk\/cms\/wp-content\/uploads\/2016\/11\/H8B0637maly-296x197.jpg 296w\" sizes=\"auto, (max-width: 640px) 100vw, 640px\" \/><\/a>\n\t\t\t<\/div>\n\t\t\t\t<figcaption class='wp-caption-text gallery-caption' id='gallery-1-76111'>\n\t\t\t\tFj\u00e4llr\u00e4ven Polar 2017 In Drive magaz\u00edn Slovak Lines\n\t\t\t\t<\/figcaption><\/figure><figure class='gallery-item'>\n\t\t\t<div class='gallery-icon landscape'>\n\t\t\t\t<a href='https:\/\/www.slovaklinesmagazin.sk\/cms\/2016\/11\/peter-holly-cenim-si-kazdu-radu-ci-od-sedliaka-na-poli-alebo-experta-na-prezitie-v-divocine\/_h8b0889maly\/'><img loading=\"lazy\" decoding=\"async\" width=\"640\" height=\"426\" src=\"https:\/\/www.slovaklinesmagazin.sk\/cms\/wp-content\/uploads\/2016\/11\/H8B0889maly.jpg\" class=\"attachment-large size-large\" alt=\"\" aria-describedby=\"gallery-1-76112\" srcset=\"https:\/\/www.slovaklinesmagazin.sk\/cms\/wp-content\/uploads\/2016\/11\/H8B0889maly.jpg 850w, https:\/\/www.slovaklinesmagazin.sk\/cms\/wp-content\/uploads\/2016\/11\/H8B0889maly-300x200.jpg 300w, https:\/\/www.slovaklinesmagazin.sk\/cms\/wp-content\/uploads\/2016\/11\/H8B0889maly-768x511.jpg 768w, https:\/\/www.slovaklinesmagazin.sk\/cms\/wp-content\/uploads\/2016\/11\/H8B0889maly-304x202.jpg 304w, https:\/\/www.slovaklinesmagazin.sk\/cms\/wp-content\/uploads\/2016\/11\/H8B0889maly-296x197.jpg 296w\" sizes=\"auto, (max-width: 640px) 100vw, 640px\" \/><\/a>\n\t\t\t<\/div>\n\t\t\t\t<figcaption class='wp-caption-text gallery-caption' id='gallery-1-76112'>\n\t\t\t\tFj\u00e4llr\u00e4ven Polar 2017 In Drive magaz\u00edn Slovak Lines\n\t\t\t\t<\/figcaption><\/figure><figure class='gallery-item'>\n\t\t\t<div class='gallery-icon landscape'>\n\t\t\t\t<a href='https:\/\/www.slovaklinesmagazin.sk\/cms\/2016\/11\/peter-holly-cenim-si-kazdu-radu-ci-od-sedliaka-na-poli-alebo-experta-na-prezitie-v-divocine\/_h8b1793maly-2\/'><img loading=\"lazy\" decoding=\"async\" width=\"640\" height=\"426\" src=\"https:\/\/www.slovaklinesmagazin.sk\/cms\/wp-content\/uploads\/2016\/11\/H8B1793maly-1.jpg\" class=\"attachment-large size-large\" alt=\"\" aria-describedby=\"gallery-1-76113\" srcset=\"https:\/\/www.slovaklinesmagazin.sk\/cms\/wp-content\/uploads\/2016\/11\/H8B1793maly-1.jpg 850w, https:\/\/www.slovaklinesmagazin.sk\/cms\/wp-content\/uploads\/2016\/11\/H8B1793maly-1-300x200.jpg 300w, https:\/\/www.slovaklinesmagazin.sk\/cms\/wp-content\/uploads\/2016\/11\/H8B1793maly-1-768x511.jpg 768w, https:\/\/www.slovaklinesmagazin.sk\/cms\/wp-content\/uploads\/2016\/11\/H8B1793maly-1-304x202.jpg 304w, https:\/\/www.slovaklinesmagazin.sk\/cms\/wp-content\/uploads\/2016\/11\/H8B1793maly-1-296x197.jpg 296w\" sizes=\"auto, (max-width: 640px) 100vw, 640px\" \/><\/a>\n\t\t\t<\/div>\n\t\t\t\t<figcaption class='wp-caption-text gallery-caption' id='gallery-1-76113'>\n\t\t\t\tFj\u00e4llr\u00e4ven Polar 2017 In Drive magaz\u00edn Slovak Lines\n\t\t\t\t<\/figcaption><\/figure><figure class='gallery-item'>\n\t\t\t<div class='gallery-icon landscape'>\n\t\t\t\t<a href='https:\/\/www.slovaklinesmagazin.sk\/cms\/2016\/11\/peter-holly-cenim-si-kazdu-radu-ci-od-sedliaka-na-poli-alebo-experta-na-prezitie-v-divocine\/_h8b1837maly\/'><img loading=\"lazy\" decoding=\"async\" width=\"640\" height=\"426\" src=\"https:\/\/www.slovaklinesmagazin.sk\/cms\/wp-content\/uploads\/2016\/11\/H8B1837maly.jpg\" class=\"attachment-large size-large\" alt=\"\" aria-describedby=\"gallery-1-76114\" srcset=\"https:\/\/www.slovaklinesmagazin.sk\/cms\/wp-content\/uploads\/2016\/11\/H8B1837maly.jpg 850w, https:\/\/www.slovaklinesmagazin.sk\/cms\/wp-content\/uploads\/2016\/11\/H8B1837maly-300x200.jpg 300w, https:\/\/www.slovaklinesmagazin.sk\/cms\/wp-content\/uploads\/2016\/11\/H8B1837maly-768x511.jpg 768w, https:\/\/www.slovaklinesmagazin.sk\/cms\/wp-content\/uploads\/2016\/11\/H8B1837maly-304x202.jpg 304w, https:\/\/www.slovaklinesmagazin.sk\/cms\/wp-content\/uploads\/2016\/11\/H8B1837maly-296x197.jpg 296w\" sizes=\"auto, (max-width: 640px) 100vw, 640px\" \/><\/a>\n\t\t\t<\/div>\n\t\t\t\t<figcaption class='wp-caption-text gallery-caption' id='gallery-1-76114'>\n\t\t\t\tFj\u00e4llr\u00e4ven Polar 2017 In Drive magaz\u00edn Slovak Lines\n\t\t\t\t<\/figcaption><\/figure><figure class='gallery-item'>\n\t\t\t<div class='gallery-icon landscape'>\n\t\t\t\t<a href='https:\/\/www.slovaklinesmagazin.sk\/cms\/2016\/11\/peter-holly-cenim-si-kazdu-radu-ci-od-sedliaka-na-poli-alebo-experta-na-prezitie-v-divocine\/_h8b1989maly\/'><img loading=\"lazy\" decoding=\"async\" width=\"640\" height=\"426\" src=\"https:\/\/www.slovaklinesmagazin.sk\/cms\/wp-content\/uploads\/2016\/11\/H8B1989maly.jpg\" class=\"attachment-large size-large\" alt=\"\" aria-describedby=\"gallery-1-76115\" srcset=\"https:\/\/www.slovaklinesmagazin.sk\/cms\/wp-content\/uploads\/2016\/11\/H8B1989maly.jpg 850w, https:\/\/www.slovaklinesmagazin.sk\/cms\/wp-content\/uploads\/2016\/11\/H8B1989maly-300x200.jpg 300w, https:\/\/www.slovaklinesmagazin.sk\/cms\/wp-content\/uploads\/2016\/11\/H8B1989maly-768x511.jpg 768w, https:\/\/www.slovaklinesmagazin.sk\/cms\/wp-content\/uploads\/2016\/11\/H8B1989maly-304x202.jpg 304w, https:\/\/www.slovaklinesmagazin.sk\/cms\/wp-content\/uploads\/2016\/11\/H8B1989maly-296x197.jpg 296w\" sizes=\"auto, (max-width: 640px) 100vw, 640px\" \/><\/a>\n\t\t\t<\/div>\n\t\t\t\t<figcaption class='wp-caption-text gallery-caption' id='gallery-1-76115'>\n\t\t\t\tFj\u00e4llr\u00e4ven Polar 2017 In Drive magaz\u00edn Slovak Lines\n\t\t\t\t<\/figcaption><\/figure><figure class='gallery-item'>\n\t\t\t<div class='gallery-icon landscape'>\n\t\t\t\t<a href='https:\/\/www.slovaklinesmagazin.sk\/cms\/2016\/11\/peter-holly-cenim-si-kazdu-radu-ci-od-sedliaka-na-poli-alebo-experta-na-prezitie-v-divocine\/_h8b2033maly\/'><img loading=\"lazy\" decoding=\"async\" width=\"640\" height=\"426\" src=\"https:\/\/www.slovaklinesmagazin.sk\/cms\/wp-content\/uploads\/2016\/11\/H8B2033maly.jpg\" class=\"attachment-large size-large\" alt=\"\" aria-describedby=\"gallery-1-76116\" srcset=\"https:\/\/www.slovaklinesmagazin.sk\/cms\/wp-content\/uploads\/2016\/11\/H8B2033maly.jpg 850w, https:\/\/www.slovaklinesmagazin.sk\/cms\/wp-content\/uploads\/2016\/11\/H8B2033maly-300x200.jpg 300w, https:\/\/www.slovaklinesmagazin.sk\/cms\/wp-content\/uploads\/2016\/11\/H8B2033maly-768x511.jpg 768w, https:\/\/www.slovaklinesmagazin.sk\/cms\/wp-content\/uploads\/2016\/11\/H8B2033maly-304x202.jpg 304w, https:\/\/www.slovaklinesmagazin.sk\/cms\/wp-content\/uploads\/2016\/11\/H8B2033maly-296x197.jpg 296w\" sizes=\"auto, (max-width: 640px) 100vw, 640px\" \/><\/a>\n\t\t\t<\/div>\n\t\t\t\t<figcaption class='wp-caption-text gallery-caption' id='gallery-1-76116'>\n\t\t\t\tFj\u00e4llr\u00e4ven Polar 2017 In Drive magaz\u00edn Slovak Lines\n\t\t\t\t<\/figcaption><\/figure><figure class='gallery-item'>\n\t\t\t<div class='gallery-icon landscape'>\n\t\t\t\t<a href='https:\/\/www.slovaklinesmagazin.sk\/cms\/2016\/11\/peter-holly-cenim-si-kazdu-radu-ci-od-sedliaka-na-poli-alebo-experta-na-prezitie-v-divocine\/_h8b2103maly\/'><img loading=\"lazy\" decoding=\"async\" width=\"640\" height=\"426\" src=\"https:\/\/www.slovaklinesmagazin.sk\/cms\/wp-content\/uploads\/2016\/11\/H8B2103maly.jpg\" class=\"attachment-large size-large\" alt=\"\" aria-describedby=\"gallery-1-76117\" srcset=\"https:\/\/www.slovaklinesmagazin.sk\/cms\/wp-content\/uploads\/2016\/11\/H8B2103maly.jpg 850w, https:\/\/www.slovaklinesmagazin.sk\/cms\/wp-content\/uploads\/2016\/11\/H8B2103maly-300x200.jpg 300w, https:\/\/www.slovaklinesmagazin.sk\/cms\/wp-content\/uploads\/2016\/11\/H8B2103maly-768x511.jpg 768w, https:\/\/www.slovaklinesmagazin.sk\/cms\/wp-content\/uploads\/2016\/11\/H8B2103maly-304x202.jpg 304w, https:\/\/www.slovaklinesmagazin.sk\/cms\/wp-content\/uploads\/2016\/11\/H8B2103maly-296x197.jpg 296w\" sizes=\"auto, (max-width: 640px) 100vw, 640px\" \/><\/a>\n\t\t\t<\/div>\n\t\t\t\t<figcaption class='wp-caption-text gallery-caption' id='gallery-1-76117'>\n\t\t\t\tFj\u00e4llr\u00e4ven Polar 2017 In Drive magaz\u00edn Slovak Lines\n\t\t\t\t<\/figcaption><\/figure><figure class='gallery-item'>\n\t\t\t<div class='gallery-icon landscape'>\n\t\t\t\t<a href='https:\/\/www.slovaklinesmagazin.sk\/cms\/2016\/11\/peter-holly-cenim-si-kazdu-radu-ci-od-sedliaka-na-poli-alebo-experta-na-prezitie-v-divocine\/_h8b2285maly-2\/'><img loading=\"lazy\" decoding=\"async\" width=\"640\" height=\"426\" src=\"https:\/\/www.slovaklinesmagazin.sk\/cms\/wp-content\/uploads\/2016\/11\/H8B2285maly-1.jpg\" class=\"attachment-large size-large\" alt=\"\" aria-describedby=\"gallery-1-76118\" srcset=\"https:\/\/www.slovaklinesmagazin.sk\/cms\/wp-content\/uploads\/2016\/11\/H8B2285maly-1.jpg 850w, https:\/\/www.slovaklinesmagazin.sk\/cms\/wp-content\/uploads\/2016\/11\/H8B2285maly-1-300x200.jpg 300w, https:\/\/www.slovaklinesmagazin.sk\/cms\/wp-content\/uploads\/2016\/11\/H8B2285maly-1-768x511.jpg 768w, https:\/\/www.slovaklinesmagazin.sk\/cms\/wp-content\/uploads\/2016\/11\/H8B2285maly-1-304x202.jpg 304w, https:\/\/www.slovaklinesmagazin.sk\/cms\/wp-content\/uploads\/2016\/11\/H8B2285maly-1-296x197.jpg 296w\" sizes=\"auto, (max-width: 640px) 100vw, 640px\" \/><\/a>\n\t\t\t<\/div>\n\t\t\t\t<figcaption class='wp-caption-text gallery-caption' id='gallery-1-76118'>\n\t\t\t\tFj\u00e4llr\u00e4ven Polar 2017 In Drive magaz\u00edn Slovak Lines\n\t\t\t\t<\/figcaption><\/figure><figure class='gallery-item'>\n\t\t\t<div class='gallery-icon landscape'>\n\t\t\t\t<a href='https:\/\/www.slovaklinesmagazin.sk\/cms\/2016\/11\/peter-holly-cenim-si-kazdu-radu-ci-od-sedliaka-na-poli-alebo-experta-na-prezitie-v-divocine\/_h8b2411maly\/'><img loading=\"lazy\" decoding=\"async\" width=\"640\" height=\"426\" src=\"https:\/\/www.slovaklinesmagazin.sk\/cms\/wp-content\/uploads\/2016\/11\/H8B2411maly.jpg\" class=\"attachment-large size-large\" alt=\"\" aria-describedby=\"gallery-1-76119\" srcset=\"https:\/\/www.slovaklinesmagazin.sk\/cms\/wp-content\/uploads\/2016\/11\/H8B2411maly.jpg 850w, https:\/\/www.slovaklinesmagazin.sk\/cms\/wp-content\/uploads\/2016\/11\/H8B2411maly-300x200.jpg 300w, https:\/\/www.slovaklinesmagazin.sk\/cms\/wp-content\/uploads\/2016\/11\/H8B2411maly-768x511.jpg 768w, https:\/\/www.slovaklinesmagazin.sk\/cms\/wp-content\/uploads\/2016\/11\/H8B2411maly-304x202.jpg 304w, https:\/\/www.slovaklinesmagazin.sk\/cms\/wp-content\/uploads\/2016\/11\/H8B2411maly-296x197.jpg 296w\" sizes=\"auto, (max-width: 640px) 100vw, 640px\" \/><\/a>\n\t\t\t<\/div>\n\t\t\t\t<figcaption class='wp-caption-text gallery-caption' id='gallery-1-76119'>\n\t\t\t\tFj\u00e4llr\u00e4ven Polar 2017 In Drive magaz\u00edn Slovak Lines\n\t\t\t\t<\/figcaption><\/figure><figure class='gallery-item'>\n\t\t\t<div class='gallery-icon landscape'>\n\t\t\t\t<a href='https:\/\/www.slovaklinesmagazin.sk\/cms\/2016\/11\/peter-holly-cenim-si-kazdu-radu-ci-od-sedliaka-na-poli-alebo-experta-na-prezitie-v-divocine\/_h8b2538maly\/'><img loading=\"lazy\" decoding=\"async\" width=\"640\" height=\"426\" src=\"https:\/\/www.slovaklinesmagazin.sk\/cms\/wp-content\/uploads\/2016\/11\/H8B2538maly.jpg\" class=\"attachment-large size-large\" alt=\"\" aria-describedby=\"gallery-1-76120\" srcset=\"https:\/\/www.slovaklinesmagazin.sk\/cms\/wp-content\/uploads\/2016\/11\/H8B2538maly.jpg 850w, https:\/\/www.slovaklinesmagazin.sk\/cms\/wp-content\/uploads\/2016\/11\/H8B2538maly-300x200.jpg 300w, https:\/\/www.slovaklinesmagazin.sk\/cms\/wp-content\/uploads\/2016\/11\/H8B2538maly-768x511.jpg 768w, https:\/\/www.slovaklinesmagazin.sk\/cms\/wp-content\/uploads\/2016\/11\/H8B2538maly-304x202.jpg 304w, https:\/\/www.slovaklinesmagazin.sk\/cms\/wp-content\/uploads\/2016\/11\/H8B2538maly-296x197.jpg 296w\" sizes=\"auto, (max-width: 640px) 100vw, 640px\" \/><\/a>\n\t\t\t<\/div>\n\t\t\t\t<figcaption class='wp-caption-text gallery-caption' id='gallery-1-76120'>\n\t\t\t\tFj\u00e4llr\u00e4ven Polar 2017 In Drive magaz\u00edn Slovak Lines\n\t\t\t\t<\/figcaption><\/figure><figure class='gallery-item'>\n\t\t\t<div class='gallery-icon landscape'>\n\t\t\t\t<a href='https:\/\/www.slovaklinesmagazin.sk\/cms\/2016\/11\/peter-holly-cenim-si-kazdu-radu-ci-od-sedliaka-na-poli-alebo-experta-na-prezitie-v-divocine\/_h8b3611maly-2\/'><img loading=\"lazy\" decoding=\"async\" width=\"640\" height=\"426\" src=\"https:\/\/www.slovaklinesmagazin.sk\/cms\/wp-content\/uploads\/2016\/11\/H8B3611maly-1.jpg\" class=\"attachment-large size-large\" alt=\"\" aria-describedby=\"gallery-1-76121\" srcset=\"https:\/\/www.slovaklinesmagazin.sk\/cms\/wp-content\/uploads\/2016\/11\/H8B3611maly-1.jpg 850w, https:\/\/www.slovaklinesmagazin.sk\/cms\/wp-content\/uploads\/2016\/11\/H8B3611maly-1-300x200.jpg 300w, https:\/\/www.slovaklinesmagazin.sk\/cms\/wp-content\/uploads\/2016\/11\/H8B3611maly-1-768x511.jpg 768w, https:\/\/www.slovaklinesmagazin.sk\/cms\/wp-content\/uploads\/2016\/11\/H8B3611maly-1-304x202.jpg 304w, https:\/\/www.slovaklinesmagazin.sk\/cms\/wp-content\/uploads\/2016\/11\/H8B3611maly-1-296x197.jpg 296w\" sizes=\"auto, (max-width: 640px) 100vw, 640px\" \/><\/a>\n\t\t\t<\/div>\n\t\t\t\t<figcaption class='wp-caption-text gallery-caption' id='gallery-1-76121'>\n\t\t\t\tFj\u00e4llr\u00e4ven Polar 2017 In Drive magaz\u00edn Slovak Lines\n\t\t\t\t<\/figcaption><\/figure><figure class='gallery-item'>\n\t\t\t<div class='gallery-icon landscape'>\n\t\t\t\t<a href='https:\/\/www.slovaklinesmagazin.sk\/cms\/2016\/11\/peter-holly-cenim-si-kazdu-radu-ci-od-sedliaka-na-poli-alebo-experta-na-prezitie-v-divocine\/_j7a2730maly\/'><img loading=\"lazy\" decoding=\"async\" width=\"640\" height=\"426\" src=\"https:\/\/www.slovaklinesmagazin.sk\/cms\/wp-content\/uploads\/2016\/11\/J7A2730maly.jpg\" class=\"attachment-large size-large\" alt=\"\" aria-describedby=\"gallery-1-76122\" srcset=\"https:\/\/www.slovaklinesmagazin.sk\/cms\/wp-content\/uploads\/2016\/11\/J7A2730maly.jpg 850w, https:\/\/www.slovaklinesmagazin.sk\/cms\/wp-content\/uploads\/2016\/11\/J7A2730maly-300x200.jpg 300w, https:\/\/www.slovaklinesmagazin.sk\/cms\/wp-content\/uploads\/2016\/11\/J7A2730maly-768x511.jpg 768w, https:\/\/www.slovaklinesmagazin.sk\/cms\/wp-content\/uploads\/2016\/11\/J7A2730maly-304x202.jpg 304w, https:\/\/www.slovaklinesmagazin.sk\/cms\/wp-content\/uploads\/2016\/11\/J7A2730maly-296x197.jpg 296w\" sizes=\"auto, (max-width: 640px) 100vw, 640px\" \/><\/a>\n\t\t\t<\/div>\n\t\t\t\t<figcaption class='wp-caption-text gallery-caption' id='gallery-1-76122'>\n\t\t\t\tFj\u00e4llr\u00e4ven Polar 2017 In Drive magaz\u00edn Slovak Lines\n\t\t\t\t<\/figcaption><\/figure><figure class='gallery-item'>\n\t\t\t<div class='gallery-icon landscape'>\n\t\t\t\t<a href='https:\/\/www.slovaklinesmagazin.sk\/cms\/2016\/11\/peter-holly-cenim-si-kazdu-radu-ci-od-sedliaka-na-poli-alebo-experta-na-prezitie-v-divocine\/_j7a4118maly\/'><img loading=\"lazy\" decoding=\"async\" width=\"640\" height=\"426\" src=\"https:\/\/www.slovaklinesmagazin.sk\/cms\/wp-content\/uploads\/2016\/11\/J7A4118maly.jpg\" class=\"attachment-large size-large\" alt=\"\" aria-describedby=\"gallery-1-76123\" srcset=\"https:\/\/www.slovaklinesmagazin.sk\/cms\/wp-content\/uploads\/2016\/11\/J7A4118maly.jpg 850w, https:\/\/www.slovaklinesmagazin.sk\/cms\/wp-content\/uploads\/2016\/11\/J7A4118maly-300x200.jpg 300w, https:\/\/www.slovaklinesmagazin.sk\/cms\/wp-content\/uploads\/2016\/11\/J7A4118maly-768x511.jpg 768w, https:\/\/www.slovaklinesmagazin.sk\/cms\/wp-content\/uploads\/2016\/11\/J7A4118maly-304x202.jpg 304w, https:\/\/www.slovaklinesmagazin.sk\/cms\/wp-content\/uploads\/2016\/11\/J7A4118maly-296x197.jpg 296w\" sizes=\"auto, (max-width: 640px) 100vw, 640px\" \/><\/a>\n\t\t\t<\/div>\n\t\t\t\t<figcaption class='wp-caption-text gallery-caption' id='gallery-1-76123'>\n\t\t\t\tFj\u00e4llr\u00e4ven Polar 2017 In Drive magaz\u00edn Slovak Lines\n\t\t\t\t<\/figcaption><\/figure><figure class='gallery-item'>\n\t\t\t<div class='gallery-icon landscape'>\n\t\t\t\t<a href='https:\/\/www.slovaklinesmagazin.sk\/cms\/2016\/11\/peter-holly-cenim-si-kazdu-radu-ci-od-sedliaka-na-poli-alebo-experta-na-prezitie-v-divocine\/_j7a4258maly\/'><img loading=\"lazy\" decoding=\"async\" width=\"640\" height=\"426\" src=\"https:\/\/www.slovaklinesmagazin.sk\/cms\/wp-content\/uploads\/2016\/11\/J7A4258maly.jpg\" class=\"attachment-large size-large\" alt=\"\" aria-describedby=\"gallery-1-76124\" srcset=\"https:\/\/www.slovaklinesmagazin.sk\/cms\/wp-content\/uploads\/2016\/11\/J7A4258maly.jpg 850w, https:\/\/www.slovaklinesmagazin.sk\/cms\/wp-content\/uploads\/2016\/11\/J7A4258maly-300x200.jpg 300w, https:\/\/www.slovaklinesmagazin.sk\/cms\/wp-content\/uploads\/2016\/11\/J7A4258maly-768x511.jpg 768w, https:\/\/www.slovaklinesmagazin.sk\/cms\/wp-content\/uploads\/2016\/11\/J7A4258maly-304x202.jpg 304w, https:\/\/www.slovaklinesmagazin.sk\/cms\/wp-content\/uploads\/2016\/11\/J7A4258maly-296x197.jpg 296w\" sizes=\"auto, (max-width: 640px) 100vw, 640px\" \/><\/a>\n\t\t\t<\/div>\n\t\t\t\t<figcaption class='wp-caption-text gallery-caption' id='gallery-1-76124'>\n\t\t\t\tFj\u00e4llr\u00e4ven Polar 2017 In Drive magaz\u00edn Slovak Lines\n\t\t\t\t<\/figcaption><\/figure><figure class='gallery-item'>\n\t\t\t<div class='gallery-icon landscape'>\n\t\t\t\t<a href='https:\/\/www.slovaklinesmagazin.sk\/cms\/2016\/11\/peter-holly-cenim-si-kazdu-radu-ci-od-sedliaka-na-poli-alebo-experta-na-prezitie-v-divocine\/_mg_7407maly-2\/'><img loading=\"lazy\" decoding=\"async\" width=\"640\" height=\"426\" src=\"https:\/\/www.slovaklinesmagazin.sk\/cms\/wp-content\/uploads\/2016\/11\/MG_7407maly-1.jpg\" class=\"attachment-large size-large\" alt=\"\" aria-describedby=\"gallery-1-76125\" srcset=\"https:\/\/www.slovaklinesmagazin.sk\/cms\/wp-content\/uploads\/2016\/11\/MG_7407maly-1.jpg 850w, https:\/\/www.slovaklinesmagazin.sk\/cms\/wp-content\/uploads\/2016\/11\/MG_7407maly-1-300x200.jpg 300w, https:\/\/www.slovaklinesmagazin.sk\/cms\/wp-content\/uploads\/2016\/11\/MG_7407maly-1-768x511.jpg 768w, https:\/\/www.slovaklinesmagazin.sk\/cms\/wp-content\/uploads\/2016\/11\/MG_7407maly-1-304x202.jpg 304w, https:\/\/www.slovaklinesmagazin.sk\/cms\/wp-content\/uploads\/2016\/11\/MG_7407maly-1-296x197.jpg 296w\" sizes=\"auto, (max-width: 640px) 100vw, 640px\" \/><\/a>\n\t\t\t<\/div>\n\t\t\t\t<figcaption class='wp-caption-text gallery-caption' id='gallery-1-76125'>\n\t\t\t\tFj\u00e4llr\u00e4ven Polar 2017 In Drive magaz\u00edn Slovak Lines\n\t\t\t\t<\/figcaption><\/figure><figure class='gallery-item'>\n\t\t\t<div class='gallery-icon landscape'>\n\t\t\t\t<a href='https:\/\/www.slovaklinesmagazin.sk\/cms\/2016\/11\/peter-holly-cenim-si-kazdu-radu-ci-od-sedliaka-na-poli-alebo-experta-na-prezitie-v-divocine\/_mg_7441maly-2\/'><img loading=\"lazy\" decoding=\"async\" width=\"640\" height=\"426\" src=\"https:\/\/www.slovaklinesmagazin.sk\/cms\/wp-content\/uploads\/2016\/11\/MG_7441maly-1.jpg\" class=\"attachment-large size-large\" alt=\"\" aria-describedby=\"gallery-1-76126\" srcset=\"https:\/\/www.slovaklinesmagazin.sk\/cms\/wp-content\/uploads\/2016\/11\/MG_7441maly-1.jpg 850w, https:\/\/www.slovaklinesmagazin.sk\/cms\/wp-content\/uploads\/2016\/11\/MG_7441maly-1-300x200.jpg 300w, https:\/\/www.slovaklinesmagazin.sk\/cms\/wp-content\/uploads\/2016\/11\/MG_7441maly-1-768x511.jpg 768w, https:\/\/www.slovaklinesmagazin.sk\/cms\/wp-content\/uploads\/2016\/11\/MG_7441maly-1-304x202.jpg 304w, https:\/\/www.slovaklinesmagazin.sk\/cms\/wp-content\/uploads\/2016\/11\/MG_7441maly-1-296x197.jpg 296w\" sizes=\"auto, (max-width: 640px) 100vw, 640px\" \/><\/a>\n\t\t\t<\/div>\n\t\t\t\t<figcaption class='wp-caption-text gallery-caption' id='gallery-1-76126'>\n\t\t\t\tFj\u00e4llr\u00e4ven Polar 2017 In Drive magaz\u00edn Slovak Lines\n\t\t\t\t<\/figcaption><\/figure><figure class='gallery-item'>\n\t\t\t<div class='gallery-icon landscape'>\n\t\t\t\t<a href='https:\/\/www.slovaklinesmagazin.sk\/cms\/2016\/11\/peter-holly-cenim-si-kazdu-radu-ci-od-sedliaka-na-poli-alebo-experta-na-prezitie-v-divocine\/_mg_7449maly\/'><img loading=\"lazy\" decoding=\"async\" width=\"640\" height=\"426\" src=\"https:\/\/www.slovaklinesmagazin.sk\/cms\/wp-content\/uploads\/2016\/11\/MG_7449maly.jpg\" class=\"attachment-large size-large\" alt=\"\" aria-describedby=\"gallery-1-76127\" srcset=\"https:\/\/www.slovaklinesmagazin.sk\/cms\/wp-content\/uploads\/2016\/11\/MG_7449maly.jpg 850w, https:\/\/www.slovaklinesmagazin.sk\/cms\/wp-content\/uploads\/2016\/11\/MG_7449maly-300x200.jpg 300w, https:\/\/www.slovaklinesmagazin.sk\/cms\/wp-content\/uploads\/2016\/11\/MG_7449maly-768x511.jpg 768w, https:\/\/www.slovaklinesmagazin.sk\/cms\/wp-content\/uploads\/2016\/11\/MG_7449maly-304x202.jpg 304w, https:\/\/www.slovaklinesmagazin.sk\/cms\/wp-content\/uploads\/2016\/11\/MG_7449maly-296x197.jpg 296w\" sizes=\"auto, (max-width: 640px) 100vw, 640px\" \/><\/a>\n\t\t\t<\/div>\n\t\t\t\t<figcaption class='wp-caption-text gallery-caption' id='gallery-1-76127'>\n\t\t\t\tFj\u00e4llr\u00e4ven Polar 2017 In Drive magaz\u00edn Slovak Lines\n\t\t\t\t<\/figcaption><\/figure><figure class='gallery-item'>\n\t\t\t<div class='gallery-icon landscape'>\n\t\t\t\t<a href='https:\/\/www.slovaklinesmagazin.sk\/cms\/2016\/11\/peter-holly-cenim-si-kazdu-radu-ci-od-sedliaka-na-poli-alebo-experta-na-prezitie-v-divocine\/_mg_7496maly\/'><img loading=\"lazy\" decoding=\"async\" width=\"640\" height=\"426\" src=\"https:\/\/www.slovaklinesmagazin.sk\/cms\/wp-content\/uploads\/2016\/11\/MG_7496maly.jpg\" class=\"attachment-large size-large\" alt=\"\" aria-describedby=\"gallery-1-76128\" srcset=\"https:\/\/www.slovaklinesmagazin.sk\/cms\/wp-content\/uploads\/2016\/11\/MG_7496maly.jpg 850w, https:\/\/www.slovaklinesmagazin.sk\/cms\/wp-content\/uploads\/2016\/11\/MG_7496maly-300x200.jpg 300w, https:\/\/www.slovaklinesmagazin.sk\/cms\/wp-content\/uploads\/2016\/11\/MG_7496maly-768x511.jpg 768w, https:\/\/www.slovaklinesmagazin.sk\/cms\/wp-content\/uploads\/2016\/11\/MG_7496maly-304x202.jpg 304w, https:\/\/www.slovaklinesmagazin.sk\/cms\/wp-content\/uploads\/2016\/11\/MG_7496maly-296x197.jpg 296w\" sizes=\"auto, (max-width: 640px) 100vw, 640px\" \/><\/a>\n\t\t\t<\/div>\n\t\t\t\t<figcaption class='wp-caption-text gallery-caption' id='gallery-1-76128'>\n\t\t\t\tFj\u00e4llr\u00e4ven Polar 2017 In Drive magaz\u00edn Slovak Lines\n\t\t\t\t<\/figcaption><\/figure><figure class='gallery-item'>\n\t\t\t<div class='gallery-icon landscape'>\n\t\t\t\t<a href='https:\/\/www.slovaklinesmagazin.sk\/cms\/2016\/11\/peter-holly-cenim-si-kazdu-radu-ci-od-sedliaka-na-poli-alebo-experta-na-prezitie-v-divocine\/_mg_7537maly\/'><img loading=\"lazy\" decoding=\"async\" width=\"640\" height=\"426\" src=\"https:\/\/www.slovaklinesmagazin.sk\/cms\/wp-content\/uploads\/2016\/11\/MG_7537maly.jpg\" class=\"attachment-large size-large\" alt=\"\" aria-describedby=\"gallery-1-76129\" srcset=\"https:\/\/www.slovaklinesmagazin.sk\/cms\/wp-content\/uploads\/2016\/11\/MG_7537maly.jpg 850w, https:\/\/www.slovaklinesmagazin.sk\/cms\/wp-content\/uploads\/2016\/11\/MG_7537maly-300x200.jpg 300w, https:\/\/www.slovaklinesmagazin.sk\/cms\/wp-content\/uploads\/2016\/11\/MG_7537maly-768x511.jpg 768w, https:\/\/www.slovaklinesmagazin.sk\/cms\/wp-content\/uploads\/2016\/11\/MG_7537maly-304x202.jpg 304w, https:\/\/www.slovaklinesmagazin.sk\/cms\/wp-content\/uploads\/2016\/11\/MG_7537maly-296x197.jpg 296w\" sizes=\"auto, (max-width: 640px) 100vw, 640px\" \/><\/a>\n\t\t\t<\/div>\n\t\t\t\t<figcaption class='wp-caption-text gallery-caption' id='gallery-1-76129'>\n\t\t\t\tFj\u00e4llr\u00e4ven Polar 2017 In Drive magaz\u00edn Slovak Lines\n\t\t\t\t<\/figcaption><\/figure><figure class='gallery-item'>\n\t\t\t<div class='gallery-icon landscape'>\n\t\t\t\t<a href='https:\/\/www.slovaklinesmagazin.sk\/cms\/2016\/11\/peter-holly-cenim-si-kazdu-radu-ci-od-sedliaka-na-poli-alebo-experta-na-prezitie-v-divocine\/_mg_7591maly\/'><img loading=\"lazy\" decoding=\"async\" width=\"640\" height=\"426\" src=\"https:\/\/www.slovaklinesmagazin.sk\/cms\/wp-content\/uploads\/2016\/11\/MG_7591maly.jpg\" class=\"attachment-large size-large\" alt=\"\" aria-describedby=\"gallery-1-76130\" srcset=\"https:\/\/www.slovaklinesmagazin.sk\/cms\/wp-content\/uploads\/2016\/11\/MG_7591maly.jpg 850w, https:\/\/www.slovaklinesmagazin.sk\/cms\/wp-content\/uploads\/2016\/11\/MG_7591maly-300x200.jpg 300w, https:\/\/www.slovaklinesmagazin.sk\/cms\/wp-content\/uploads\/2016\/11\/MG_7591maly-768x511.jpg 768w, https:\/\/www.slovaklinesmagazin.sk\/cms\/wp-content\/uploads\/2016\/11\/MG_7591maly-304x202.jpg 304w, https:\/\/www.slovaklinesmagazin.sk\/cms\/wp-content\/uploads\/2016\/11\/MG_7591maly-296x197.jpg 296w\" sizes=\"auto, (max-width: 640px) 100vw, 640px\" \/><\/a>\n\t\t\t<\/div>\n\t\t\t\t<figcaption class='wp-caption-text gallery-caption' id='gallery-1-76130'>\n\t\t\t\tFj\u00e4llr\u00e4ven Polar 2017 In Drive magaz\u00edn Slovak Lines\n\t\t\t\t<\/figcaption><\/figure><figure class='gallery-item'>\n\t\t\t<div class='gallery-icon landscape'>\n\t\t\t\t<a href='https:\/\/www.slovaklinesmagazin.sk\/cms\/2016\/11\/peter-holly-cenim-si-kazdu-radu-ci-od-sedliaka-na-poli-alebo-experta-na-prezitie-v-divocine\/_mg_7615maly-2\/'><img loading=\"lazy\" decoding=\"async\" width=\"640\" height=\"426\" src=\"https:\/\/www.slovaklinesmagazin.sk\/cms\/wp-content\/uploads\/2016\/11\/MG_7615maly-1.jpg\" class=\"attachment-large size-large\" alt=\"\" aria-describedby=\"gallery-1-76131\" srcset=\"https:\/\/www.slovaklinesmagazin.sk\/cms\/wp-content\/uploads\/2016\/11\/MG_7615maly-1.jpg 850w, https:\/\/www.slovaklinesmagazin.sk\/cms\/wp-content\/uploads\/2016\/11\/MG_7615maly-1-300x200.jpg 300w, https:\/\/www.slovaklinesmagazin.sk\/cms\/wp-content\/uploads\/2016\/11\/MG_7615maly-1-768x511.jpg 768w, https:\/\/www.slovaklinesmagazin.sk\/cms\/wp-content\/uploads\/2016\/11\/MG_7615maly-1-304x202.jpg 304w, https:\/\/www.slovaklinesmagazin.sk\/cms\/wp-content\/uploads\/2016\/11\/MG_7615maly-1-296x197.jpg 296w\" sizes=\"auto, (max-width: 640px) 100vw, 640px\" \/><\/a>\n\t\t\t<\/div>\n\t\t\t\t<figcaption class='wp-caption-text gallery-caption' id='gallery-1-76131'>\n\t\t\t\tFj\u00e4llr\u00e4ven Polar 2017 In Drive magaz\u00edn Slovak Lines\n\t\t\t\t<\/figcaption><\/figure><figure class='gallery-item'>\n\t\t\t<div class='gallery-icon landscape'>\n\t\t\t\t<a href='https:\/\/www.slovaklinesmagazin.sk\/cms\/2016\/11\/peter-holly-cenim-si-kazdu-radu-ci-od-sedliaka-na-poli-alebo-experta-na-prezitie-v-divocine\/_mg_7663maly-2\/'><img loading=\"lazy\" decoding=\"async\" width=\"640\" height=\"426\" src=\"https:\/\/www.slovaklinesmagazin.sk\/cms\/wp-content\/uploads\/2016\/11\/MG_7663maly-1.jpg\" class=\"attachment-large size-large\" alt=\"\" aria-describedby=\"gallery-1-76132\" srcset=\"https:\/\/www.slovaklinesmagazin.sk\/cms\/wp-content\/uploads\/2016\/11\/MG_7663maly-1.jpg 850w, https:\/\/www.slovaklinesmagazin.sk\/cms\/wp-content\/uploads\/2016\/11\/MG_7663maly-1-300x200.jpg 300w, https:\/\/www.slovaklinesmagazin.sk\/cms\/wp-content\/uploads\/2016\/11\/MG_7663maly-1-768x511.jpg 768w, https:\/\/www.slovaklinesmagazin.sk\/cms\/wp-content\/uploads\/2016\/11\/MG_7663maly-1-304x202.jpg 304w, https:\/\/www.slovaklinesmagazin.sk\/cms\/wp-content\/uploads\/2016\/11\/MG_7663maly-1-296x197.jpg 296w\" sizes=\"auto, (max-width: 640px) 100vw, 640px\" \/><\/a>\n\t\t\t<\/div>\n\t\t\t\t<figcaption class='wp-caption-text gallery-caption' id='gallery-1-76132'>\n\t\t\t\tFj\u00e4llr\u00e4ven Polar 2017 In Drive magaz\u00edn Slovak Lines\n\t\t\t\t<\/figcaption><\/figure><figure class='gallery-item'>\n\t\t\t<div class='gallery-icon landscape'>\n\t\t\t\t<a href='https:\/\/www.slovaklinesmagazin.sk\/cms\/2016\/11\/peter-holly-cenim-si-kazdu-radu-ci-od-sedliaka-na-poli-alebo-experta-na-prezitie-v-divocine\/_mg_7683maly\/'><img loading=\"lazy\" decoding=\"async\" width=\"640\" height=\"426\" src=\"https:\/\/www.slovaklinesmagazin.sk\/cms\/wp-content\/uploads\/2016\/11\/MG_7683maly.jpg\" class=\"attachment-large size-large\" alt=\"\" aria-describedby=\"gallery-1-76133\" srcset=\"https:\/\/www.slovaklinesmagazin.sk\/cms\/wp-content\/uploads\/2016\/11\/MG_7683maly.jpg 850w, https:\/\/www.slovaklinesmagazin.sk\/cms\/wp-content\/uploads\/2016\/11\/MG_7683maly-300x200.jpg 300w, https:\/\/www.slovaklinesmagazin.sk\/cms\/wp-content\/uploads\/2016\/11\/MG_7683maly-768x511.jpg 768w, https:\/\/www.slovaklinesmagazin.sk\/cms\/wp-content\/uploads\/2016\/11\/MG_7683maly-304x202.jpg 304w, https:\/\/www.slovaklinesmagazin.sk\/cms\/wp-content\/uploads\/2016\/11\/MG_7683maly-296x197.jpg 296w\" sizes=\"auto, (max-width: 640px) 100vw, 640px\" \/><\/a>\n\t\t\t<\/div>\n\t\t\t\t<figcaption class='wp-caption-text gallery-caption' id='gallery-1-76133'>\n\t\t\t\tFj\u00e4llr\u00e4ven Polar 2017 In Drive magaz\u00edn Slovak Lines\n\t\t\t\t<\/figcaption><\/figure><figure class='gallery-item'>\n\t\t\t<div class='gallery-icon landscape'>\n\t\t\t\t<a href='https:\/\/www.slovaklinesmagazin.sk\/cms\/2016\/11\/peter-holly-cenim-si-kazdu-radu-ci-od-sedliaka-na-poli-alebo-experta-na-prezitie-v-divocine\/_mg_7712maly\/'><img loading=\"lazy\" decoding=\"async\" width=\"640\" height=\"426\" src=\"https:\/\/www.slovaklinesmagazin.sk\/cms\/wp-content\/uploads\/2016\/11\/MG_7712maly.jpg\" class=\"attachment-large size-large\" alt=\"\" aria-describedby=\"gallery-1-76134\" srcset=\"https:\/\/www.slovaklinesmagazin.sk\/cms\/wp-content\/uploads\/2016\/11\/MG_7712maly.jpg 850w, https:\/\/www.slovaklinesmagazin.sk\/cms\/wp-content\/uploads\/2016\/11\/MG_7712maly-300x200.jpg 300w, https:\/\/www.slovaklinesmagazin.sk\/cms\/wp-content\/uploads\/2016\/11\/MG_7712maly-768x511.jpg 768w, https:\/\/www.slovaklinesmagazin.sk\/cms\/wp-content\/uploads\/2016\/11\/MG_7712maly-304x202.jpg 304w, https:\/\/www.slovaklinesmagazin.sk\/cms\/wp-content\/uploads\/2016\/11\/MG_7712maly-296x197.jpg 296w\" sizes=\"auto, (max-width: 640px) 100vw, 640px\" \/><\/a>\n\t\t\t<\/div>\n\t\t\t\t<figcaption class='wp-caption-text gallery-caption' id='gallery-1-76134'>\n\t\t\t\tFj\u00e4llr\u00e4ven Polar 2017 In Drive magaz\u00edn Slovak Lines\n\t\t\t\t<\/figcaption><\/figure><figure class='gallery-item'>\n\t\t\t<div class='gallery-icon landscape'>\n\t\t\t\t<a href='https:\/\/www.slovaklinesmagazin.sk\/cms\/2016\/11\/peter-holly-cenim-si-kazdu-radu-ci-od-sedliaka-na-poli-alebo-experta-na-prezitie-v-divocine\/_mg_7724maly\/'><img loading=\"lazy\" decoding=\"async\" width=\"640\" height=\"426\" src=\"https:\/\/www.slovaklinesmagazin.sk\/cms\/wp-content\/uploads\/2016\/11\/MG_7724maly.jpg\" class=\"attachment-large size-large\" alt=\"\" aria-describedby=\"gallery-1-76135\" srcset=\"https:\/\/www.slovaklinesmagazin.sk\/cms\/wp-content\/uploads\/2016\/11\/MG_7724maly.jpg 850w, https:\/\/www.slovaklinesmagazin.sk\/cms\/wp-content\/uploads\/2016\/11\/MG_7724maly-300x200.jpg 300w, https:\/\/www.slovaklinesmagazin.sk\/cms\/wp-content\/uploads\/2016\/11\/MG_7724maly-768x511.jpg 768w, https:\/\/www.slovaklinesmagazin.sk\/cms\/wp-content\/uploads\/2016\/11\/MG_7724maly-304x202.jpg 304w, https:\/\/www.slovaklinesmagazin.sk\/cms\/wp-content\/uploads\/2016\/11\/MG_7724maly-296x197.jpg 296w\" sizes=\"auto, (max-width: 640px) 100vw, 640px\" \/><\/a>\n\t\t\t<\/div>\n\t\t\t\t<figcaption class='wp-caption-text gallery-caption' id='gallery-1-76135'>\n\t\t\t\tFj\u00e4llr\u00e4ven Polar 2017 In Drive magaz\u00edn Slovak Lines\n\t\t\t\t<\/figcaption><\/figure><figure class='gallery-item'>\n\t\t\t<div class='gallery-icon landscape'>\n\t\t\t\t<a href='https:\/\/www.slovaklinesmagazin.sk\/cms\/2016\/11\/peter-holly-cenim-si-kazdu-radu-ci-od-sedliaka-na-poli-alebo-experta-na-prezitie-v-divocine\/_mg_7740maly\/'><img loading=\"lazy\" decoding=\"async\" width=\"640\" height=\"426\" src=\"https:\/\/www.slovaklinesmagazin.sk\/cms\/wp-content\/uploads\/2016\/11\/MG_7740maly.jpg\" class=\"attachment-large size-large\" alt=\"\" aria-describedby=\"gallery-1-76136\" srcset=\"https:\/\/www.slovaklinesmagazin.sk\/cms\/wp-content\/uploads\/2016\/11\/MG_7740maly.jpg 850w, https:\/\/www.slovaklinesmagazin.sk\/cms\/wp-content\/uploads\/2016\/11\/MG_7740maly-300x200.jpg 300w, https:\/\/www.slovaklinesmagazin.sk\/cms\/wp-content\/uploads\/2016\/11\/MG_7740maly-768x511.jpg 768w, https:\/\/www.slovaklinesmagazin.sk\/cms\/wp-content\/uploads\/2016\/11\/MG_7740maly-304x202.jpg 304w, https:\/\/www.slovaklinesmagazin.sk\/cms\/wp-content\/uploads\/2016\/11\/MG_7740maly-296x197.jpg 296w\" sizes=\"auto, (max-width: 640px) 100vw, 640px\" \/><\/a>\n\t\t\t<\/div>\n\t\t\t\t<figcaption class='wp-caption-text gallery-caption' id='gallery-1-76136'>\n\t\t\t\tFj\u00e4llr\u00e4ven Polar 2017 In Drive magaz\u00edn Slovak Lines\n\t\t\t\t<\/figcaption><\/figure><figure class='gallery-item'>\n\t\t\t<div class='gallery-icon landscape'>\n\t\t\t\t<a href='https:\/\/www.slovaklinesmagazin.sk\/cms\/2016\/11\/peter-holly-cenim-si-kazdu-radu-ci-od-sedliaka-na-poli-alebo-experta-na-prezitie-v-divocine\/_mg_7807maly\/'><img loading=\"lazy\" decoding=\"async\" width=\"640\" height=\"426\" src=\"https:\/\/www.slovaklinesmagazin.sk\/cms\/wp-content\/uploads\/2016\/11\/MG_7807maly.jpg\" class=\"attachment-large size-large\" alt=\"\" aria-describedby=\"gallery-1-76137\" srcset=\"https:\/\/www.slovaklinesmagazin.sk\/cms\/wp-content\/uploads\/2016\/11\/MG_7807maly.jpg 850w, https:\/\/www.slovaklinesmagazin.sk\/cms\/wp-content\/uploads\/2016\/11\/MG_7807maly-300x200.jpg 300w, https:\/\/www.slovaklinesmagazin.sk\/cms\/wp-content\/uploads\/2016\/11\/MG_7807maly-768x511.jpg 768w, https:\/\/www.slovaklinesmagazin.sk\/cms\/wp-content\/uploads\/2016\/11\/MG_7807maly-304x202.jpg 304w, https:\/\/www.slovaklinesmagazin.sk\/cms\/wp-content\/uploads\/2016\/11\/MG_7807maly-296x197.jpg 296w\" sizes=\"auto, (max-width: 640px) 100vw, 640px\" \/><\/a>\n\t\t\t<\/div>\n\t\t\t\t<figcaption class='wp-caption-text gallery-caption' id='gallery-1-76137'>\n\t\t\t\tFj\u00e4llr\u00e4ven Polar 2017 In Drive magaz\u00edn Slovak Lines\n\t\t\t\t<\/figcaption><\/figure><figure class='gallery-item'>\n\t\t\t<div class='gallery-icon landscape'>\n\t\t\t\t<a href='https:\/\/www.slovaklinesmagazin.sk\/cms\/2016\/11\/peter-holly-cenim-si-kazdu-radu-ci-od-sedliaka-na-poli-alebo-experta-na-prezitie-v-divocine\/_mg_7840maly\/'><img loading=\"lazy\" decoding=\"async\" width=\"640\" height=\"426\" src=\"https:\/\/www.slovaklinesmagazin.sk\/cms\/wp-content\/uploads\/2016\/11\/MG_7840maly.jpg\" class=\"attachment-large size-large\" alt=\"\" aria-describedby=\"gallery-1-76138\" srcset=\"https:\/\/www.slovaklinesmagazin.sk\/cms\/wp-content\/uploads\/2016\/11\/MG_7840maly.jpg 850w, https:\/\/www.slovaklinesmagazin.sk\/cms\/wp-content\/uploads\/2016\/11\/MG_7840maly-300x200.jpg 300w, https:\/\/www.slovaklinesmagazin.sk\/cms\/wp-content\/uploads\/2016\/11\/MG_7840maly-768x511.jpg 768w, https:\/\/www.slovaklinesmagazin.sk\/cms\/wp-content\/uploads\/2016\/11\/MG_7840maly-304x202.jpg 304w, https:\/\/www.slovaklinesmagazin.sk\/cms\/wp-content\/uploads\/2016\/11\/MG_7840maly-296x197.jpg 296w\" sizes=\"auto, (max-width: 640px) 100vw, 640px\" \/><\/a>\n\t\t\t<\/div>\n\t\t\t\t<figcaption class='wp-caption-text gallery-caption' id='gallery-1-76138'>\n\t\t\t\tFj\u00e4llr\u00e4ven Polar 2017 In Drive magaz\u00edn Slovak Lines\n\t\t\t\t<\/figcaption><\/figure><figure class='gallery-item'>\n\t\t\t<div class='gallery-icon landscape'>\n\t\t\t\t<a href='https:\/\/www.slovaklinesmagazin.sk\/cms\/2016\/11\/peter-holly-cenim-si-kazdu-radu-ci-od-sedliaka-na-poli-alebo-experta-na-prezitie-v-divocine\/dcim106gopro\/'><img loading=\"lazy\" decoding=\"async\" width=\"640\" height=\"480\" src=\"https:\/\/www.slovaklinesmagazin.sk\/cms\/wp-content\/uploads\/2016\/11\/G0011687maly.jpg\" class=\"attachment-large size-large\" alt=\"\" aria-describedby=\"gallery-1-76139\" srcset=\"https:\/\/www.slovaklinesmagazin.sk\/cms\/wp-content\/uploads\/2016\/11\/G0011687maly.jpg 850w, https:\/\/www.slovaklinesmagazin.sk\/cms\/wp-content\/uploads\/2016\/11\/G0011687maly-300x225.jpg 300w, https:\/\/www.slovaklinesmagazin.sk\/cms\/wp-content\/uploads\/2016\/11\/G0011687maly-768x576.jpg 768w, https:\/\/www.slovaklinesmagazin.sk\/cms\/wp-content\/uploads\/2016\/11\/G0011687maly-304x228.jpg 304w, https:\/\/www.slovaklinesmagazin.sk\/cms\/wp-content\/uploads\/2016\/11\/G0011687maly-296x222.jpg 296w\" sizes=\"auto, (max-width: 640px) 100vw, 640px\" \/><\/a>\n\t\t\t<\/div>\n\t\t\t\t<figcaption class='wp-caption-text gallery-caption' id='gallery-1-76139'>\n\t\t\t\tFj\u00e4llr\u00e4ven Polar 2017 In Drive magaz\u00edn Slovak Lines\n\t\t\t\t<\/figcaption><\/figure>\n\t\t<\/div>\n\n<p><strong>Fj\u00e4llr\u00e4ven Polar 2017<\/strong><\/p>\n<p>Viacej inform\u00e1ci\u00ed aj <a href=\"http:\/\/slovaklinesmagazin.sk\/cms\/2016\/11\/toto-mozes-byt-ty-fjallraven-polar-2017\/\" target=\"_blank\">TU<\/a><\/p>\n<p>Hlasovanie sa za\u010dne 16. novembra 2016 na str\u00e1nke<br \/>\n<a href=\"http:\/\/polar.fjallraven.com\/\" target=\"_blank\">http:\/\/polar.fjallraven.com\/<\/a><br \/>\n<span style=\"color: #000080;\">Peter Holl\u00fd: \u201eTento rok je v\u00fdnimo\u010dn\u00fd pr\u00e1ve t\u00fdm, \u017ee<\/span><br \/>\n<span style=\"color: #000080;\">Slovensko m\u00e1 osobitn\u00fa kateg\u00f3riu. Ja som s\u00fa\u0165a\u017eil s cel\u00fdm<\/span><br \/>\n<span style=\"color: #000080;\">svetom v kateg\u00f3rii \u201eother countries\u201c. To znamen\u00e1,<\/span><br \/>\n<span style=\"color: #000080;\">\u017ee dvaja Slov\u00e1ci sa ur\u010dite z\u00fa\u010dastnia na tomto neopakovate\u013enom<\/span><br \/>\n<span style=\"color: #000080;\">z\u00e1\u017eitku. T\u00e1to mo\u017enos\u0165 sa u\u017e nemus\u00ed<\/span><br \/>\n<span style=\"color: #000080;\">opakova\u0165, treba ju vyu\u017ei\u0165 a prihl\u00e1si\u0165 sa.\u201c<\/span><\/p>\n","protected":false},"excerpt":{"rendered":"<p>M\u00e1 pr\u00e1cu snov, preto\u017ee sp\u00e1ja akt\u00edvny \u017eivotn\u00fd \u0161t\u00fdl s pr\u00edrodou. Slov\u00e1ci ho za\u010dali spozn\u00e1va\u0165 v\u010faka tomu, \u017ee v roku 2014 so zna\u010dkou Fj\u00e4llr\u00e4ven absolvoval pol\u00e1rnu exped\u00edciu v\u00a0extr\u00e9mnych podmienkach. Dnes je ambas\u00e1dorom tejto zna\u010dky a zdie\u013ea jej hodnoty a z\u00e1ujmy, ktor\u00e9 sa daj\u00fa zhrn\u00fa\u0165 do sloganu: \u201eNa\u0161\u00edm cie\u013eom je zdrav\u0161\u00ed outdoorov\u00fd \u017eivot, a to teraz aj [&hellip;]<\/p>\n","protected":false},"author":7,"featured_media":76103,"comment_status":"closed","ping_status":"closed","sticky":false,"template":"","format":"standard","meta":{"footnotes":""},"categories":[13,45,11,5,52,56,14],"tags":[],"class_list":["post-76102","post","type-post","status-publish","format-standard","has-post-thumbnail","hentry","category-real-estate","category-nas-tip","category-news","category-celebrity-magazine","category-outdoor","category-priroda","category-sport","eq-blocks"],"_links":{"self":[{"href":"https:\/\/www.slovaklinesmagazin.sk\/cms\/wp-json\/wp\/v2\/posts\/76102","targetHints":{"allow":["GET"]}}],"collection":[{"href":"https:\/\/www.slovaklinesmagazin.sk\/cms\/wp-json\/wp\/v2\/posts"}],"about":[{"href":"https:\/\/www.slovaklinesmagazin.sk\/cms\/wp-json\/wp\/v2\/types\/post"}],"author":[{"embeddable":true,"href":"https:\/\/www.slovaklinesmagazin.sk\/cms\/wp-json\/wp\/v2\/users\/7"}],"replies":[{"embeddable":true,"href":"https:\/\/www.slovaklinesmagazin.sk\/cms\/wp-json\/wp\/v2\/comments?post=76102"}],"version-history":[{"count":4,"href":"https:\/\/www.slovaklinesmagazin.sk\/cms\/wp-json\/wp\/v2\/posts\/76102\/revisions"}],"predecessor-version":[{"id":76169,"href":"https:\/\/www.slovaklinesmagazin.sk\/cms\/wp-json\/wp\/v2\/posts\/76102\/revisions\/76169"}],"wp:featuredmedia":[{"embeddable":true,"href":"https:\/\/www.slovaklinesmagazin.sk\/cms\/wp-json\/wp\/v2\/media\/76103"}],"wp:attachment":[{"href":"https:\/\/www.slovaklinesmagazin.sk\/cms\/wp-json\/wp\/v2\/media?parent=76102"}],"wp:term":[{"taxonomy":"category","embeddable":true,"href":"https:\/\/www.slovaklinesmagazin.sk\/cms\/wp-json\/wp\/v2\/categories?post=76102"},{"taxonomy":"post_tag","embeddable":true,"href":"https:\/\/www.slovaklinesmagazin.sk\/cms\/wp-json\/wp\/v2\/tags?post=76102"}],"curies":[{"name":"wp","href":"https:\/\/api.w.org\/{rel}","templated":true}]}}