{"id":76143,"date":"2016-11-09T15:26:57","date_gmt":"2016-11-09T13:26:57","guid":{"rendered":"http:\/\/slovaklinesmagazin.sk\/cms\/?p=76143"},"modified":"2016-11-09T15:26:57","modified_gmt":"2016-11-09T13:26:57","slug":"toto-mozes-byt-ty-fjallraven-polar-2017","status":"publish","type":"post","link":"https:\/\/www.slovaklinesmagazin.sk\/cms\/2016\/11\/toto-mozes-byt-ty-fjallraven-polar-2017\/","title":{"rendered":"Toto m\u00f4\u017ee\u0161 by\u0165 Ty! &#8211; FJ\u00c4LLR\u00c4VEN POLAR 2017"},"content":{"rendered":"<p>V apr\u00edli 2017 sme op\u00e4\u0165 pripraven\u00ed: 20 nov\u00fdch \u00fa\u010dastn\u00edkov a \u00fa\u010dastn\u00ed\u010dok bude ma\u0165 mo\u017enos\u0165 z\u00fa\u010dastni\u0165 sa nezabudnute\u013enej cesty so ps\u00edm z\u00e1prahom naprie\u010d horami a\u00a0\u0161kandin\u00e1vskou tundrou.<\/p>\n<p style=\"text-align: center;\"><strong>S\u00fa\u0165a\u017e o miesto na Fj\u00e4llr\u00e4ven Polar! <\/strong><\/p>\n<p style=\"text-align: center;\">Registruj svoju \u017eiados\u0165 na:<\/p>\n<p style=\"text-align: center;\"><a href=\"http:\/\/www.polar.fjallraven.com\" target=\"_blank\">www.polar.fjallraven.com<\/a><\/p>\n<p>Zaves fotografiu alebo video s textom, ktor\u00fd vysvet\u013euje, pre\u010do by si sa mal z\u00fa\u010dastni\u0165 pr\u00e1ve ty. Hne\u010f ako sa zaregistruje\u0161, tvoja \u017eiados\u0165 bude vidite\u013en\u00e1 na webovej str\u00e1nke a ostatn\u00ed m\u00f4\u017eu za teba hlasova\u0165. Registrovan\u00fd \u00fa\u010dastn\u00edk, ktor\u00fd z\u00edska najviac hlasov vo svojej krajine alebo regi\u00f3ne, vyhr\u00e1va miesto na Fj\u00e4llr\u00e4ven Polar.<\/p>\n<p style=\"text-align: center;\">Nezabudni teda poveda\u0165 kamar\u00e1tkam a kamar\u00e1tom, aby za teba hlasovali !<\/p>\n<p>Jeden kr\u00e1t m\u00f4\u017ee\u0161 hlasova\u0165 aj s\u00e1m\/sama za seba, ale registr\u00e1ciu m\u00f4\u017ee\u0161 posla\u0165 len raz. Fj\u00e4llr\u00e4ven vyberie e\u0161te jedn\u00e9ho \u010fal\u0161ieho \u00fa\u010dastn\u00edka alebo \u00fa\u010dastn\u00ed\u010dku z ka\u017edej krajiny\/ regi\u00f3nu. Podmienkou registr\u00e1cie je minim\u00e1lny vek 18 rokov a dobr\u00fd zdravotn\u00fd stav. In\u00e9 po\u017eiadavky na fyzick\u00fd stav na zapojenie sa do Fj\u00e4llr\u00e4ven Polar nie s\u00fa.<\/p>\n<p>Registruj sa od 16. novembra do 15. decembra 2016.<\/p>\n<div id='gallery-1' class='gallery galleryid-76143 gallery-columns-3 gallery-size-full'><figure class='gallery-item'>\n\t\t\t<div class='gallery-icon landscape'>\n\t\t\t\t<a href='https:\/\/www.slovaklinesmagazin.sk\/cms\/2016\/11\/toto-mozes-byt-ty-fjallraven-polar-2017\/_h8b2033maly-2\/'><img loading=\"lazy\" decoding=\"async\" width=\"850\" height=\"566\" src=\"https:\/\/www.slovaklinesmagazin.sk\/cms\/wp-content\/uploads\/2016\/11\/H8B2033maly-1.jpg\" class=\"attachment-full size-full\" alt=\"\" srcset=\"https:\/\/www.slovaklinesmagazin.sk\/cms\/wp-content\/uploads\/2016\/11\/H8B2033maly-1.jpg 850w, https:\/\/www.slovaklinesmagazin.sk\/cms\/wp-content\/uploads\/2016\/11\/H8B2033maly-1-300x200.jpg 300w, https:\/\/www.slovaklinesmagazin.sk\/cms\/wp-content\/uploads\/2016\/11\/H8B2033maly-1-768x511.jpg 768w, https:\/\/www.slovaklinesmagazin.sk\/cms\/wp-content\/uploads\/2016\/11\/H8B2033maly-1-304x202.jpg 304w, https:\/\/www.slovaklinesmagazin.sk\/cms\/wp-content\/uploads\/2016\/11\/H8B2033maly-1-296x197.jpg 296w\" sizes=\"auto, (max-width: 850px) 100vw, 850px\" \/><\/a>\n\t\t\t<\/div><\/figure><figure class='gallery-item'>\n\t\t\t<div class='gallery-icon landscape'>\n\t\t\t\t<a href='https:\/\/www.slovaklinesmagazin.sk\/cms\/2016\/11\/peter-holly-cenim-si-kazdu-radu-ci-od-sedliaka-na-poli-alebo-experta-na-prezitie-v-divocine\/dcim106gopro\/'><img loading=\"lazy\" decoding=\"async\" width=\"850\" height=\"637\" src=\"https:\/\/www.slovaklinesmagazin.sk\/cms\/wp-content\/uploads\/2016\/11\/G0011687maly.jpg\" class=\"attachment-full size-full\" alt=\"\" aria-describedby=\"gallery-1-76139\" srcset=\"https:\/\/www.slovaklinesmagazin.sk\/cms\/wp-content\/uploads\/2016\/11\/G0011687maly.jpg 850w, https:\/\/www.slovaklinesmagazin.sk\/cms\/wp-content\/uploads\/2016\/11\/G0011687maly-300x225.jpg 300w, https:\/\/www.slovaklinesmagazin.sk\/cms\/wp-content\/uploads\/2016\/11\/G0011687maly-768x576.jpg 768w, https:\/\/www.slovaklinesmagazin.sk\/cms\/wp-content\/uploads\/2016\/11\/G0011687maly-304x228.jpg 304w, https:\/\/www.slovaklinesmagazin.sk\/cms\/wp-content\/uploads\/2016\/11\/G0011687maly-296x222.jpg 296w\" sizes=\"auto, (max-width: 850px) 100vw, 850px\" \/><\/a>\n\t\t\t<\/div>\n\t\t\t\t<figcaption class='wp-caption-text gallery-caption' id='gallery-1-76139'>\n\t\t\t\tFj\u00e4llr\u00e4ven Polar 2017 In Drive magaz\u00edn Slovak Lines\n\t\t\t\t<\/figcaption><\/figure><figure class='gallery-item'>\n\t\t\t<div class='gallery-icon landscape'>\n\t\t\t\t<a href='https:\/\/www.slovaklinesmagazin.sk\/cms\/2016\/11\/peter-holly-cenim-si-kazdu-radu-ci-od-sedliaka-na-poli-alebo-experta-na-prezitie-v-divocine\/_mg_7840maly\/'><img loading=\"lazy\" decoding=\"async\" width=\"850\" height=\"566\" src=\"https:\/\/www.slovaklinesmagazin.sk\/cms\/wp-content\/uploads\/2016\/11\/MG_7840maly.jpg\" class=\"attachment-full size-full\" alt=\"\" aria-describedby=\"gallery-1-76138\" srcset=\"https:\/\/www.slovaklinesmagazin.sk\/cms\/wp-content\/uploads\/2016\/11\/MG_7840maly.jpg 850w, https:\/\/www.slovaklinesmagazin.sk\/cms\/wp-content\/uploads\/2016\/11\/MG_7840maly-300x200.jpg 300w, https:\/\/www.slovaklinesmagazin.sk\/cms\/wp-content\/uploads\/2016\/11\/MG_7840maly-768x511.jpg 768w, https:\/\/www.slovaklinesmagazin.sk\/cms\/wp-content\/uploads\/2016\/11\/MG_7840maly-304x202.jpg 304w, https:\/\/www.slovaklinesmagazin.sk\/cms\/wp-content\/uploads\/2016\/11\/MG_7840maly-296x197.jpg 296w\" sizes=\"auto, (max-width: 850px) 100vw, 850px\" \/><\/a>\n\t\t\t<\/div>\n\t\t\t\t<figcaption class='wp-caption-text gallery-caption' id='gallery-1-76138'>\n\t\t\t\tFj\u00e4llr\u00e4ven Polar 2017 In Drive magaz\u00edn Slovak Lines\n\t\t\t\t<\/figcaption><\/figure><figure class='gallery-item'>\n\t\t\t<div class='gallery-icon landscape'>\n\t\t\t\t<a href='https:\/\/www.slovaklinesmagazin.sk\/cms\/2016\/11\/peter-holly-cenim-si-kazdu-radu-ci-od-sedliaka-na-poli-alebo-experta-na-prezitie-v-divocine\/_mg_7807maly\/'><img loading=\"lazy\" decoding=\"async\" width=\"850\" height=\"566\" src=\"https:\/\/www.slovaklinesmagazin.sk\/cms\/wp-content\/uploads\/2016\/11\/MG_7807maly.jpg\" class=\"attachment-full size-full\" alt=\"\" aria-describedby=\"gallery-1-76137\" srcset=\"https:\/\/www.slovaklinesmagazin.sk\/cms\/wp-content\/uploads\/2016\/11\/MG_7807maly.jpg 850w, https:\/\/www.slovaklinesmagazin.sk\/cms\/wp-content\/uploads\/2016\/11\/MG_7807maly-300x200.jpg 300w, https:\/\/www.slovaklinesmagazin.sk\/cms\/wp-content\/uploads\/2016\/11\/MG_7807maly-768x511.jpg 768w, https:\/\/www.slovaklinesmagazin.sk\/cms\/wp-content\/uploads\/2016\/11\/MG_7807maly-304x202.jpg 304w, https:\/\/www.slovaklinesmagazin.sk\/cms\/wp-content\/uploads\/2016\/11\/MG_7807maly-296x197.jpg 296w\" sizes=\"auto, (max-width: 850px) 100vw, 850px\" \/><\/a>\n\t\t\t<\/div>\n\t\t\t\t<figcaption class='wp-caption-text gallery-caption' id='gallery-1-76137'>\n\t\t\t\tFj\u00e4llr\u00e4ven Polar 2017 In Drive magaz\u00edn Slovak Lines\n\t\t\t\t<\/figcaption><\/figure><figure class='gallery-item'>\n\t\t\t<div class='gallery-icon landscape'>\n\t\t\t\t<a href='https:\/\/www.slovaklinesmagazin.sk\/cms\/2016\/11\/peter-holly-cenim-si-kazdu-radu-ci-od-sedliaka-na-poli-alebo-experta-na-prezitie-v-divocine\/_mg_7740maly\/'><img loading=\"lazy\" decoding=\"async\" width=\"850\" height=\"566\" src=\"https:\/\/www.slovaklinesmagazin.sk\/cms\/wp-content\/uploads\/2016\/11\/MG_7740maly.jpg\" class=\"attachment-full size-full\" alt=\"\" aria-describedby=\"gallery-1-76136\" srcset=\"https:\/\/www.slovaklinesmagazin.sk\/cms\/wp-content\/uploads\/2016\/11\/MG_7740maly.jpg 850w, https:\/\/www.slovaklinesmagazin.sk\/cms\/wp-content\/uploads\/2016\/11\/MG_7740maly-300x200.jpg 300w, https:\/\/www.slovaklinesmagazin.sk\/cms\/wp-content\/uploads\/2016\/11\/MG_7740maly-768x511.jpg 768w, https:\/\/www.slovaklinesmagazin.sk\/cms\/wp-content\/uploads\/2016\/11\/MG_7740maly-304x202.jpg 304w, https:\/\/www.slovaklinesmagazin.sk\/cms\/wp-content\/uploads\/2016\/11\/MG_7740maly-296x197.jpg 296w\" sizes=\"auto, (max-width: 850px) 100vw, 850px\" \/><\/a>\n\t\t\t<\/div>\n\t\t\t\t<figcaption class='wp-caption-text gallery-caption' id='gallery-1-76136'>\n\t\t\t\tFj\u00e4llr\u00e4ven Polar 2017 In Drive magaz\u00edn Slovak Lines\n\t\t\t\t<\/figcaption><\/figure><figure class='gallery-item'>\n\t\t\t<div class='gallery-icon landscape'>\n\t\t\t\t<a href='https:\/\/www.slovaklinesmagazin.sk\/cms\/2016\/11\/peter-holly-cenim-si-kazdu-radu-ci-od-sedliaka-na-poli-alebo-experta-na-prezitie-v-divocine\/_mg_7724maly\/'><img loading=\"lazy\" decoding=\"async\" width=\"850\" height=\"566\" src=\"https:\/\/www.slovaklinesmagazin.sk\/cms\/wp-content\/uploads\/2016\/11\/MG_7724maly.jpg\" class=\"attachment-full size-full\" alt=\"\" aria-describedby=\"gallery-1-76135\" srcset=\"https:\/\/www.slovaklinesmagazin.sk\/cms\/wp-content\/uploads\/2016\/11\/MG_7724maly.jpg 850w, https:\/\/www.slovaklinesmagazin.sk\/cms\/wp-content\/uploads\/2016\/11\/MG_7724maly-300x200.jpg 300w, https:\/\/www.slovaklinesmagazin.sk\/cms\/wp-content\/uploads\/2016\/11\/MG_7724maly-768x511.jpg 768w, https:\/\/www.slovaklinesmagazin.sk\/cms\/wp-content\/uploads\/2016\/11\/MG_7724maly-304x202.jpg 304w, https:\/\/www.slovaklinesmagazin.sk\/cms\/wp-content\/uploads\/2016\/11\/MG_7724maly-296x197.jpg 296w\" sizes=\"auto, (max-width: 850px) 100vw, 850px\" \/><\/a>\n\t\t\t<\/div>\n\t\t\t\t<figcaption class='wp-caption-text gallery-caption' id='gallery-1-76135'>\n\t\t\t\tFj\u00e4llr\u00e4ven Polar 2017 In Drive magaz\u00edn Slovak Lines\n\t\t\t\t<\/figcaption><\/figure><figure class='gallery-item'>\n\t\t\t<div class='gallery-icon landscape'>\n\t\t\t\t<a href='https:\/\/www.slovaklinesmagazin.sk\/cms\/2016\/11\/peter-holly-cenim-si-kazdu-radu-ci-od-sedliaka-na-poli-alebo-experta-na-prezitie-v-divocine\/_mg_7712maly\/'><img loading=\"lazy\" decoding=\"async\" width=\"850\" height=\"566\" src=\"https:\/\/www.slovaklinesmagazin.sk\/cms\/wp-content\/uploads\/2016\/11\/MG_7712maly.jpg\" class=\"attachment-full size-full\" alt=\"\" aria-describedby=\"gallery-1-76134\" srcset=\"https:\/\/www.slovaklinesmagazin.sk\/cms\/wp-content\/uploads\/2016\/11\/MG_7712maly.jpg 850w, https:\/\/www.slovaklinesmagazin.sk\/cms\/wp-content\/uploads\/2016\/11\/MG_7712maly-300x200.jpg 300w, https:\/\/www.slovaklinesmagazin.sk\/cms\/wp-content\/uploads\/2016\/11\/MG_7712maly-768x511.jpg 768w, https:\/\/www.slovaklinesmagazin.sk\/cms\/wp-content\/uploads\/2016\/11\/MG_7712maly-304x202.jpg 304w, https:\/\/www.slovaklinesmagazin.sk\/cms\/wp-content\/uploads\/2016\/11\/MG_7712maly-296x197.jpg 296w\" sizes=\"auto, (max-width: 850px) 100vw, 850px\" \/><\/a>\n\t\t\t<\/div>\n\t\t\t\t<figcaption class='wp-caption-text gallery-caption' id='gallery-1-76134'>\n\t\t\t\tFj\u00e4llr\u00e4ven Polar 2017 In Drive magaz\u00edn Slovak Lines\n\t\t\t\t<\/figcaption><\/figure><figure class='gallery-item'>\n\t\t\t<div class='gallery-icon landscape'>\n\t\t\t\t<a href='https:\/\/www.slovaklinesmagazin.sk\/cms\/2016\/11\/peter-holly-cenim-si-kazdu-radu-ci-od-sedliaka-na-poli-alebo-experta-na-prezitie-v-divocine\/_mg_7683maly\/'><img loading=\"lazy\" decoding=\"async\" width=\"850\" height=\"566\" src=\"https:\/\/www.slovaklinesmagazin.sk\/cms\/wp-content\/uploads\/2016\/11\/MG_7683maly.jpg\" class=\"attachment-full size-full\" alt=\"\" aria-describedby=\"gallery-1-76133\" srcset=\"https:\/\/www.slovaklinesmagazin.sk\/cms\/wp-content\/uploads\/2016\/11\/MG_7683maly.jpg 850w, https:\/\/www.slovaklinesmagazin.sk\/cms\/wp-content\/uploads\/2016\/11\/MG_7683maly-300x200.jpg 300w, https:\/\/www.slovaklinesmagazin.sk\/cms\/wp-content\/uploads\/2016\/11\/MG_7683maly-768x511.jpg 768w, https:\/\/www.slovaklinesmagazin.sk\/cms\/wp-content\/uploads\/2016\/11\/MG_7683maly-304x202.jpg 304w, https:\/\/www.slovaklinesmagazin.sk\/cms\/wp-content\/uploads\/2016\/11\/MG_7683maly-296x197.jpg 296w\" sizes=\"auto, (max-width: 850px) 100vw, 850px\" \/><\/a>\n\t\t\t<\/div>\n\t\t\t\t<figcaption class='wp-caption-text gallery-caption' id='gallery-1-76133'>\n\t\t\t\tFj\u00e4llr\u00e4ven Polar 2017 In Drive magaz\u00edn Slovak Lines\n\t\t\t\t<\/figcaption><\/figure><figure class='gallery-item'>\n\t\t\t<div class='gallery-icon landscape'>\n\t\t\t\t<a href='https:\/\/www.slovaklinesmagazin.sk\/cms\/2016\/11\/peter-holly-cenim-si-kazdu-radu-ci-od-sedliaka-na-poli-alebo-experta-na-prezitie-v-divocine\/_mg_7663maly-2\/'><img loading=\"lazy\" decoding=\"async\" width=\"850\" height=\"566\" src=\"https:\/\/www.slovaklinesmagazin.sk\/cms\/wp-content\/uploads\/2016\/11\/MG_7663maly-1.jpg\" class=\"attachment-full size-full\" alt=\"\" aria-describedby=\"gallery-1-76132\" srcset=\"https:\/\/www.slovaklinesmagazin.sk\/cms\/wp-content\/uploads\/2016\/11\/MG_7663maly-1.jpg 850w, https:\/\/www.slovaklinesmagazin.sk\/cms\/wp-content\/uploads\/2016\/11\/MG_7663maly-1-300x200.jpg 300w, https:\/\/www.slovaklinesmagazin.sk\/cms\/wp-content\/uploads\/2016\/11\/MG_7663maly-1-768x511.jpg 768w, https:\/\/www.slovaklinesmagazin.sk\/cms\/wp-content\/uploads\/2016\/11\/MG_7663maly-1-304x202.jpg 304w, https:\/\/www.slovaklinesmagazin.sk\/cms\/wp-content\/uploads\/2016\/11\/MG_7663maly-1-296x197.jpg 296w\" sizes=\"auto, (max-width: 850px) 100vw, 850px\" \/><\/a>\n\t\t\t<\/div>\n\t\t\t\t<figcaption class='wp-caption-text gallery-caption' id='gallery-1-76132'>\n\t\t\t\tFj\u00e4llr\u00e4ven Polar 2017 In Drive magaz\u00edn Slovak Lines\n\t\t\t\t<\/figcaption><\/figure><figure class='gallery-item'>\n\t\t\t<div class='gallery-icon landscape'>\n\t\t\t\t<a href='https:\/\/www.slovaklinesmagazin.sk\/cms\/2016\/11\/peter-holly-cenim-si-kazdu-radu-ci-od-sedliaka-na-poli-alebo-experta-na-prezitie-v-divocine\/_j7a4118maly\/'><img loading=\"lazy\" decoding=\"async\" width=\"850\" height=\"566\" src=\"https:\/\/www.slovaklinesmagazin.sk\/cms\/wp-content\/uploads\/2016\/11\/J7A4118maly.jpg\" class=\"attachment-full size-full\" alt=\"\" aria-describedby=\"gallery-1-76123\" srcset=\"https:\/\/www.slovaklinesmagazin.sk\/cms\/wp-content\/uploads\/2016\/11\/J7A4118maly.jpg 850w, https:\/\/www.slovaklinesmagazin.sk\/cms\/wp-content\/uploads\/2016\/11\/J7A4118maly-300x200.jpg 300w, https:\/\/www.slovaklinesmagazin.sk\/cms\/wp-content\/uploads\/2016\/11\/J7A4118maly-768x511.jpg 768w, https:\/\/www.slovaklinesmagazin.sk\/cms\/wp-content\/uploads\/2016\/11\/J7A4118maly-304x202.jpg 304w, https:\/\/www.slovaklinesmagazin.sk\/cms\/wp-content\/uploads\/2016\/11\/J7A4118maly-296x197.jpg 296w\" sizes=\"auto, (max-width: 850px) 100vw, 850px\" \/><\/a>\n\t\t\t<\/div>\n\t\t\t\t<figcaption class='wp-caption-text gallery-caption' id='gallery-1-76123'>\n\t\t\t\tFj\u00e4llr\u00e4ven Polar 2017 In Drive magaz\u00edn Slovak Lines\n\t\t\t\t<\/figcaption><\/figure><figure class='gallery-item'>\n\t\t\t<div class='gallery-icon landscape'>\n\t\t\t\t<a href='https:\/\/www.slovaklinesmagazin.sk\/cms\/2016\/11\/peter-holly-cenim-si-kazdu-radu-ci-od-sedliaka-na-poli-alebo-experta-na-prezitie-v-divocine\/_j7a4258maly\/'><img loading=\"lazy\" decoding=\"async\" width=\"850\" height=\"566\" src=\"https:\/\/www.slovaklinesmagazin.sk\/cms\/wp-content\/uploads\/2016\/11\/J7A4258maly.jpg\" class=\"attachment-full size-full\" alt=\"\" aria-describedby=\"gallery-1-76124\" srcset=\"https:\/\/www.slovaklinesmagazin.sk\/cms\/wp-content\/uploads\/2016\/11\/J7A4258maly.jpg 850w, https:\/\/www.slovaklinesmagazin.sk\/cms\/wp-content\/uploads\/2016\/11\/J7A4258maly-300x200.jpg 300w, https:\/\/www.slovaklinesmagazin.sk\/cms\/wp-content\/uploads\/2016\/11\/J7A4258maly-768x511.jpg 768w, https:\/\/www.slovaklinesmagazin.sk\/cms\/wp-content\/uploads\/2016\/11\/J7A4258maly-304x202.jpg 304w, https:\/\/www.slovaklinesmagazin.sk\/cms\/wp-content\/uploads\/2016\/11\/J7A4258maly-296x197.jpg 296w\" sizes=\"auto, (max-width: 850px) 100vw, 850px\" \/><\/a>\n\t\t\t<\/div>\n\t\t\t\t<figcaption class='wp-caption-text gallery-caption' id='gallery-1-76124'>\n\t\t\t\tFj\u00e4llr\u00e4ven Polar 2017 In Drive magaz\u00edn Slovak Lines\n\t\t\t\t<\/figcaption><\/figure><figure class='gallery-item'>\n\t\t\t<div class='gallery-icon landscape'>\n\t\t\t\t<a href='https:\/\/www.slovaklinesmagazin.sk\/cms\/2016\/11\/peter-holly-cenim-si-kazdu-radu-ci-od-sedliaka-na-poli-alebo-experta-na-prezitie-v-divocine\/_mg_7407maly-2\/'><img loading=\"lazy\" decoding=\"async\" width=\"850\" height=\"566\" src=\"https:\/\/www.slovaklinesmagazin.sk\/cms\/wp-content\/uploads\/2016\/11\/MG_7407maly-1.jpg\" class=\"attachment-full size-full\" alt=\"\" aria-describedby=\"gallery-1-76125\" srcset=\"https:\/\/www.slovaklinesmagazin.sk\/cms\/wp-content\/uploads\/2016\/11\/MG_7407maly-1.jpg 850w, https:\/\/www.slovaklinesmagazin.sk\/cms\/wp-content\/uploads\/2016\/11\/MG_7407maly-1-300x200.jpg 300w, https:\/\/www.slovaklinesmagazin.sk\/cms\/wp-content\/uploads\/2016\/11\/MG_7407maly-1-768x511.jpg 768w, https:\/\/www.slovaklinesmagazin.sk\/cms\/wp-content\/uploads\/2016\/11\/MG_7407maly-1-304x202.jpg 304w, https:\/\/www.slovaklinesmagazin.sk\/cms\/wp-content\/uploads\/2016\/11\/MG_7407maly-1-296x197.jpg 296w\" sizes=\"auto, (max-width: 850px) 100vw, 850px\" \/><\/a>\n\t\t\t<\/div>\n\t\t\t\t<figcaption class='wp-caption-text gallery-caption' id='gallery-1-76125'>\n\t\t\t\tFj\u00e4llr\u00e4ven Polar 2017 In Drive magaz\u00edn Slovak Lines\n\t\t\t\t<\/figcaption><\/figure><figure class='gallery-item'>\n\t\t\t<div class='gallery-icon landscape'>\n\t\t\t\t<a href='https:\/\/www.slovaklinesmagazin.sk\/cms\/2016\/11\/peter-holly-cenim-si-kazdu-radu-ci-od-sedliaka-na-poli-alebo-experta-na-prezitie-v-divocine\/_mg_7441maly-2\/'><img loading=\"lazy\" decoding=\"async\" width=\"850\" height=\"566\" src=\"https:\/\/www.slovaklinesmagazin.sk\/cms\/wp-content\/uploads\/2016\/11\/MG_7441maly-1.jpg\" class=\"attachment-full size-full\" alt=\"\" aria-describedby=\"gallery-1-76126\" srcset=\"https:\/\/www.slovaklinesmagazin.sk\/cms\/wp-content\/uploads\/2016\/11\/MG_7441maly-1.jpg 850w, https:\/\/www.slovaklinesmagazin.sk\/cms\/wp-content\/uploads\/2016\/11\/MG_7441maly-1-300x200.jpg 300w, https:\/\/www.slovaklinesmagazin.sk\/cms\/wp-content\/uploads\/2016\/11\/MG_7441maly-1-768x511.jpg 768w, https:\/\/www.slovaklinesmagazin.sk\/cms\/wp-content\/uploads\/2016\/11\/MG_7441maly-1-304x202.jpg 304w, https:\/\/www.slovaklinesmagazin.sk\/cms\/wp-content\/uploads\/2016\/11\/MG_7441maly-1-296x197.jpg 296w\" sizes=\"auto, (max-width: 850px) 100vw, 850px\" \/><\/a>\n\t\t\t<\/div>\n\t\t\t\t<figcaption class='wp-caption-text gallery-caption' id='gallery-1-76126'>\n\t\t\t\tFj\u00e4llr\u00e4ven Polar 2017 In Drive magaz\u00edn Slovak Lines\n\t\t\t\t<\/figcaption><\/figure><figure class='gallery-item'>\n\t\t\t<div class='gallery-icon landscape'>\n\t\t\t\t<a href='https:\/\/www.slovaklinesmagazin.sk\/cms\/2016\/11\/peter-holly-cenim-si-kazdu-radu-ci-od-sedliaka-na-poli-alebo-experta-na-prezitie-v-divocine\/_mg_7449maly\/'><img loading=\"lazy\" decoding=\"async\" width=\"850\" height=\"566\" src=\"https:\/\/www.slovaklinesmagazin.sk\/cms\/wp-content\/uploads\/2016\/11\/MG_7449maly.jpg\" class=\"attachment-full size-full\" alt=\"\" aria-describedby=\"gallery-1-76127\" srcset=\"https:\/\/www.slovaklinesmagazin.sk\/cms\/wp-content\/uploads\/2016\/11\/MG_7449maly.jpg 850w, https:\/\/www.slovaklinesmagazin.sk\/cms\/wp-content\/uploads\/2016\/11\/MG_7449maly-300x200.jpg 300w, https:\/\/www.slovaklinesmagazin.sk\/cms\/wp-content\/uploads\/2016\/11\/MG_7449maly-768x511.jpg 768w, https:\/\/www.slovaklinesmagazin.sk\/cms\/wp-content\/uploads\/2016\/11\/MG_7449maly-304x202.jpg 304w, https:\/\/www.slovaklinesmagazin.sk\/cms\/wp-content\/uploads\/2016\/11\/MG_7449maly-296x197.jpg 296w\" sizes=\"auto, (max-width: 850px) 100vw, 850px\" \/><\/a>\n\t\t\t<\/div>\n\t\t\t\t<figcaption class='wp-caption-text gallery-caption' id='gallery-1-76127'>\n\t\t\t\tFj\u00e4llr\u00e4ven Polar 2017 In Drive magaz\u00edn Slovak Lines\n\t\t\t\t<\/figcaption><\/figure><figure class='gallery-item'>\n\t\t\t<div class='gallery-icon landscape'>\n\t\t\t\t<a href='https:\/\/www.slovaklinesmagazin.sk\/cms\/2016\/11\/peter-holly-cenim-si-kazdu-radu-ci-od-sedliaka-na-poli-alebo-experta-na-prezitie-v-divocine\/_mg_7496maly\/'><img loading=\"lazy\" decoding=\"async\" width=\"850\" height=\"566\" src=\"https:\/\/www.slovaklinesmagazin.sk\/cms\/wp-content\/uploads\/2016\/11\/MG_7496maly.jpg\" class=\"attachment-full size-full\" alt=\"\" aria-describedby=\"gallery-1-76128\" srcset=\"https:\/\/www.slovaklinesmagazin.sk\/cms\/wp-content\/uploads\/2016\/11\/MG_7496maly.jpg 850w, https:\/\/www.slovaklinesmagazin.sk\/cms\/wp-content\/uploads\/2016\/11\/MG_7496maly-300x200.jpg 300w, https:\/\/www.slovaklinesmagazin.sk\/cms\/wp-content\/uploads\/2016\/11\/MG_7496maly-768x511.jpg 768w, https:\/\/www.slovaklinesmagazin.sk\/cms\/wp-content\/uploads\/2016\/11\/MG_7496maly-304x202.jpg 304w, https:\/\/www.slovaklinesmagazin.sk\/cms\/wp-content\/uploads\/2016\/11\/MG_7496maly-296x197.jpg 296w\" sizes=\"auto, (max-width: 850px) 100vw, 850px\" \/><\/a>\n\t\t\t<\/div>\n\t\t\t\t<figcaption class='wp-caption-text gallery-caption' id='gallery-1-76128'>\n\t\t\t\tFj\u00e4llr\u00e4ven Polar 2017 In Drive magaz\u00edn Slovak Lines\n\t\t\t\t<\/figcaption><\/figure><figure class='gallery-item'>\n\t\t\t<div class='gallery-icon landscape'>\n\t\t\t\t<a href='https:\/\/www.slovaklinesmagazin.sk\/cms\/2016\/11\/peter-holly-cenim-si-kazdu-radu-ci-od-sedliaka-na-poli-alebo-experta-na-prezitie-v-divocine\/_mg_7537maly\/'><img loading=\"lazy\" decoding=\"async\" width=\"850\" height=\"566\" src=\"https:\/\/www.slovaklinesmagazin.sk\/cms\/wp-content\/uploads\/2016\/11\/MG_7537maly.jpg\" class=\"attachment-full size-full\" alt=\"\" aria-describedby=\"gallery-1-76129\" srcset=\"https:\/\/www.slovaklinesmagazin.sk\/cms\/wp-content\/uploads\/2016\/11\/MG_7537maly.jpg 850w, https:\/\/www.slovaklinesmagazin.sk\/cms\/wp-content\/uploads\/2016\/11\/MG_7537maly-300x200.jpg 300w, https:\/\/www.slovaklinesmagazin.sk\/cms\/wp-content\/uploads\/2016\/11\/MG_7537maly-768x511.jpg 768w, https:\/\/www.slovaklinesmagazin.sk\/cms\/wp-content\/uploads\/2016\/11\/MG_7537maly-304x202.jpg 304w, https:\/\/www.slovaklinesmagazin.sk\/cms\/wp-content\/uploads\/2016\/11\/MG_7537maly-296x197.jpg 296w\" sizes=\"auto, (max-width: 850px) 100vw, 850px\" \/><\/a>\n\t\t\t<\/div>\n\t\t\t\t<figcaption class='wp-caption-text gallery-caption' id='gallery-1-76129'>\n\t\t\t\tFj\u00e4llr\u00e4ven Polar 2017 In Drive magaz\u00edn Slovak Lines\n\t\t\t\t<\/figcaption><\/figure><figure class='gallery-item'>\n\t\t\t<div class='gallery-icon landscape'>\n\t\t\t\t<a href='https:\/\/www.slovaklinesmagazin.sk\/cms\/2016\/11\/peter-holly-cenim-si-kazdu-radu-ci-od-sedliaka-na-poli-alebo-experta-na-prezitie-v-divocine\/_mg_7591maly\/'><img loading=\"lazy\" decoding=\"async\" width=\"850\" height=\"566\" src=\"https:\/\/www.slovaklinesmagazin.sk\/cms\/wp-content\/uploads\/2016\/11\/MG_7591maly.jpg\" class=\"attachment-full size-full\" alt=\"\" aria-describedby=\"gallery-1-76130\" srcset=\"https:\/\/www.slovaklinesmagazin.sk\/cms\/wp-content\/uploads\/2016\/11\/MG_7591maly.jpg 850w, https:\/\/www.slovaklinesmagazin.sk\/cms\/wp-content\/uploads\/2016\/11\/MG_7591maly-300x200.jpg 300w, https:\/\/www.slovaklinesmagazin.sk\/cms\/wp-content\/uploads\/2016\/11\/MG_7591maly-768x511.jpg 768w, https:\/\/www.slovaklinesmagazin.sk\/cms\/wp-content\/uploads\/2016\/11\/MG_7591maly-304x202.jpg 304w, https:\/\/www.slovaklinesmagazin.sk\/cms\/wp-content\/uploads\/2016\/11\/MG_7591maly-296x197.jpg 296w\" sizes=\"auto, (max-width: 850px) 100vw, 850px\" \/><\/a>\n\t\t\t<\/div>\n\t\t\t\t<figcaption class='wp-caption-text gallery-caption' id='gallery-1-76130'>\n\t\t\t\tFj\u00e4llr\u00e4ven Polar 2017 In Drive magaz\u00edn Slovak Lines\n\t\t\t\t<\/figcaption><\/figure><figure class='gallery-item'>\n\t\t\t<div class='gallery-icon landscape'>\n\t\t\t\t<a href='https:\/\/www.slovaklinesmagazin.sk\/cms\/2016\/11\/peter-holly-cenim-si-kazdu-radu-ci-od-sedliaka-na-poli-alebo-experta-na-prezitie-v-divocine\/_mg_7615maly-2\/'><img loading=\"lazy\" decoding=\"async\" width=\"850\" height=\"566\" src=\"https:\/\/www.slovaklinesmagazin.sk\/cms\/wp-content\/uploads\/2016\/11\/MG_7615maly-1.jpg\" class=\"attachment-full size-full\" alt=\"\" aria-describedby=\"gallery-1-76131\" srcset=\"https:\/\/www.slovaklinesmagazin.sk\/cms\/wp-content\/uploads\/2016\/11\/MG_7615maly-1.jpg 850w, https:\/\/www.slovaklinesmagazin.sk\/cms\/wp-content\/uploads\/2016\/11\/MG_7615maly-1-300x200.jpg 300w, https:\/\/www.slovaklinesmagazin.sk\/cms\/wp-content\/uploads\/2016\/11\/MG_7615maly-1-768x511.jpg 768w, https:\/\/www.slovaklinesmagazin.sk\/cms\/wp-content\/uploads\/2016\/11\/MG_7615maly-1-304x202.jpg 304w, https:\/\/www.slovaklinesmagazin.sk\/cms\/wp-content\/uploads\/2016\/11\/MG_7615maly-1-296x197.jpg 296w\" sizes=\"auto, (max-width: 850px) 100vw, 850px\" \/><\/a>\n\t\t\t<\/div>\n\t\t\t\t<figcaption class='wp-caption-text gallery-caption' id='gallery-1-76131'>\n\t\t\t\tFj\u00e4llr\u00e4ven Polar 2017 In Drive magaz\u00edn Slovak Lines\n\t\t\t\t<\/figcaption><\/figure><figure class='gallery-item'>\n\t\t\t<div class='gallery-icon landscape'>\n\t\t\t\t<a href='https:\/\/www.slovaklinesmagazin.sk\/cms\/2016\/11\/peter-holly-cenim-si-kazdu-radu-ci-od-sedliaka-na-poli-alebo-experta-na-prezitie-v-divocine\/_j7a2730maly\/'><img loading=\"lazy\" decoding=\"async\" width=\"850\" height=\"566\" src=\"https:\/\/www.slovaklinesmagazin.sk\/cms\/wp-content\/uploads\/2016\/11\/J7A2730maly.jpg\" class=\"attachment-full size-full\" alt=\"\" aria-describedby=\"gallery-1-76122\" srcset=\"https:\/\/www.slovaklinesmagazin.sk\/cms\/wp-content\/uploads\/2016\/11\/J7A2730maly.jpg 850w, https:\/\/www.slovaklinesmagazin.sk\/cms\/wp-content\/uploads\/2016\/11\/J7A2730maly-300x200.jpg 300w, https:\/\/www.slovaklinesmagazin.sk\/cms\/wp-content\/uploads\/2016\/11\/J7A2730maly-768x511.jpg 768w, https:\/\/www.slovaklinesmagazin.sk\/cms\/wp-content\/uploads\/2016\/11\/J7A2730maly-304x202.jpg 304w, https:\/\/www.slovaklinesmagazin.sk\/cms\/wp-content\/uploads\/2016\/11\/J7A2730maly-296x197.jpg 296w\" sizes=\"auto, (max-width: 850px) 100vw, 850px\" \/><\/a>\n\t\t\t<\/div>\n\t\t\t\t<figcaption class='wp-caption-text gallery-caption' id='gallery-1-76122'>\n\t\t\t\tFj\u00e4llr\u00e4ven Polar 2017 In Drive magaz\u00edn Slovak Lines\n\t\t\t\t<\/figcaption><\/figure><figure class='gallery-item'>\n\t\t\t<div class='gallery-icon landscape'>\n\t\t\t\t<a href='https:\/\/www.slovaklinesmagazin.sk\/cms\/2016\/11\/peter-holly-cenim-si-kazdu-radu-ci-od-sedliaka-na-poli-alebo-experta-na-prezitie-v-divocine\/_h8b3611maly-2\/'><img loading=\"lazy\" decoding=\"async\" width=\"850\" height=\"566\" src=\"https:\/\/www.slovaklinesmagazin.sk\/cms\/wp-content\/uploads\/2016\/11\/H8B3611maly-1.jpg\" class=\"attachment-full size-full\" alt=\"\" aria-describedby=\"gallery-1-76121\" srcset=\"https:\/\/www.slovaklinesmagazin.sk\/cms\/wp-content\/uploads\/2016\/11\/H8B3611maly-1.jpg 850w, https:\/\/www.slovaklinesmagazin.sk\/cms\/wp-content\/uploads\/2016\/11\/H8B3611maly-1-300x200.jpg 300w, https:\/\/www.slovaklinesmagazin.sk\/cms\/wp-content\/uploads\/2016\/11\/H8B3611maly-1-768x511.jpg 768w, https:\/\/www.slovaklinesmagazin.sk\/cms\/wp-content\/uploads\/2016\/11\/H8B3611maly-1-304x202.jpg 304w, https:\/\/www.slovaklinesmagazin.sk\/cms\/wp-content\/uploads\/2016\/11\/H8B3611maly-1-296x197.jpg 296w\" sizes=\"auto, (max-width: 850px) 100vw, 850px\" \/><\/a>\n\t\t\t<\/div>\n\t\t\t\t<figcaption class='wp-caption-text gallery-caption' id='gallery-1-76121'>\n\t\t\t\tFj\u00e4llr\u00e4ven Polar 2017 In Drive magaz\u00edn Slovak Lines\n\t\t\t\t<\/figcaption><\/figure><figure class='gallery-item'>\n\t\t\t<div class='gallery-icon landscape'>\n\t\t\t\t<a href='https:\/\/www.slovaklinesmagazin.sk\/cms\/2016\/11\/peter-holly-cenim-si-kazdu-radu-ci-od-sedliaka-na-poli-alebo-experta-na-prezitie-v-divocine\/_h8b2538maly\/'><img loading=\"lazy\" decoding=\"async\" width=\"850\" height=\"566\" src=\"https:\/\/www.slovaklinesmagazin.sk\/cms\/wp-content\/uploads\/2016\/11\/H8B2538maly.jpg\" class=\"attachment-full size-full\" alt=\"\" aria-describedby=\"gallery-1-76120\" srcset=\"https:\/\/www.slovaklinesmagazin.sk\/cms\/wp-content\/uploads\/2016\/11\/H8B2538maly.jpg 850w, https:\/\/www.slovaklinesmagazin.sk\/cms\/wp-content\/uploads\/2016\/11\/H8B2538maly-300x200.jpg 300w, https:\/\/www.slovaklinesmagazin.sk\/cms\/wp-content\/uploads\/2016\/11\/H8B2538maly-768x511.jpg 768w, https:\/\/www.slovaklinesmagazin.sk\/cms\/wp-content\/uploads\/2016\/11\/H8B2538maly-304x202.jpg 304w, https:\/\/www.slovaklinesmagazin.sk\/cms\/wp-content\/uploads\/2016\/11\/H8B2538maly-296x197.jpg 296w\" sizes=\"auto, (max-width: 850px) 100vw, 850px\" \/><\/a>\n\t\t\t<\/div>\n\t\t\t\t<figcaption class='wp-caption-text gallery-caption' id='gallery-1-76120'>\n\t\t\t\tFj\u00e4llr\u00e4ven Polar 2017 In Drive magaz\u00edn Slovak Lines\n\t\t\t\t<\/figcaption><\/figure><figure class='gallery-item'>\n\t\t\t<div class='gallery-icon landscape'>\n\t\t\t\t<a href='https:\/\/www.slovaklinesmagazin.sk\/cms\/2016\/11\/peter-holly-cenim-si-kazdu-radu-ci-od-sedliaka-na-poli-alebo-experta-na-prezitie-v-divocine\/_h8b2411maly\/'><img loading=\"lazy\" decoding=\"async\" width=\"850\" height=\"566\" src=\"https:\/\/www.slovaklinesmagazin.sk\/cms\/wp-content\/uploads\/2016\/11\/H8B2411maly.jpg\" class=\"attachment-full size-full\" alt=\"\" aria-describedby=\"gallery-1-76119\" srcset=\"https:\/\/www.slovaklinesmagazin.sk\/cms\/wp-content\/uploads\/2016\/11\/H8B2411maly.jpg 850w, https:\/\/www.slovaklinesmagazin.sk\/cms\/wp-content\/uploads\/2016\/11\/H8B2411maly-300x200.jpg 300w, https:\/\/www.slovaklinesmagazin.sk\/cms\/wp-content\/uploads\/2016\/11\/H8B2411maly-768x511.jpg 768w, https:\/\/www.slovaklinesmagazin.sk\/cms\/wp-content\/uploads\/2016\/11\/H8B2411maly-304x202.jpg 304w, https:\/\/www.slovaklinesmagazin.sk\/cms\/wp-content\/uploads\/2016\/11\/H8B2411maly-296x197.jpg 296w\" sizes=\"auto, (max-width: 850px) 100vw, 850px\" \/><\/a>\n\t\t\t<\/div>\n\t\t\t\t<figcaption class='wp-caption-text gallery-caption' id='gallery-1-76119'>\n\t\t\t\tFj\u00e4llr\u00e4ven Polar 2017 In Drive magaz\u00edn Slovak Lines\n\t\t\t\t<\/figcaption><\/figure><figure class='gallery-item'>\n\t\t\t<div class='gallery-icon landscape'>\n\t\t\t\t<a href='https:\/\/www.slovaklinesmagazin.sk\/cms\/2016\/11\/peter-holly-cenim-si-kazdu-radu-ci-od-sedliaka-na-poli-alebo-experta-na-prezitie-v-divocine\/_h8b2285maly-2\/'><img loading=\"lazy\" decoding=\"async\" width=\"850\" height=\"566\" src=\"https:\/\/www.slovaklinesmagazin.sk\/cms\/wp-content\/uploads\/2016\/11\/H8B2285maly-1.jpg\" class=\"attachment-full size-full\" alt=\"\" aria-describedby=\"gallery-1-76118\" srcset=\"https:\/\/www.slovaklinesmagazin.sk\/cms\/wp-content\/uploads\/2016\/11\/H8B2285maly-1.jpg 850w, https:\/\/www.slovaklinesmagazin.sk\/cms\/wp-content\/uploads\/2016\/11\/H8B2285maly-1-300x200.jpg 300w, https:\/\/www.slovaklinesmagazin.sk\/cms\/wp-content\/uploads\/2016\/11\/H8B2285maly-1-768x511.jpg 768w, https:\/\/www.slovaklinesmagazin.sk\/cms\/wp-content\/uploads\/2016\/11\/H8B2285maly-1-304x202.jpg 304w, https:\/\/www.slovaklinesmagazin.sk\/cms\/wp-content\/uploads\/2016\/11\/H8B2285maly-1-296x197.jpg 296w\" sizes=\"auto, (max-width: 850px) 100vw, 850px\" \/><\/a>\n\t\t\t<\/div>\n\t\t\t\t<figcaption class='wp-caption-text gallery-caption' id='gallery-1-76118'>\n\t\t\t\tFj\u00e4llr\u00e4ven Polar 2017 In Drive magaz\u00edn Slovak Lines\n\t\t\t\t<\/figcaption><\/figure><figure class='gallery-item'>\n\t\t\t<div class='gallery-icon landscape'>\n\t\t\t\t<a href='https:\/\/www.slovaklinesmagazin.sk\/cms\/2016\/11\/peter-holly-cenim-si-kazdu-radu-ci-od-sedliaka-na-poli-alebo-experta-na-prezitie-v-divocine\/_h8b2103maly\/'><img loading=\"lazy\" decoding=\"async\" width=\"850\" height=\"566\" src=\"https:\/\/www.slovaklinesmagazin.sk\/cms\/wp-content\/uploads\/2016\/11\/H8B2103maly.jpg\" class=\"attachment-full size-full\" alt=\"\" aria-describedby=\"gallery-1-76117\" srcset=\"https:\/\/www.slovaklinesmagazin.sk\/cms\/wp-content\/uploads\/2016\/11\/H8B2103maly.jpg 850w, https:\/\/www.slovaklinesmagazin.sk\/cms\/wp-content\/uploads\/2016\/11\/H8B2103maly-300x200.jpg 300w, https:\/\/www.slovaklinesmagazin.sk\/cms\/wp-content\/uploads\/2016\/11\/H8B2103maly-768x511.jpg 768w, https:\/\/www.slovaklinesmagazin.sk\/cms\/wp-content\/uploads\/2016\/11\/H8B2103maly-304x202.jpg 304w, https:\/\/www.slovaklinesmagazin.sk\/cms\/wp-content\/uploads\/2016\/11\/H8B2103maly-296x197.jpg 296w\" sizes=\"auto, (max-width: 850px) 100vw, 850px\" \/><\/a>\n\t\t\t<\/div>\n\t\t\t\t<figcaption class='wp-caption-text gallery-caption' id='gallery-1-76117'>\n\t\t\t\tFj\u00e4llr\u00e4ven Polar 2017 In Drive magaz\u00edn Slovak Lines\n\t\t\t\t<\/figcaption><\/figure><figure class='gallery-item'>\n\t\t\t<div class='gallery-icon landscape'>\n\t\t\t\t<a href='https:\/\/www.slovaklinesmagazin.sk\/cms\/2016\/11\/peter-holly-cenim-si-kazdu-radu-ci-od-sedliaka-na-poli-alebo-experta-na-prezitie-v-divocine\/_h8b2033maly\/'><img loading=\"lazy\" decoding=\"async\" width=\"850\" height=\"566\" src=\"https:\/\/www.slovaklinesmagazin.sk\/cms\/wp-content\/uploads\/2016\/11\/H8B2033maly.jpg\" class=\"attachment-full size-full\" alt=\"\" aria-describedby=\"gallery-1-76116\" srcset=\"https:\/\/www.slovaklinesmagazin.sk\/cms\/wp-content\/uploads\/2016\/11\/H8B2033maly.jpg 850w, https:\/\/www.slovaklinesmagazin.sk\/cms\/wp-content\/uploads\/2016\/11\/H8B2033maly-300x200.jpg 300w, https:\/\/www.slovaklinesmagazin.sk\/cms\/wp-content\/uploads\/2016\/11\/H8B2033maly-768x511.jpg 768w, https:\/\/www.slovaklinesmagazin.sk\/cms\/wp-content\/uploads\/2016\/11\/H8B2033maly-304x202.jpg 304w, https:\/\/www.slovaklinesmagazin.sk\/cms\/wp-content\/uploads\/2016\/11\/H8B2033maly-296x197.jpg 296w\" sizes=\"auto, (max-width: 850px) 100vw, 850px\" \/><\/a>\n\t\t\t<\/div>\n\t\t\t\t<figcaption class='wp-caption-text gallery-caption' id='gallery-1-76116'>\n\t\t\t\tFj\u00e4llr\u00e4ven Polar 2017 In Drive magaz\u00edn Slovak Lines\n\t\t\t\t<\/figcaption><\/figure><figure class='gallery-item'>\n\t\t\t<div class='gallery-icon landscape'>\n\t\t\t\t<a href='https:\/\/www.slovaklinesmagazin.sk\/cms\/2016\/11\/peter-holly-cenim-si-kazdu-radu-ci-od-sedliaka-na-poli-alebo-experta-na-prezitie-v-divocine\/_h8b1989maly\/'><img loading=\"lazy\" decoding=\"async\" width=\"850\" height=\"566\" src=\"https:\/\/www.slovaklinesmagazin.sk\/cms\/wp-content\/uploads\/2016\/11\/H8B1989maly.jpg\" class=\"attachment-full size-full\" alt=\"\" aria-describedby=\"gallery-1-76115\" srcset=\"https:\/\/www.slovaklinesmagazin.sk\/cms\/wp-content\/uploads\/2016\/11\/H8B1989maly.jpg 850w, https:\/\/www.slovaklinesmagazin.sk\/cms\/wp-content\/uploads\/2016\/11\/H8B1989maly-300x200.jpg 300w, https:\/\/www.slovaklinesmagazin.sk\/cms\/wp-content\/uploads\/2016\/11\/H8B1989maly-768x511.jpg 768w, https:\/\/www.slovaklinesmagazin.sk\/cms\/wp-content\/uploads\/2016\/11\/H8B1989maly-304x202.jpg 304w, https:\/\/www.slovaklinesmagazin.sk\/cms\/wp-content\/uploads\/2016\/11\/H8B1989maly-296x197.jpg 296w\" sizes=\"auto, (max-width: 850px) 100vw, 850px\" \/><\/a>\n\t\t\t<\/div>\n\t\t\t\t<figcaption class='wp-caption-text gallery-caption' id='gallery-1-76115'>\n\t\t\t\tFj\u00e4llr\u00e4ven Polar 2017 In Drive magaz\u00edn Slovak Lines\n\t\t\t\t<\/figcaption><\/figure><figure class='gallery-item'>\n\t\t\t<div class='gallery-icon landscape'>\n\t\t\t\t<a href='https:\/\/www.slovaklinesmagazin.sk\/cms\/2016\/11\/peter-holly-cenim-si-kazdu-radu-ci-od-sedliaka-na-poli-alebo-experta-na-prezitie-v-divocine\/_h8b1837maly\/'><img loading=\"lazy\" decoding=\"async\" width=\"850\" height=\"566\" src=\"https:\/\/www.slovaklinesmagazin.sk\/cms\/wp-content\/uploads\/2016\/11\/H8B1837maly.jpg\" class=\"attachment-full size-full\" alt=\"\" aria-describedby=\"gallery-1-76114\" srcset=\"https:\/\/www.slovaklinesmagazin.sk\/cms\/wp-content\/uploads\/2016\/11\/H8B1837maly.jpg 850w, https:\/\/www.slovaklinesmagazin.sk\/cms\/wp-content\/uploads\/2016\/11\/H8B1837maly-300x200.jpg 300w, https:\/\/www.slovaklinesmagazin.sk\/cms\/wp-content\/uploads\/2016\/11\/H8B1837maly-768x511.jpg 768w, https:\/\/www.slovaklinesmagazin.sk\/cms\/wp-content\/uploads\/2016\/11\/H8B1837maly-304x202.jpg 304w, https:\/\/www.slovaklinesmagazin.sk\/cms\/wp-content\/uploads\/2016\/11\/H8B1837maly-296x197.jpg 296w\" sizes=\"auto, (max-width: 850px) 100vw, 850px\" \/><\/a>\n\t\t\t<\/div>\n\t\t\t\t<figcaption class='wp-caption-text gallery-caption' id='gallery-1-76114'>\n\t\t\t\tFj\u00e4llr\u00e4ven Polar 2017 In Drive magaz\u00edn Slovak Lines\n\t\t\t\t<\/figcaption><\/figure><figure class='gallery-item'>\n\t\t\t<div class='gallery-icon landscape'>\n\t\t\t\t<a href='https:\/\/www.slovaklinesmagazin.sk\/cms\/2016\/11\/peter-holly-cenim-si-kazdu-radu-ci-od-sedliaka-na-poli-alebo-experta-na-prezitie-v-divocine\/_h8b2285maly\/'><img loading=\"lazy\" decoding=\"async\" width=\"850\" height=\"566\" src=\"https:\/\/www.slovaklinesmagazin.sk\/cms\/wp-content\/uploads\/2016\/11\/H8B2285maly.jpg\" class=\"attachment-full size-full\" alt=\"\" aria-describedby=\"gallery-1-76105\" srcset=\"https:\/\/www.slovaklinesmagazin.sk\/cms\/wp-content\/uploads\/2016\/11\/H8B2285maly.jpg 850w, https:\/\/www.slovaklinesmagazin.sk\/cms\/wp-content\/uploads\/2016\/11\/H8B2285maly-300x200.jpg 300w, https:\/\/www.slovaklinesmagazin.sk\/cms\/wp-content\/uploads\/2016\/11\/H8B2285maly-768x511.jpg 768w, https:\/\/www.slovaklinesmagazin.sk\/cms\/wp-content\/uploads\/2016\/11\/H8B2285maly-304x202.jpg 304w, https:\/\/www.slovaklinesmagazin.sk\/cms\/wp-content\/uploads\/2016\/11\/H8B2285maly-296x197.jpg 296w\" sizes=\"auto, (max-width: 850px) 100vw, 850px\" \/><\/a>\n\t\t\t<\/div>\n\t\t\t\t<figcaption class='wp-caption-text gallery-caption' id='gallery-1-76105'>\n\t\t\t\tFj\u00e4llr\u00e4ven Polar 2017 In Drive magaz\u00edn Slovak Lines\n\t\t\t\t<\/figcaption><\/figure><figure class='gallery-item'>\n\t\t\t<div class='gallery-icon landscape'>\n\t\t\t\t<a href='https:\/\/www.slovaklinesmagazin.sk\/cms\/2016\/11\/peter-holly-cenim-si-kazdu-radu-ci-od-sedliaka-na-poli-alebo-experta-na-prezitie-v-divocine\/_h8b3611maly\/'><img loading=\"lazy\" decoding=\"async\" width=\"850\" height=\"566\" src=\"https:\/\/www.slovaklinesmagazin.sk\/cms\/wp-content\/uploads\/2016\/11\/H8B3611maly.jpg\" class=\"attachment-full size-full\" alt=\"\" aria-describedby=\"gallery-1-76106\" srcset=\"https:\/\/www.slovaklinesmagazin.sk\/cms\/wp-content\/uploads\/2016\/11\/H8B3611maly.jpg 850w, https:\/\/www.slovaklinesmagazin.sk\/cms\/wp-content\/uploads\/2016\/11\/H8B3611maly-300x200.jpg 300w, https:\/\/www.slovaklinesmagazin.sk\/cms\/wp-content\/uploads\/2016\/11\/H8B3611maly-768x511.jpg 768w, https:\/\/www.slovaklinesmagazin.sk\/cms\/wp-content\/uploads\/2016\/11\/H8B3611maly-304x202.jpg 304w, https:\/\/www.slovaklinesmagazin.sk\/cms\/wp-content\/uploads\/2016\/11\/H8B3611maly-296x197.jpg 296w\" sizes=\"auto, (max-width: 850px) 100vw, 850px\" \/><\/a>\n\t\t\t<\/div>\n\t\t\t\t<figcaption class='wp-caption-text gallery-caption' id='gallery-1-76106'>\n\t\t\t\tFj\u00e4llr\u00e4ven Polar 2017 In Drive magaz\u00edn Slovak Lines\n\t\t\t\t<\/figcaption><\/figure><figure class='gallery-item'>\n\t\t\t<div class='gallery-icon landscape'>\n\t\t\t\t<a href='https:\/\/www.slovaklinesmagazin.sk\/cms\/2016\/11\/peter-holly-cenim-si-kazdu-radu-ci-od-sedliaka-na-poli-alebo-experta-na-prezitie-v-divocine\/_mg_7407maly\/'><img loading=\"lazy\" decoding=\"async\" width=\"850\" height=\"566\" src=\"https:\/\/www.slovaklinesmagazin.sk\/cms\/wp-content\/uploads\/2016\/11\/MG_7407maly.jpg\" class=\"attachment-full size-full\" alt=\"\" aria-describedby=\"gallery-1-76107\" srcset=\"https:\/\/www.slovaklinesmagazin.sk\/cms\/wp-content\/uploads\/2016\/11\/MG_7407maly.jpg 850w, https:\/\/www.slovaklinesmagazin.sk\/cms\/wp-content\/uploads\/2016\/11\/MG_7407maly-300x200.jpg 300w, https:\/\/www.slovaklinesmagazin.sk\/cms\/wp-content\/uploads\/2016\/11\/MG_7407maly-768x511.jpg 768w, https:\/\/www.slovaklinesmagazin.sk\/cms\/wp-content\/uploads\/2016\/11\/MG_7407maly-304x202.jpg 304w, https:\/\/www.slovaklinesmagazin.sk\/cms\/wp-content\/uploads\/2016\/11\/MG_7407maly-296x197.jpg 296w\" sizes=\"auto, (max-width: 850px) 100vw, 850px\" \/><\/a>\n\t\t\t<\/div>\n\t\t\t\t<figcaption class='wp-caption-text gallery-caption' id='gallery-1-76107'>\n\t\t\t\tFj\u00e4llr\u00e4ven Polar 2017 In Drive magaz\u00edn Slovak Lines\n\t\t\t\t<\/figcaption><\/figure><figure class='gallery-item'>\n\t\t\t<div class='gallery-icon landscape'>\n\t\t\t\t<a href='https:\/\/www.slovaklinesmagazin.sk\/cms\/2016\/11\/peter-holly-cenim-si-kazdu-radu-ci-od-sedliaka-na-poli-alebo-experta-na-prezitie-v-divocine\/_mg_7441maly\/'><img loading=\"lazy\" decoding=\"async\" width=\"850\" height=\"566\" src=\"https:\/\/www.slovaklinesmagazin.sk\/cms\/wp-content\/uploads\/2016\/11\/MG_7441maly.jpg\" class=\"attachment-full size-full\" alt=\"\" aria-describedby=\"gallery-1-76108\" srcset=\"https:\/\/www.slovaklinesmagazin.sk\/cms\/wp-content\/uploads\/2016\/11\/MG_7441maly.jpg 850w, https:\/\/www.slovaklinesmagazin.sk\/cms\/wp-content\/uploads\/2016\/11\/MG_7441maly-300x200.jpg 300w, https:\/\/www.slovaklinesmagazin.sk\/cms\/wp-content\/uploads\/2016\/11\/MG_7441maly-768x511.jpg 768w, https:\/\/www.slovaklinesmagazin.sk\/cms\/wp-content\/uploads\/2016\/11\/MG_7441maly-304x202.jpg 304w, https:\/\/www.slovaklinesmagazin.sk\/cms\/wp-content\/uploads\/2016\/11\/MG_7441maly-296x197.jpg 296w\" sizes=\"auto, (max-width: 850px) 100vw, 850px\" \/><\/a>\n\t\t\t<\/div>\n\t\t\t\t<figcaption class='wp-caption-text gallery-caption' id='gallery-1-76108'>\n\t\t\t\tFj\u00e4llr\u00e4ven Polar 2017 In Drive magaz\u00edn Slovak Lines\n\t\t\t\t<\/figcaption><\/figure><figure class='gallery-item'>\n\t\t\t<div class='gallery-icon landscape'>\n\t\t\t\t<a href='https:\/\/www.slovaklinesmagazin.sk\/cms\/2016\/11\/peter-holly-cenim-si-kazdu-radu-ci-od-sedliaka-na-poli-alebo-experta-na-prezitie-v-divocine\/_mg_7663maly\/'><img loading=\"lazy\" decoding=\"async\" width=\"850\" height=\"566\" src=\"https:\/\/www.slovaklinesmagazin.sk\/cms\/wp-content\/uploads\/2016\/11\/MG_7663maly.jpg\" class=\"attachment-full size-full\" alt=\"\" aria-describedby=\"gallery-1-76109\" srcset=\"https:\/\/www.slovaklinesmagazin.sk\/cms\/wp-content\/uploads\/2016\/11\/MG_7663maly.jpg 850w, https:\/\/www.slovaklinesmagazin.sk\/cms\/wp-content\/uploads\/2016\/11\/MG_7663maly-300x200.jpg 300w, https:\/\/www.slovaklinesmagazin.sk\/cms\/wp-content\/uploads\/2016\/11\/MG_7663maly-768x511.jpg 768w, https:\/\/www.slovaklinesmagazin.sk\/cms\/wp-content\/uploads\/2016\/11\/MG_7663maly-304x202.jpg 304w, https:\/\/www.slovaklinesmagazin.sk\/cms\/wp-content\/uploads\/2016\/11\/MG_7663maly-296x197.jpg 296w\" sizes=\"auto, (max-width: 850px) 100vw, 850px\" \/><\/a>\n\t\t\t<\/div>\n\t\t\t\t<figcaption class='wp-caption-text gallery-caption' id='gallery-1-76109'>\n\t\t\t\tFj\u00e4llr\u00e4ven Polar 2017 In Drive magaz\u00edn Slovak Lines\n\t\t\t\t<\/figcaption><\/figure><figure class='gallery-item'>\n\t\t\t<div class='gallery-icon landscape'>\n\t\t\t\t<a href='https:\/\/www.slovaklinesmagazin.sk\/cms\/2016\/11\/peter-holly-cenim-si-kazdu-radu-ci-od-sedliaka-na-poli-alebo-experta-na-prezitie-v-divocine\/_h8b0637maly\/'><img loading=\"lazy\" decoding=\"async\" width=\"1000\" height=\"666\" src=\"https:\/\/www.slovaklinesmagazin.sk\/cms\/wp-content\/uploads\/2016\/11\/H8B0637maly.jpg\" class=\"attachment-full size-full\" alt=\"\" aria-describedby=\"gallery-1-76111\" srcset=\"https:\/\/www.slovaklinesmagazin.sk\/cms\/wp-content\/uploads\/2016\/11\/H8B0637maly.jpg 1000w, https:\/\/www.slovaklinesmagazin.sk\/cms\/wp-content\/uploads\/2016\/11\/H8B0637maly-300x200.jpg 300w, https:\/\/www.slovaklinesmagazin.sk\/cms\/wp-content\/uploads\/2016\/11\/H8B0637maly-768x511.jpg 768w, https:\/\/www.slovaklinesmagazin.sk\/cms\/wp-content\/uploads\/2016\/11\/H8B0637maly-304x202.jpg 304w, https:\/\/www.slovaklinesmagazin.sk\/cms\/wp-content\/uploads\/2016\/11\/H8B0637maly-296x197.jpg 296w\" sizes=\"auto, (max-width: 1000px) 100vw, 1000px\" \/><\/a>\n\t\t\t<\/div>\n\t\t\t\t<figcaption class='wp-caption-text gallery-caption' id='gallery-1-76111'>\n\t\t\t\tFj\u00e4llr\u00e4ven Polar 2017 In Drive magaz\u00edn Slovak Lines\n\t\t\t\t<\/figcaption><\/figure><figure class='gallery-item'>\n\t\t\t<div class='gallery-icon landscape'>\n\t\t\t\t<a href='https:\/\/www.slovaklinesmagazin.sk\/cms\/2016\/11\/peter-holly-cenim-si-kazdu-radu-ci-od-sedliaka-na-poli-alebo-experta-na-prezitie-v-divocine\/_h8b0889maly\/'><img loading=\"lazy\" decoding=\"async\" width=\"850\" height=\"566\" src=\"https:\/\/www.slovaklinesmagazin.sk\/cms\/wp-content\/uploads\/2016\/11\/H8B0889maly.jpg\" class=\"attachment-full size-full\" alt=\"\" aria-describedby=\"gallery-1-76112\" srcset=\"https:\/\/www.slovaklinesmagazin.sk\/cms\/wp-content\/uploads\/2016\/11\/H8B0889maly.jpg 850w, https:\/\/www.slovaklinesmagazin.sk\/cms\/wp-content\/uploads\/2016\/11\/H8B0889maly-300x200.jpg 300w, https:\/\/www.slovaklinesmagazin.sk\/cms\/wp-content\/uploads\/2016\/11\/H8B0889maly-768x511.jpg 768w, https:\/\/www.slovaklinesmagazin.sk\/cms\/wp-content\/uploads\/2016\/11\/H8B0889maly-304x202.jpg 304w, https:\/\/www.slovaklinesmagazin.sk\/cms\/wp-content\/uploads\/2016\/11\/H8B0889maly-296x197.jpg 296w\" sizes=\"auto, (max-width: 850px) 100vw, 850px\" \/><\/a>\n\t\t\t<\/div>\n\t\t\t\t<figcaption class='wp-caption-text gallery-caption' id='gallery-1-76112'>\n\t\t\t\tFj\u00e4llr\u00e4ven Polar 2017 In Drive magaz\u00edn Slovak Lines\n\t\t\t\t<\/figcaption><\/figure><figure class='gallery-item'>\n\t\t\t<div class='gallery-icon landscape'>\n\t\t\t\t<a href='https:\/\/www.slovaklinesmagazin.sk\/cms\/2016\/11\/peter-holly-cenim-si-kazdu-radu-ci-od-sedliaka-na-poli-alebo-experta-na-prezitie-v-divocine\/_h8b1793maly-2\/'><img loading=\"lazy\" decoding=\"async\" width=\"850\" height=\"566\" src=\"https:\/\/www.slovaklinesmagazin.sk\/cms\/wp-content\/uploads\/2016\/11\/H8B1793maly-1.jpg\" class=\"attachment-full size-full\" alt=\"\" aria-describedby=\"gallery-1-76113\" srcset=\"https:\/\/www.slovaklinesmagazin.sk\/cms\/wp-content\/uploads\/2016\/11\/H8B1793maly-1.jpg 850w, https:\/\/www.slovaklinesmagazin.sk\/cms\/wp-content\/uploads\/2016\/11\/H8B1793maly-1-300x200.jpg 300w, https:\/\/www.slovaklinesmagazin.sk\/cms\/wp-content\/uploads\/2016\/11\/H8B1793maly-1-768x511.jpg 768w, https:\/\/www.slovaklinesmagazin.sk\/cms\/wp-content\/uploads\/2016\/11\/H8B1793maly-1-304x202.jpg 304w, https:\/\/www.slovaklinesmagazin.sk\/cms\/wp-content\/uploads\/2016\/11\/H8B1793maly-1-296x197.jpg 296w\" sizes=\"auto, (max-width: 850px) 100vw, 850px\" \/><\/a>\n\t\t\t<\/div>\n\t\t\t\t<figcaption class='wp-caption-text gallery-caption' id='gallery-1-76113'>\n\t\t\t\tFj\u00e4llr\u00e4ven Polar 2017 In Drive magaz\u00edn Slovak Lines\n\t\t\t\t<\/figcaption><\/figure><figure class='gallery-item'>\n\t\t\t<div class='gallery-icon landscape'>\n\t\t\t\t<a href='https:\/\/www.slovaklinesmagazin.sk\/cms\/2016\/11\/peter-holly-cenim-si-kazdu-radu-ci-od-sedliaka-na-poli-alebo-experta-na-prezitie-v-divocine\/_h8b1793maly\/'><img loading=\"lazy\" decoding=\"async\" width=\"850\" height=\"566\" src=\"https:\/\/www.slovaklinesmagazin.sk\/cms\/wp-content\/uploads\/2016\/11\/H8B1793maly.jpg\" class=\"attachment-full size-full\" alt=\"\" srcset=\"https:\/\/www.slovaklinesmagazin.sk\/cms\/wp-content\/uploads\/2016\/11\/H8B1793maly.jpg 850w, https:\/\/www.slovaklinesmagazin.sk\/cms\/wp-content\/uploads\/2016\/11\/H8B1793maly-300x200.jpg 300w, https:\/\/www.slovaklinesmagazin.sk\/cms\/wp-content\/uploads\/2016\/11\/H8B1793maly-768x511.jpg 768w, https:\/\/www.slovaklinesmagazin.sk\/cms\/wp-content\/uploads\/2016\/11\/H8B1793maly-304x202.jpg 304w, https:\/\/www.slovaklinesmagazin.sk\/cms\/wp-content\/uploads\/2016\/11\/H8B1793maly-296x197.jpg 296w\" sizes=\"auto, (max-width: 850px) 100vw, 850px\" \/><\/a>\n\t\t\t<\/div><\/figure><figure class='gallery-item'>\n\t\t\t<div class='gallery-icon landscape'>\n\t\t\t\t<a href='https:\/\/www.slovaklinesmagazin.sk\/cms\/2016\/11\/peter-holly-cenim-si-kazdu-radu-ci-od-sedliaka-na-poli-alebo-experta-na-prezitie-v-divocine\/_mg_7615maly\/'><img loading=\"lazy\" decoding=\"async\" width=\"850\" height=\"566\" src=\"https:\/\/www.slovaklinesmagazin.sk\/cms\/wp-content\/uploads\/2016\/11\/MG_7615maly.jpg\" class=\"attachment-full size-full\" alt=\"\" aria-describedby=\"gallery-1-76103\" srcset=\"https:\/\/www.slovaklinesmagazin.sk\/cms\/wp-content\/uploads\/2016\/11\/MG_7615maly.jpg 850w, https:\/\/www.slovaklinesmagazin.sk\/cms\/wp-content\/uploads\/2016\/11\/MG_7615maly-300x200.jpg 300w, https:\/\/www.slovaklinesmagazin.sk\/cms\/wp-content\/uploads\/2016\/11\/MG_7615maly-768x511.jpg 768w, https:\/\/www.slovaklinesmagazin.sk\/cms\/wp-content\/uploads\/2016\/11\/MG_7615maly-304x202.jpg 304w, https:\/\/www.slovaklinesmagazin.sk\/cms\/wp-content\/uploads\/2016\/11\/MG_7615maly-296x197.jpg 296w\" sizes=\"auto, (max-width: 850px) 100vw, 850px\" \/><\/a>\n\t\t\t<\/div>\n\t\t\t\t<figcaption class='wp-caption-text gallery-caption' id='gallery-1-76103'>\n\t\t\t\tFj\u00e4llr\u00e4ven Polar 2017 In Drive magaz\u00edn Slovak Lines\n\t\t\t\t<\/figcaption><\/figure>\n\t\t<\/div>\n\n","protected":false},"excerpt":{"rendered":"<p>V apr\u00edli 2017 sme op\u00e4\u0165 pripraven\u00ed: 20 nov\u00fdch \u00fa\u010dastn\u00edkov a \u00fa\u010dastn\u00ed\u010dok bude ma\u0165 mo\u017enos\u0165 z\u00fa\u010dastni\u0165 sa nezabudnute\u013enej cesty so ps\u00edm z\u00e1prahom naprie\u010d horami a\u00a0\u0161kandin\u00e1vskou tundrou. S\u00fa\u0165a\u017e o miesto na Fj\u00e4llr\u00e4ven Polar! Registruj svoju \u017eiados\u0165 na: www.polar.fjallraven.com Zaves fotografiu alebo video s textom, ktor\u00fd vysvet\u013euje, pre\u010do by si sa mal z\u00fa\u010dastni\u0165 pr\u00e1ve ty. Hne\u010f ako sa [&hellip;]<\/p>\n","protected":false},"author":7,"featured_media":76144,"comment_status":"closed","ping_status":"closed","sticky":false,"template":"","format":"standard","meta":{"footnotes":""},"categories":[13,45,1,11,52,56,14],"tags":[],"class_list":["post-76143","post","type-post","status-publish","format-standard","has-post-thumbnail","hentry","category-real-estate","category-nas-tip","category-nezaradene","category-news","category-outdoor","category-priroda","category-sport","eq-blocks"],"_links":{"self":[{"href":"https:\/\/www.slovaklinesmagazin.sk\/cms\/wp-json\/wp\/v2\/posts\/76143","targetHints":{"allow":["GET"]}}],"collection":[{"href":"https:\/\/www.slovaklinesmagazin.sk\/cms\/wp-json\/wp\/v2\/posts"}],"about":[{"href":"https:\/\/www.slovaklinesmagazin.sk\/cms\/wp-json\/wp\/v2\/types\/post"}],"author":[{"embeddable":true,"href":"https:\/\/www.slovaklinesmagazin.sk\/cms\/wp-json\/wp\/v2\/users\/7"}],"replies":[{"embeddable":true,"href":"https:\/\/www.slovaklinesmagazin.sk\/cms\/wp-json\/wp\/v2\/comments?post=76143"}],"version-history":[{"count":1,"href":"https:\/\/www.slovaklinesmagazin.sk\/cms\/wp-json\/wp\/v2\/posts\/76143\/revisions"}],"predecessor-version":[{"id":76145,"href":"https:\/\/www.slovaklinesmagazin.sk\/cms\/wp-json\/wp\/v2\/posts\/76143\/revisions\/76145"}],"wp:featuredmedia":[{"embeddable":true,"href":"https:\/\/www.slovaklinesmagazin.sk\/cms\/wp-json\/wp\/v2\/media\/76144"}],"wp:attachment":[{"href":"https:\/\/www.slovaklinesmagazin.sk\/cms\/wp-json\/wp\/v2\/media?parent=76143"}],"wp:term":[{"taxonomy":"category","embeddable":true,"href":"https:\/\/www.slovaklinesmagazin.sk\/cms\/wp-json\/wp\/v2\/categories?post=76143"},{"taxonomy":"post_tag","embeddable":true,"href":"https:\/\/www.slovaklinesmagazin.sk\/cms\/wp-json\/wp\/v2\/tags?post=76143"}],"curies":[{"name":"wp","href":"https:\/\/api.w.org\/{rel}","templated":true}]}}