{"id":76170,"date":"2016-11-11T10:02:48","date_gmt":"2016-11-11T08:02:48","guid":{"rendered":"http:\/\/slovaklinesmagazin.sk\/cms\/?p=76170"},"modified":"2016-11-11T10:10:01","modified_gmt":"2016-11-11T08:10:01","slug":"10-dovodov-preco-zazit-vynimocnu-vianocnu-trnavu","status":"publish","type":"post","link":"https:\/\/www.slovaklinesmagazin.sk\/cms\/2016\/11\/10-dovodov-preco-zazit-vynimocnu-vianocnu-trnavu\/","title":{"rendered":"10 d\u00f4vodov PRE\u010cO ZA\u017dI\u0164 V\u00ddNIMO\u010cN\u00da VIANO\u010cN\u00da TRNAVU"},"content":{"rendered":"<p>Chcete si vychutna\u0165 prav\u00fa atmosf\u00e9ru Vianoc? Ak \u00e1no, va\u0161e kroky by mali tento rok smerova\u0165 do Trnavy. Viano\u010dn\u00e9 obdobie si pln\u00fdmi d\u00fa\u0161kami u\u017eijete nielen na Troji\u010dnom n\u00e1mest\u00ed, ale aj v prekr\u00e1snych \u010dastiach historick\u00e9ho centra.<\/p>\n<p style=\"text-align: center;\"><img decoding=\"async\" class=\"aligncenter\" src=\"http:\/\/slovaklinesmagazin.sk\/cms\/wp-content\/uploads\/2016\/11\/Viano\u010dn\u00e1-Trnava_zdroj-Viano\u010dn\u00e1-Trnava-2maly.jpg\" alt=\"Viano\u010dn\u00e1 Trnava\" \/><\/p>\n<p>\u010caro Viano\u010dnej Trnavy je neop\u00edsate\u013en\u00e9 a n\u00e1v\u0161teva \u201eMal\u00e9ho R\u00edma\u201c nezabudnute\u013en\u00e1. Za\u017eite a \u201eochutnajte\u201c v\u0161etky novinky, ktor\u00e9 tento rok pre v\u00e1s organiz\u00e1tori pripravili. Do kalend\u00e1ra si zap\u00ed\u0161te term\u00edn 25. november \u2013 31. december.<\/p>\n<p style=\"text-align: center;\"><a href=\"http:\/\/vianocnatrnava.sk\"><img decoding=\"async\" class=\"aligncenter\" src=\"http:\/\/slovaklinesmagazin.sk\/cms\/wp-content\/uploads\/2016\/11\/Logo-farebne-male.jpg\" alt=\"In Drive magaz\u00edn Slovak Lines pozyva\" \/><\/a><\/p>\n<ol>\n<li><strong> Ka\u017ed\u00fd de\u0148 je v\u00fdnimo\u010dn\u00fd!<\/strong><\/li>\n<\/ol>\n<p>Viano\u010dn\u00e1 Trnava s\u013eubuje nespo\u010detn\u00e9 mno\u017estvo z\u00e1\u017eitkov. Na hlavnom p\u00f3diu sa aj tento rok vystriedaj\u00fa \u0161ikovn\u00e9 deti z matersk\u00fdch a\u00a0z\u00e1kladn\u00fdch \u0161k\u00f4l, sobotn\u00e9 zab\u00edja\u010dky a\u00a0opekanie b\u00fdka. V nede\u013eu je pre deti pripraven\u00e9 divadielko a predviano\u010dn\u00e9 tvoriv\u00e9 dielne. Okrem tradi\u010dn\u00e9ho programu na Troji\u010dnom n\u00e1mest\u00ed pribudli aj aktivity a zauj\u00edmavosti v Kni\u017enici Juraja F\u00e1ndlyho, Z\u00e1padoslovenskom M\u00fazeu, kostoloch \u010di komplexe City Areny. Program n\u00e1jdete na <a href=\"http:\/\/www.vianocnatrnava.sk\" target=\"_blank\">www.vianocnatrnava.sk<\/a>.<\/p>\n<ol start=\"2\">\n<li><strong> Hviezdy Viano\u010dnej Trnavy<\/strong><\/li>\n<\/ol>\n<p>Milovn\u00edci kvalitnej hudby si pr\u00eddu aj tento rok na svoje. Adventn\u00e9 piesne, opern\u00e9 \u00e1rie a duet\u00e1 svetozn\u00e1mych hudobn\u00fdch skladate\u013eov zaznej\u00fa 27. novembra o 20.00 h v Kostole sv. Jakuba. \u017densk\u00e1 spev\u00e1cka skupina Trnki sa predvedie tradi\u010dn\u00fdm viachlasn\u00fdm vok\u00e1lnym \u0161t\u00fdlom 3. decembra o 20.00 h v Kostole sv. Jakuba. Na rovnakom mieste sa 11. decembra o 20,00 h. predstav\u00ed Flair Ensemble s nad\u017e\u00e1nrov\u00fdm spracovan\u00edm \u013eudovej melodiky. Ak m\u00e1te chu\u0165 na s\u00fa\u010dasn\u00fa hudbu,nenechajte si ujs\u0165 koncert M\u00e1rie \u010c\u00edrovej a\u00a0Roba Opatovsk\u00e9ho. Ich spolo\u010dn\u00fd duet \u201eVianoce\u201c si m\u00f4\u017eete vypo\u010du\u0165 18. decembra v kine Hviezda o 18.00 h.<\/p>\n<ol start=\"3\">\n<li><strong> Viano\u010dn\u00e9 klzisko<\/strong><\/li>\n<\/ol>\n<p>Na pe\u0161ej z\u00f3ne sa aj z v\u00e1s m\u00f4\u017ee sta\u0165 na p\u00e1r okamihov roztopa\u0161n\u00e9 die\u0165a. Od 11. novembra si m\u00f4\u017eete do s\u00fdta spolu s najmen\u0161\u00edmi u\u017ei\u0165 u\u017e po druh\u00fd kr\u00e1t syntetick\u00e9 klzisko. V prev\u00e1dzke je denne od od 10.00 do 20.00 h a na po\u010das\u00ed rozhodne nez\u00e1le\u017e\u00ed. A viete, \u010do je perfektn\u00e9? Kor\u010dule v\u00e1m tu nielen po\u017ei\u010daj\u00fa, ale aj nabr\u00fasia.<\/p>\n<p style=\"text-align: center;\"><a href=\"http:\/\/vianocnatrnava.sk\/\"><img decoding=\"async\" class=\"aligncenter\" src=\"http:\/\/slovaklinesmagazin.sk\/cms\/wp-content\/uploads\/2016\/11\/Viano\u010dn\u00e1-Trnava_zdroj-Viano\u010dn\u00e1-Trnava-5maly.jpg\" alt=\"In Drive magaz\u00edn poz\u00fdva. \" \/><\/a><\/p>\n<ol start=\"4\">\n<li><strong> Mikul\u00e1\u0161sky beh Trnavou<\/strong><\/li>\n<\/ol>\n<p>Viano\u010dn\u00e1 Trnava nezabudla tento rok ani na \u0161portovcov. Ak m\u00e1te chu\u0165 sa prebehn\u00fa\u0165 mestom ako Mikul\u00e1\u0161, prihl\u00e1ste sa na 1. ro\u010dn\u00edk Mikul\u00e1\u0161skeho behu. \u0160tartova\u0165 bude 300 pretek\u00e1rov a svoje sily si zmeraj\u00fa na 4 km dlhej trati. \u0160tart je napl\u00e1novan\u00fd na 4. decembra o 11.00 h. <a href=\"http:\/\/www.vianocnatrnava.sk\" target=\"_blank\">On-line registr\u00e1cia prebieha na vianocnatrnava.sk<\/a>. Nov\u00fd rok od\u0161tartujeme na Troji\u010dnom n\u00e1mest\u00ed Novoro\u010dn\u00fdm behom \u2013 Memori\u00e1l Ladislava Kme\u010da.<\/p>\n<ol start=\"5\">\n<li><strong> Adventn\u00fd veniec<\/strong><\/li>\n<\/ol>\n<p>Sobotn\u00e9 ve\u010dery u\u017e tradi\u010dne patria zapa\u013eovaniu adventnej sviece. Na hlavnom p\u00f3diu sa vystrieda nieko\u013eko farnost\u00ed, ktor\u00e9 predstavia vlastn\u00fd kult\u00farny program a veriacim sa prihovor\u00ed aj k\u0148az. V trad\u00edcii duchovn\u00e9ho rozmeru Viano\u010dnej Trnavy sa pokra\u010duje aj tento rok. Na \u0160tedr\u00fd ve\u010der nesmie by\u0165 nikto s\u00e1m. Pre osamel\u00fdch ob\u010danov sa na \u0160tedr\u00fd de\u0148 bude na Troji\u010dnom n\u00e1mest\u00ed o 15.00 h pod\u00e1va\u0165 ve\u010dera.<\/p>\n<ol start=\"6\">\n<li><strong> Rozsvieten\u00e1 Viano\u010dn\u00e1 Trnava<\/strong><\/li>\n<\/ol>\n<p>Rozpr\u00e1vkov\u00fa atmosf\u00e9ru umocn\u00ed dokonal\u00e1 sveteln\u00e1 v\u00fdzdoba, ktor\u00e1 priv\u00edta n\u00e1v\u0161tevn\u00edkov u\u017e pri vstupe do mesta. Okrem 15 metrov\u00e9ho viano\u010dn\u00e9ho stromu na Troji\u010dnom n\u00e1mest\u00ed, bude po pe\u0161ej z\u00f3ne rozmiestnen\u00fdch \u010fal\u0161\u00edch 100 mal\u00fdch \u017eiv\u00fdch strom\u010dekov.<\/p>\n<p style=\"text-align: center;\"><a href=\"http:\/\/www.vianocnatrnava.sk\"><img decoding=\"async\" class=\"aligncenter\" src=\"http:\/\/slovaklinesmagazin.sk\/cms\/wp-content\/uploads\/2016\/11\/Viano\u010dn\u00e1-Trnava_zdroj-Viano\u010dn\u00e1-Trnava-3maly.jpg\" alt=\"Viano\u010dn\u00e1 Trnava\" \/><\/a><\/p>\n<ol start=\"7\">\n<li><strong> Ekologick\u00e1 novinka<\/strong><\/li>\n<\/ol>\n<p>Ob\u013e\u00faben\u00fd hor\u00faci n\u00e1poj si budete m\u00f4c\u0165 vychutna\u0165 z k\u00fapen\u00e9ho keramick\u00e9ho poh\u00e1ra s\u00a0logom Viano\u010dnej Trnavy. Ak sa aj vy sna\u017e\u00edte by\u0165 \u010do najviac priate\u013esk\u00ed k pr\u00edrode, rozhodne ocen\u00edte papierov\u00e9 poh\u00e1riky, ktor\u00e9 s\u00fa ekologick\u00e9. Bojujte spolu s nami proti nerozlo\u017eite\u013en\u00e9mu plastov\u00e9mu odpadu!<\/p>\n<ol start=\"8\">\n<li><strong> Perniki\u00e1da<\/strong><\/li>\n<\/ol>\n<p>V\u00f4\u0148a \u010derstv\u00fdch medovn\u00edkov je synonymom adventu v obci Such\u00e1 nad Parnou. Pr\u00ed\u010fte si ozdobi\u0165 ten svoj i vy 27.novembra a za\u017eite nede\u013eu pln\u00fa aktiv\u00edt spojen\u00fdch s pr\u00edpravami na Vianoce. Z\u00e1kladnou ideou podujatia je zdie\u013eanie predviano\u010dn\u00e9ho popoludnia, nadviazanie na p\u00f4vodn\u00e9 hodnoty a trad\u00edcie prostredn\u00edctvom aktiv\u00edt, z ktor\u00fdch najd\u00f4le\u017eitej\u0161ou je spolo\u010dn\u00e9 zdobenie pern\u00edkov. Svojimi v\u00fdtvormi \u00fa\u010dastn\u00edci ma\u013eovania pern\u00edkov n\u00e1sledne u\u017e tradi\u010dne vyzdobia miestny kostol sv. Martina z Tours. Za pr\u00edjemn\u00fdch t\u00f3nov kolied je tie\u017e pre n\u00e1v\u0161tevn\u00edkov pripraven\u00e1 p\u00fatav\u00e1 prezent\u00e1cia \u013eudov\u00fdch zvykov typick\u00fdch pre Such\u00fa nad Parnou a\u00a0na zahriatie tepl\u00fd \u010daj. Viac inform\u00e1ci\u00ed n\u00e1jdete na: <a href=\"http:\/\/www.regiontirnavia.sk\" target=\"_blank\">www.regiontirnavia.sk<\/a>.<\/p>\n<p style=\"text-align: center;\"><img decoding=\"async\" class=\"aligncenter\" src=\"http:\/\/slovaklinesmagazin.sk\/cms\/wp-content\/uploads\/2016\/11\/perniki\u00e1da_zdroj-Trnava-Tourism-maly.jpg\" alt=\"In Drive magaz\u00edn Slovak Lines poz\u00fdva do Trnavy\" \/><\/p>\n<ol start=\"9\">\n<li><strong> Mestsk\u00e1 ve\u017ea s lamp\u00e1\u0161om<\/strong><\/li>\n<\/ol>\n<p>Objavte z\u00e1kutia Mestskej ve\u017ee v Trnave s\u00a0lamp\u00e1\u0161om v ruke po\u010das \u0161peci\u00e1lnych v\u00fdstupov so sprievodcom v historickom kost\u00fdme. Ten v\u00e1s schod\u00edk po schod\u00edku zozn\u00e1mi s pr\u00edbehmi a\u00a0legendami ve\u017ee, v ktorej v minulosti \u017eili nielen hl\u00e1snici. Vo \u0161tvrtky a nedele 8.12., 11.12, 15.12 a 18.12. v\u017edy o 17.00 a 18.30 h si n\u00e1v\u0161tevu Viano\u010dn\u00fdch trhov spestrite nezabudnute\u013en\u00fdm v\u00fdstupom na vrchol ve\u017ee po tme! Mestsk\u00e1 ve\u017ea bude piatky a\u00a0soboty po\u010das tohto obdobia otvoren\u00e1 do 21.00 h.<\/p>\n<ol start=\"10\">\n<li><strong> Stredovek\u00e9 Viano\u010dn\u00e9 trhy<\/strong><\/li>\n<\/ol>\n<p>N\u00e1razy kladiva razi\u010da minc\u00ed, topiaci sa v\u010del\u00ed vosk na v\u00fdrobu svie\u010dok, v\u00f4\u0148a medu a \u010de\u010diny vzn\u00e1\u0161aj\u00faca sa ovzdu\u0161\u00edm \u2013 to s\u00fa Stredovek\u00e9 viano\u010dn\u00e9 trhy, ktor\u00e9 v\u00e1s poz\u00fdvaj\u00fa vychutna\u0165 si osobitn\u00e9 \u010daro Vianoc na najstar\u0161om trhovisku v\u00a0meste Trnava. Ru\u010dne zhotoven\u00e9 v\u00fdrobky, netradi\u010dn\u00e9 kulin\u00e1rske \u0161peciality, v\u00fdroba lukov, kov\u00e1\u010dske zru\u010dnosti \u010di hor\u00faci dobov\u00fd viano\u010dn\u00fd pun\u010d si m\u00f4\u017eete vychutna\u0165 od 16. \u2013 18. decembra na N\u00e1mest\u00ed sv. Mikul\u00e1\u0161a v Trnave.<br \/>\nViano\u010dn\u00e1 Trnava je \u00fa\u017easn\u00fd predviano\u010dn\u00fd z\u00e1\u017eitok nielen pre obyvate\u013eov mesta, ale aj \u013eud\u00ed z\u00a0okolit\u00fdch miest. A aby sme nezabudli. Vyvrcholen\u00edm bude Silvester s ve\u013ekolep\u00fdmi oh\u0148ostrojmi, ktor\u00e9 s\u00fa pripraven\u00e9 nielen pre dospel\u00fdch, ale aj pre na\u0161ich najmen\u0161\u00edch. Bu\u010fte s nami pri tom<\/p>\n<p style=\"text-align: center;\"><img decoding=\"async\" class=\"aligncenter\" src=\"http:\/\/slovaklinesmagazin.sk\/cms\/wp-content\/uploads\/2016\/11\/Viano\u010dn\u00e1-Trnava_zdroj-Viano\u010dn\u00e1-Trnava-6maly.jpg\" alt=\"Viano\u010dn\u00e1 Trnava\" \/><\/p>\n","protected":false},"excerpt":{"rendered":"<p>Chcete si vychutna\u0165 prav\u00fa atmosf\u00e9ru Vianoc? Ak \u00e1no, va\u0161e kroky by mali tento rok smerova\u0165 do Trnavy. Viano\u010dn\u00e9 obdobie si pln\u00fdmi d\u00fa\u0161kami u\u017eijete nielen na Troji\u010dnom n\u00e1mest\u00ed, ale aj v prekr\u00e1snych \u010dastiach historick\u00e9ho centra. \u010caro Viano\u010dnej Trnavy je neop\u00edsate\u013en\u00e9 a n\u00e1v\u0161teva \u201eMal\u00e9ho R\u00edma\u201c nezabudnute\u013en\u00e1. Za\u017eite a \u201eochutnajte\u201c v\u0161etky novinky, ktor\u00e9 tento rok pre v\u00e1s organiz\u00e1tori [&hellip;]<\/p>\n","protected":false},"author":7,"featured_media":76171,"comment_status":"closed","ping_status":"closed","sticky":false,"template":"","format":"standard","meta":{"footnotes":""},"categories":[13,46,45,53,50],"tags":[],"class_list":["post-76170","post","type-post","status-publish","format-standard","has-post-thumbnail","hentry","category-real-estate","category-gastronomia","category-nas-tip","category-ponuky","category-radim-vam","eq-blocks"],"_links":{"self":[{"href":"https:\/\/www.slovaklinesmagazin.sk\/cms\/wp-json\/wp\/v2\/posts\/76170","targetHints":{"allow":["GET"]}}],"collection":[{"href":"https:\/\/www.slovaklinesmagazin.sk\/cms\/wp-json\/wp\/v2\/posts"}],"about":[{"href":"https:\/\/www.slovaklinesmagazin.sk\/cms\/wp-json\/wp\/v2\/types\/post"}],"author":[{"embeddable":true,"href":"https:\/\/www.slovaklinesmagazin.sk\/cms\/wp-json\/wp\/v2\/users\/7"}],"replies":[{"embeddable":true,"href":"https:\/\/www.slovaklinesmagazin.sk\/cms\/wp-json\/wp\/v2\/comments?post=76170"}],"version-history":[{"count":3,"href":"https:\/\/www.slovaklinesmagazin.sk\/cms\/wp-json\/wp\/v2\/posts\/76170\/revisions"}],"predecessor-version":[{"id":76181,"href":"https:\/\/www.slovaklinesmagazin.sk\/cms\/wp-json\/wp\/v2\/posts\/76170\/revisions\/76181"}],"wp:featuredmedia":[{"embeddable":true,"href":"https:\/\/www.slovaklinesmagazin.sk\/cms\/wp-json\/wp\/v2\/media\/76171"}],"wp:attachment":[{"href":"https:\/\/www.slovaklinesmagazin.sk\/cms\/wp-json\/wp\/v2\/media?parent=76170"}],"wp:term":[{"taxonomy":"category","embeddable":true,"href":"https:\/\/www.slovaklinesmagazin.sk\/cms\/wp-json\/wp\/v2\/categories?post=76170"},{"taxonomy":"post_tag","embeddable":true,"href":"https:\/\/www.slovaklinesmagazin.sk\/cms\/wp-json\/wp\/v2\/tags?post=76170"}],"curies":[{"name":"wp","href":"https:\/\/api.w.org\/{rel}","templated":true}]}}