{"id":76373,"date":"2016-11-29T13:09:01","date_gmt":"2016-11-29T11:09:01","guid":{"rendered":"http:\/\/slovaklinesmagazin.sk\/cms\/?p=76373"},"modified":"2016-11-29T13:09:01","modified_gmt":"2016-11-29T11:09:01","slug":"berlinske-interiery","status":"publish","type":"post","link":"https:\/\/www.slovaklinesmagazin.sk\/cms\/2016\/11\/berlinske-interiery\/","title":{"rendered":"Berl\u00ednske interi\u00e9ry"},"content":{"rendered":"<p>Berl\u00edn v\u00f4bec nie je nudn\u00fd. Hoci ja ve\u013ek\u00e1 \u010das\u0165 mesta po\u0161kvrnen\u00e1 \u201ekr\u00e1sami\u201c socializmu, Berl\u00edn sa m\u00f4\u017ee chv\u00e1li\u0165 r\u00f4znymi architektonick\u00fdmi zauj\u00edmavos\u0165ami. Franc\u00fazsky Fotograf Thibault Poirier n\u00e1s prostredn\u00edctvom jeho s\u00e9rie Interi\u00e9ry v Berl\u00edne zavedie na zauj\u00edmav\u00e9 miesta so zauj\u00edmavos\u0165ami berl\u00ednskej architekt\u00fary. Poirier selektoval interi\u00e9ry do svojho v\u00fdberu tak, aby n\u00e1m uk\u00e1zal r\u00f4zne perspekt\u00edvy a geometrie budov.<\/p>\n<p><img decoding=\"async\" class=\"aligncenter\" src=\"http:\/\/slovaklinesmagazin.sk\/cms\/wp-content\/uploads\/2016\/11\/2-12.jpg\" alt=\"2\" \/> <img decoding=\"async\" class=\"aligncenter\" src=\"http:\/\/slovaklinesmagazin.sk\/cms\/wp-content\/uploads\/2016\/11\/3-12.jpg\" alt=\"3\" \/> <img decoding=\"async\" class=\"aligncenter\" src=\"http:\/\/slovaklinesmagazin.sk\/cms\/wp-content\/uploads\/2016\/11\/4-12.jpg\" alt=\"4\" \/> <img decoding=\"async\" class=\"aligncenter\" src=\"http:\/\/slovaklinesmagazin.sk\/cms\/wp-content\/uploads\/2016\/11\/5-12.jpg\" alt=\"5\" \/> <img decoding=\"async\" class=\"aligncenter\" src=\"http:\/\/slovaklinesmagazin.sk\/cms\/wp-content\/uploads\/2016\/11\/6-10.jpg\" alt=\"6\" \/> <img decoding=\"async\" class=\"aligncenter\" src=\"http:\/\/slovaklinesmagazin.sk\/cms\/wp-content\/uploads\/2016\/11\/7-9.jpg\" alt=\"7\" \/><\/p>\n","protected":false},"excerpt":{"rendered":"<p>Berl\u00edn v\u00f4bec nie je nudn\u00fd. Hoci ja ve\u013ek\u00e1 \u010das\u0165 mesta po\u0161kvrnen\u00e1 \u201ekr\u00e1sami\u201c socializmu, Berl\u00edn sa m\u00f4\u017ee chv\u00e1li\u0165 r\u00f4znymi architektonick\u00fdmi zauj\u00edmavos\u0165ami. Franc\u00fazsky Fotograf Thibault Poirier n\u00e1s prostredn\u00edctvom jeho s\u00e9rie Interi\u00e9ry v Berl\u00edne zavedie na zauj\u00edmav\u00e9 miesta so zauj\u00edmavos\u0165ami berl\u00ednskej architekt\u00fary. Poirier selektoval interi\u00e9ry do svojho v\u00fdberu tak, aby n\u00e1m uk\u00e1zal r\u00f4zne perspekt\u00edvy a geometrie budov.<\/p>\n","protected":false},"author":7,"featured_media":76374,"comment_status":"closed","ping_status":"closed","sticky":false,"template":"","format":"standard","meta":{"footnotes":""},"categories":[58],"tags":[],"class_list":["post-76373","post","type-post","status-publish","format-standard","has-post-thumbnail","hentry","category-architektura","eq-blocks"],"_links":{"self":[{"href":"https:\/\/www.slovaklinesmagazin.sk\/cms\/wp-json\/wp\/v2\/posts\/76373","targetHints":{"allow":["GET"]}}],"collection":[{"href":"https:\/\/www.slovaklinesmagazin.sk\/cms\/wp-json\/wp\/v2\/posts"}],"about":[{"href":"https:\/\/www.slovaklinesmagazin.sk\/cms\/wp-json\/wp\/v2\/types\/post"}],"author":[{"embeddable":true,"href":"https:\/\/www.slovaklinesmagazin.sk\/cms\/wp-json\/wp\/v2\/users\/7"}],"replies":[{"embeddable":true,"href":"https:\/\/www.slovaklinesmagazin.sk\/cms\/wp-json\/wp\/v2\/comments?post=76373"}],"version-history":[{"count":1,"href":"https:\/\/www.slovaklinesmagazin.sk\/cms\/wp-json\/wp\/v2\/posts\/76373\/revisions"}],"predecessor-version":[{"id":76381,"href":"https:\/\/www.slovaklinesmagazin.sk\/cms\/wp-json\/wp\/v2\/posts\/76373\/revisions\/76381"}],"wp:featuredmedia":[{"embeddable":true,"href":"https:\/\/www.slovaklinesmagazin.sk\/cms\/wp-json\/wp\/v2\/media\/76374"}],"wp:attachment":[{"href":"https:\/\/www.slovaklinesmagazin.sk\/cms\/wp-json\/wp\/v2\/media?parent=76373"}],"wp:term":[{"taxonomy":"category","embeddable":true,"href":"https:\/\/www.slovaklinesmagazin.sk\/cms\/wp-json\/wp\/v2\/categories?post=76373"},{"taxonomy":"post_tag","embeddable":true,"href":"https:\/\/www.slovaklinesmagazin.sk\/cms\/wp-json\/wp\/v2\/tags?post=76373"}],"curies":[{"name":"wp","href":"https:\/\/api.w.org\/{rel}","templated":true}]}}