{"id":76406,"date":"2016-12-02T11:47:15","date_gmt":"2016-12-02T09:47:15","guid":{"rendered":"http:\/\/slovaklinesmagazin.sk\/cms\/?p=76406"},"modified":"2016-12-02T11:47:15","modified_gmt":"2016-12-02T09:47:15","slug":"silny-vietor-a-snezenie-komplikuju-zeleznicnu-dopravu","status":"publish","type":"post","link":"https:\/\/www.slovaklinesmagazin.sk\/cms\/2016\/12\/silny-vietor-a-snezenie-komplikuju-zeleznicnu-dopravu\/","title":{"rendered":"Siln\u00fd vietor a sne\u017eenie komplikuj\u00fa \u017eelezni\u010dn\u00fa dopravu"},"content":{"rendered":"<p>\u017deleznice Slovenskej republiky (\u017dSR) upozor\u0148uj\u00fa cestuj\u00facich, \u017ee v\u00a0d\u00f4sledku nepriazniv\u00e9ho po\u010dasia, v\u00fddatn\u00e9ho sne\u017eenia, silnej v\u00edchrice a\u00a0popadan\u00fdch stromov na tra\u0165 je \u00faplne, alebo \u010diasto\u010dne preru\u0161en\u00e1 \u017eelezni\u010dn\u00e1 doprava na viacer\u00fdch \u00fasekoch Slovenska. Najv\u00e1\u017enej\u0161ia je situ\u00e1cia v\u00a0\u00faseku V\u00fdchodn\u00e1 \u2013 Kr\u00e1\u013eova Lehota. Cestuj\u00faci v\u00a0\u00faseku Ko\u0161ice \u2013 \u017dilina \u2013 Bratislava preto musia po\u010d\u00edta\u0165 po\u010das cel\u00e9ho d\u0148a s\u00a0v\u00fdrazn\u00fdm me\u0161kan\u00edm vlakov. \u017dSR maj\u00fa na odstra\u0148ovanie n\u00e1sledkov nepriazniv\u00e9ho po\u010dasia nasaden\u00e9 v\u0161etky sily a\u00a0prostriedky. Za vzniknut\u00e9 me\u0161kanie sa cestuj\u00facim ospravedl\u0148uj\u00fa.<\/p>\n","protected":false},"excerpt":{"rendered":"<p>\u017deleznice Slovenskej republiky (\u017dSR) upozor\u0148uj\u00fa cestuj\u00facich, \u017ee v\u00a0d\u00f4sledku nepriazniv\u00e9ho po\u010dasia, v\u00fddatn\u00e9ho sne\u017eenia, silnej v\u00edchrice a\u00a0popadan\u00fdch stromov na tra\u0165 je \u00faplne, alebo \u010diasto\u010dne preru\u0161en\u00e1 \u017eelezni\u010dn\u00e1 doprava na viacer\u00fdch \u00fasekoch Slovenska. Najv\u00e1\u017enej\u0161ia je situ\u00e1cia v\u00a0\u00faseku V\u00fdchodn\u00e1 \u2013 Kr\u00e1\u013eova Lehota. Cestuj\u00faci v\u00a0\u00faseku Ko\u0161ice \u2013 \u017dilina \u2013 Bratislava preto musia po\u010d\u00edta\u0165 po\u010das cel\u00e9ho d\u0148a s\u00a0v\u00fdrazn\u00fdm me\u0161kan\u00edm vlakov. \u017dSR maj\u00fa [&hellip;]<\/p>\n","protected":false},"author":7,"featured_media":0,"comment_status":"closed","ping_status":"closed","sticky":false,"template":"","format":"standard","meta":{"footnotes":""},"categories":[13],"tags":[],"class_list":["post-76406","post","type-post","status-publish","format-standard","hentry","category-real-estate","eq-blocks"],"_links":{"self":[{"href":"https:\/\/www.slovaklinesmagazin.sk\/cms\/wp-json\/wp\/v2\/posts\/76406","targetHints":{"allow":["GET"]}}],"collection":[{"href":"https:\/\/www.slovaklinesmagazin.sk\/cms\/wp-json\/wp\/v2\/posts"}],"about":[{"href":"https:\/\/www.slovaklinesmagazin.sk\/cms\/wp-json\/wp\/v2\/types\/post"}],"author":[{"embeddable":true,"href":"https:\/\/www.slovaklinesmagazin.sk\/cms\/wp-json\/wp\/v2\/users\/7"}],"replies":[{"embeddable":true,"href":"https:\/\/www.slovaklinesmagazin.sk\/cms\/wp-json\/wp\/v2\/comments?post=76406"}],"version-history":[{"count":1,"href":"https:\/\/www.slovaklinesmagazin.sk\/cms\/wp-json\/wp\/v2\/posts\/76406\/revisions"}],"predecessor-version":[{"id":76407,"href":"https:\/\/www.slovaklinesmagazin.sk\/cms\/wp-json\/wp\/v2\/posts\/76406\/revisions\/76407"}],"wp:attachment":[{"href":"https:\/\/www.slovaklinesmagazin.sk\/cms\/wp-json\/wp\/v2\/media?parent=76406"}],"wp:term":[{"taxonomy":"category","embeddable":true,"href":"https:\/\/www.slovaklinesmagazin.sk\/cms\/wp-json\/wp\/v2\/categories?post=76406"},{"taxonomy":"post_tag","embeddable":true,"href":"https:\/\/www.slovaklinesmagazin.sk\/cms\/wp-json\/wp\/v2\/tags?post=76406"}],"curies":[{"name":"wp","href":"https:\/\/api.w.org\/{rel}","templated":true}]}}