{"id":76493,"date":"2016-12-08T19:39:25","date_gmt":"2016-12-08T17:39:25","guid":{"rendered":"http:\/\/slovaklinesmagazin.sk\/cms\/?p=76493"},"modified":"2016-12-08T19:39:25","modified_gmt":"2016-12-08T17:39:25","slug":"vrazda-s-pridanou-hodnotou","status":"publish","type":"post","link":"https:\/\/www.slovaklinesmagazin.sk\/cms\/2016\/12\/vrazda-s-pridanou-hodnotou\/","title":{"rendered":"Vra\u017eda s pridanou hodnotou"},"content":{"rendered":"<h5>Nov\u00e1 slovensk\u00e1 detekt\u00edvka na sc\u00e9ne!<\/h5>\n<p>Vrchn\u00e9ho in\u0161pektora Ledeck\u00e9ho z oddelenia vr\u00e1\u017ed Bratislavsk\u00e9ho riadite\u013estva policajn\u00e9ho zboru prenasleduj\u00fa zl\u00e9 sny a neusporiadan\u00fd s\u00fakromn\u00fd \u017eivot. K tomu m\u00e1 preveri\u0165 podozrenie z vra\u017edy, ktor\u00e9 na z\u00e1klade spravodajsk\u00fdch inform\u00e1ci\u00ed priniesol kolega z ekonomickej krimin\u00e1lky. Pozn\u00e1 identitu mo\u017enej obete, ale nem\u00e1 m\u0155tvolu. Ako objasni\u0165 vra\u017edu, ke\u010f nem\u00e1 telo? Navy\u0161e, ide v\u00f4bec o vra\u017edu? Nejde predsa len o prevent\u00edvne zmiznutie pr\u00edle\u017eitostn\u00e9ho auti\u010dk\u00e1ra, ktor\u00fd m\u00e1 hor\u00facu p\u00f4du pod nohami, do teplej\u0161\u00edch krajov? Takmer s\u00fabe\u017ene s prv\u00fdm pr\u00edpadom preru\u0161\u00ed n\u00e1dejne rozbehnut\u00fa po\u013eova\u010dku na srnca v\u00fdbuch a po\u017eiar ter\u00e9nneho auta. V zhorenom vraku n\u00e1jdu hasi\u010di telo, ku ktor\u00e9mu policajti zatia\u013e nepoznaj\u00fa identitu&#8230;<\/p>\n<p>Rozbieha sa p\u00e1tranie s cie\u013eom priradi\u0165 meno k telu obete alebo n\u00e1js\u0165 telo k zn\u00e1memu menu. Tento prv\u00fd krok je nevyhnutn\u00fdm predpokladom na odhalenie vraha \u010di vrahov. Ide o jeden pr\u00edpad alebo len o zhodu n\u00e1hod? S\u00fa skutky prepojen\u00e9 alebo nes\u00favisia? Odpovede na tieto a \u010fal\u0161ie ot\u00e1zky, ktor\u00e9 sa v pr\u00edbehu re\u0165azia, h\u013ead\u00e1 vrchn\u00fd in\u0161pektor Ledeck\u00fd so svoj\u00edm t\u00edmom posilnen\u00fdm o mlad\u00e9ho n\u00e1dejn\u00e9ho kriminalistu Jakuba Koreisa. Obetav\u00fd a profesion\u00e1lny pr\u00edstup, ako aj neprofesion\u00e1lne zlyhanie don\u00fatia kriminalistov vyu\u017ei\u0165 v\u0161etky dostupn\u00e9 formy operat\u00edvnej pr\u00e1ce, a\u017e po nasadenie policajn\u00e9ho agenta do tak\u00e9ho nepriate\u013esk\u00e9ho prostredia, ak\u00fdm je \u00fastav na v\u00fdkon v\u00e4zby.<\/p>\n<p>Vra\u017eda s pridanou hodnotou je krimin\u00e1lny pr\u00edbeh zo s\u00fa\u010dasnosti a vo\u013ene nadv\u00e4zuje na autorovu prvotinu Krkav\u010d\u00ed s\u00fad. V\u00e1clav Neuer aj v tejto knihe z\u00faro\u010duje svoje sk\u00fasenosti z ka\u017edodennej pr\u00e1ce policajtov pri objas\u0148ovan\u00ed najz\u00e1va\u017enej\u0161\u00edch zlo\u010dinov a z fungovania podsvetia.<\/p>\n<p>Kni\u017eku si m\u00f4\u017eete objedna\u0165 aj <a href=\"http:\/\/www.martinus.sk\/?uItem=253581\" target=\"_blank\">TU<\/a><\/p>\n<p>&nbsp;<\/p>\n","protected":false},"excerpt":{"rendered":"<p>Nov\u00e1 slovensk\u00e1 detekt\u00edvka na sc\u00e9ne! Vrchn\u00e9ho in\u0161pektora Ledeck\u00e9ho z oddelenia vr\u00e1\u017ed Bratislavsk\u00e9ho riadite\u013estva policajn\u00e9ho zboru prenasleduj\u00fa zl\u00e9 sny a neusporiadan\u00fd s\u00fakromn\u00fd \u017eivot. K tomu m\u00e1 preveri\u0165 podozrenie z vra\u017edy, ktor\u00e9 na z\u00e1klade spravodajsk\u00fdch inform\u00e1ci\u00ed priniesol kolega z ekonomickej krimin\u00e1lky. Pozn\u00e1 identitu mo\u017enej obete, ale nem\u00e1 m\u0155tvolu. Ako objasni\u0165 vra\u017edu, ke\u010f nem\u00e1 telo? Navy\u0161e, ide v\u00f4bec [&hellip;]<\/p>\n","protected":false},"author":7,"featured_media":76494,"comment_status":"closed","ping_status":"closed","sticky":false,"template":"","format":"standard","meta":{"footnotes":""},"categories":[45,11,50,48],"tags":[],"class_list":["post-76493","post","type-post","status-publish","format-standard","has-post-thumbnail","hentry","category-nas-tip","category-news","category-radim-vam","category-umenie-a-kultura","eq-blocks"],"_links":{"self":[{"href":"https:\/\/www.slovaklinesmagazin.sk\/cms\/wp-json\/wp\/v2\/posts\/76493","targetHints":{"allow":["GET"]}}],"collection":[{"href":"https:\/\/www.slovaklinesmagazin.sk\/cms\/wp-json\/wp\/v2\/posts"}],"about":[{"href":"https:\/\/www.slovaklinesmagazin.sk\/cms\/wp-json\/wp\/v2\/types\/post"}],"author":[{"embeddable":true,"href":"https:\/\/www.slovaklinesmagazin.sk\/cms\/wp-json\/wp\/v2\/users\/7"}],"replies":[{"embeddable":true,"href":"https:\/\/www.slovaklinesmagazin.sk\/cms\/wp-json\/wp\/v2\/comments?post=76493"}],"version-history":[{"count":1,"href":"https:\/\/www.slovaklinesmagazin.sk\/cms\/wp-json\/wp\/v2\/posts\/76493\/revisions"}],"predecessor-version":[{"id":76495,"href":"https:\/\/www.slovaklinesmagazin.sk\/cms\/wp-json\/wp\/v2\/posts\/76493\/revisions\/76495"}],"wp:featuredmedia":[{"embeddable":true,"href":"https:\/\/www.slovaklinesmagazin.sk\/cms\/wp-json\/wp\/v2\/media\/76494"}],"wp:attachment":[{"href":"https:\/\/www.slovaklinesmagazin.sk\/cms\/wp-json\/wp\/v2\/media?parent=76493"}],"wp:term":[{"taxonomy":"category","embeddable":true,"href":"https:\/\/www.slovaklinesmagazin.sk\/cms\/wp-json\/wp\/v2\/categories?post=76493"},{"taxonomy":"post_tag","embeddable":true,"href":"https:\/\/www.slovaklinesmagazin.sk\/cms\/wp-json\/wp\/v2\/tags?post=76493"}],"curies":[{"name":"wp","href":"https:\/\/api.w.org\/{rel}","templated":true}]}}