{"id":77060,"date":"2017-01-18T14:13:00","date_gmt":"2017-01-18T12:13:00","guid":{"rendered":"http:\/\/slovaklinesmagazin.sk\/cms\/?p=77060"},"modified":"2017-01-18T14:13:56","modified_gmt":"2017-01-18T12:13:56","slug":"v-davose-predstavili-novu-radu-pre-vodik","status":"publish","type":"post","link":"https:\/\/www.slovaklinesmagazin.sk\/cms\/2017\/01\/v-davose-predstavili-novu-radu-pre-vodik\/","title":{"rendered":"V Davose predstavili nov\u00fa \u201eRadu pre vod\u00edk\u201c."},"content":{"rendered":"<p><strong>Trin\u00e1s\u0165 popredn\u00fdch glob\u00e1lnych spolo\u010dnost\u00ed sa spojilo, aby propagovali vod\u00edk s cie\u013eom splni\u0165 klimatick\u00e9 ciele<\/strong><\/p>\n<p><strong>\u00a0<\/strong><strong>Trin\u00e1s\u0165 popredn\u00fdch spolo\u010dnost\u00ed z odvetvia energetiky, dopravy a priemyslu dnes predstavili glob\u00e1lnu iniciat\u00edvu, ktorej cie\u013eom je propag\u00e1cia jednotnej v\u00edzie a dlhodobej amb\u00edcie v oblasti prechodu na energiu z\u00edskavan\u00fa z vod\u00edka. <\/strong><\/p>\n<p><strong>\u00a0<\/strong>V r\u00e1mci prvej glob\u00e1lnej iniciat\u00edvy svojho druhu je Rada pre vod\u00edk odhodlan\u00e1 za\u010dleni\u0165 vod\u00edk medzi k\u013e\u00fa\u010dov\u00e9 rie\u0161enia prechodu na in\u00e9 zdroje energie. Vod\u00edk je univerz\u00e1lny pren\u00e1\u0161a\u010d energie s priazniv\u00fdmi vlastnos\u0165ami, ke\u010f\u017ee sa pri jeho vyu\u017e\u00edvan\u00ed vo forme \u010dist\u00e9ho paliva alebo \u010distej energie neuvo\u013e\u0148uje CO<sub>2<\/sub> a m\u00f4\u017ee zohr\u00e1va\u0165 d\u00f4le\u017eit\u00fa \u00falohu v prechode na syst\u00e9m \u010distej energie s n\u00edzkym obsahom uhl\u00edka. Vod\u00edkov\u00e9 technol\u00f3gie a produkty sa za posledn\u00e9 roky posunuli v\u00fdrazne vpred a v s\u00fa\u010dasnosti sa zav\u00e1dzaj\u00fa na trh. Rada bude spolupracova\u0165 s nieko\u013ek\u00fdmi k\u013e\u00fa\u010dov\u00fdmi stranami, napr\u00edklad z\u00e1konodarcami, podnikmi a podnikate\u013emi z odvetvia vod\u00edka, medzin\u00e1rodn\u00fdmi agent\u00farami a ob\u010dianskymi spolo\u010dnos\u0165ami a bude im poskytova\u0165 odpor\u00fa\u010dania s cie\u013eom dosiahnu\u0165 tieto ciele.<\/p>\n<p>Po\u010das predstavovania potvrdili \u010dlenovia Rady pre vod\u00edk amb\u00edciu zv\u00fd\u0161i\u0165 svoje v\u00fdznamn\u00e9 invest\u00edcie do v\u00fdvoja a komercionaliz\u00e1cie odvetv\u00ed vod\u00edka a palivov\u00fdch \u010dl\u00e1nkov. V\u00fd\u0161ka t\u00fdchto invest\u00edcii v s\u00fa\u010dasnosti dosahuje celkov\u00fa odhadovan\u00fa hodnotu 1,4 miliardy Eur ro\u010dne<a href=\"#_ftn1\" name=\"_ftnref1\">[1]<\/a>. Toto zv\u00fd\u0161enie bude mo\u017en\u00e9, ak k\u013e\u00fa\u010dov\u00e9 strany zv\u00fd\u0161ia svoju podporu vod\u00edka ako s\u00fa\u010dasti bud\u00faceho energetick\u00e9ho mixu vhodn\u00fdmi politikami a podporn\u00fdmi sch\u00e9mami.<\/p>\n<p>Rada pre vod\u00edk, ktor\u00e1 sa prv\u00fdkr\u00e1t zi\u0161la v utorok v Davose, v s\u00fa\u010dasnosti pozost\u00e1va z 13 gener\u00e1lnych riadite\u013eov a predsedov predstavenstiev z r\u00f4znych odvetv\u00ed priemyslu a energetick\u00fdch spolo\u010dnost\u00ed, v ktor\u00fdch z\u00e1ujme je pom\u00f4c\u0165 dosiahnu\u0165 ambici\u00f3zny cie\u013e v podobe 2 stup\u0148ov Celzia pod\u013ea Par\u00ed\u017eskej dohody z roku 2015. V s\u00fa\u010dasnosti s\u00fa zapojen\u00e9 nasleduj\u00face medzin\u00e1rodn\u00e9 spolo\u010dnosti: Air Liquide, Alstom, Anglo American, BMW GROUP, Daimler, ENGIE, Honda, Hyundai, Kawasaki, Royal Dutch Shell, The Linde Group, Total a Toyota. Radu ved\u00fa dvaja predsedovia z r\u00f4znych regi\u00f3nov a odvetv\u00ed, ktor\u00ed v s\u00fa\u010dasnosti reprezentuj\u00fa spolo\u010dnosti Air Liquide a Toyota.<\/p>\n<p>\u201ePar\u00ed\u017eska dohoda z roku 2015, ktorej cie\u013eom je boj proti klimatick\u00fdm zmen\u00e1m, je v\u00fdrazn\u00fd krok spr\u00e1vnym smerom, no vy\u017eaduje aj prij\u00edmanie opatren\u00ed obchodn\u00e9ho sektora, aby sa tak\u00fdto z\u00e1v\u00e4zok stal realitou. Rada pre vod\u00edk predstavuje spojenie popredn\u00fdch svetov\u00fdch spolo\u010dnost\u00ed z automobilov\u00e9ho a energetick\u00e9ho odvetvia s jasnou amb\u00edciou vysvet\u013eova\u0165, pre\u010do sa vod\u00edk stal jedn\u00fdm z k\u013e\u00fa\u010dov\u00fdch rie\u0161en\u00ed pri prechode na in\u00e9 zdroje energie, v r\u00e1mci mobility, ako aj v odvetv\u00ed energie, priemyslu a bytovej v\u00fdstavby. Preto vy\u017eaduje v\u00fdvoj nov\u00fdch strat\u00e9gi\u00ed v miere, ktor\u00e1 umo\u017en\u00ed podporu tejto my\u0161lienky. Nedok\u00e1\u017eeme to v\u0161ak sami. Potrebujeme, aby vl\u00e1dy podporovali vod\u00edk vlastn\u00fdmi opatreniami, napr\u00edklad formou sch\u00e9m ve\u013ek\u00fdch invest\u00edci\u00ed do infra\u0161trukt\u00fary. Dnes predklad\u00e1me svetov\u00fdm l\u00eddrom v\u00fdzvu na podporu vod\u00edka, aby sme dok\u00e1zali spolo\u010dne naplni\u0165 na\u0161e klimatick\u00e9 amb\u00edcie a poskytn\u00fa\u0165 \u010fal\u0161\u00ed impulz rozv\u00edjaj\u00facemu sa vod\u00edkov\u00e9mu ekosyst\u00e9mu.\u201c Beno\u00eet Potier, gener\u00e1lny riadite\u013e, Air Liquide.<\/p>\n<p>\u201eRada pre vod\u00edk bude zodpovedn\u00fdm l\u00eddrom, ktor\u00fd bude predstavova\u0165 vod\u00edkov\u00fa technol\u00f3giu a jej v\u00fdhody pre \u013eudstvo. Bude sa usilova\u0165 o spolupr\u00e1cu, spolup\u00f4sobenie a porozumenie od vl\u00e1d, priemyslu a, \u010do je najd\u00f4le\u017eitej\u0161ie, od verejnosti. V spolo\u010dnosti Toyota sme sa v\u017edy pok\u00fa\u0161ali zast\u00e1va\u0165 popredn\u00fa rolu v environment\u00e1lnom a technologickom pokroku v r\u00e1mci automobilov\u00e9ho priemyslu, aj prostredn\u00edctvom vozidiel s palivov\u00fdmi \u010dl\u00e1nkami. Okrem toho vieme, \u017ee okrem prepravy m\u00e1 vod\u00edk potenci\u00e1l podporova\u0165 n\u00e1\u0161 prechod na spolo\u010dnos\u0165 produkuj\u00facu n\u00edzke mno\u017estvo emisi\u00ed uhl\u00edka v r\u00e1mci viacer\u00fdch odvetv\u00ed a celom hodnotovom re\u0165azci. Cie\u013eom Rady pre vod\u00edk je akt\u00edvne podporova\u0165 tento prechod.\u201c Takeshi Uchiyamada, predseda predstavenstva, Toyota.<\/p>\n<p style=\"text-align: center;\"><img decoding=\"async\" class=\"aligncenter\" src=\"http:\/\/slovaklinesmagazin.sk\/cms\/wp-content\/uploads\/2017\/01\/Seiji-Kuraishi-Executive-Vice-President-Honda-Motor-Co-1.jpg\" \/><br \/>\nTakeshi Uchiyamada, predseda predstavenstva, Toyota<\/p>\n<p>\u201eSpolo\u010dnos\u0165 Honda vyv\u00edja a vylep\u0161uje technol\u00f3giu elektrick\u00e9ho pohonu vo v\u0161etk\u00fdch jeho form\u00e1ch, ke\u010f\u017ee sa sna\u017e\u00ed o zn\u00ed\u017eenie z\u00e1vislosti od fos\u00edlnych pal\u00edv a rozvoj udr\u017eate\u013enej spolo\u010dnosti. Cie\u013eom spolo\u010dnosti Honda pribli\u017ene do roku 2030 je, aby glob\u00e1lny objem predaja jej automobilov tvorili z dvoch tret\u00edn vozidl\u00e1 s technol\u00f3giami elektrifik\u00e1cie, konkr\u00e9tne vozidl\u00e1 s nulov\u00fdmi emisiami, ako s\u00fa napr\u00edklad elektrick\u00e9 vozidl\u00e1 s vod\u00edkov\u00fdmi palivov\u00fdmi \u010dl\u00e1nkami a elektrick\u00e9 vozidl\u00e1 s bat\u00e9riami, ako aj elektrick\u00e9 vozidl\u00e1 typu plug-in a hybridy. Ver\u00edme, \u017ee vozidl\u00e1 na vod\u00edk a palivov\u00e9 \u010dl\u00e1nky maj\u00fa potenci\u00e1l st\u00e1\u0165 v centre energetick\u00e9ho syst\u00e9mu spolo\u010dnosti. Ako jedna z popredn\u00fdch spolo\u010dnost\u00ed vyv\u00edjaj\u00facich technol\u00f3giu FCV sa spolo\u010dnos\u0165 Honda sna\u017e\u00ed posilni\u0165 \u00fasilie v rozvoji spolo\u010dnosti vyu\u017e\u00edvaj\u00facej vod\u00edk na celom svete. Rada pre vod\u00edk sp\u00e1ja niektor\u00e9 z popredn\u00fdch svetov\u00fdch priemyseln\u00fdch a energetick\u00fdch spolo\u010dnost\u00ed a ver\u00edme, \u017ee snahy o spolupr\u00e1cu tento proces ur\u00fdchlia.\u201c Seiji Kuraishi, v\u00fdkonn\u00fd viceprezident, Honda Motor Co., Ltd.<\/p>\n<p>Spr\u00e1va s n\u00e1zvom \u201e<a href=\"http:\/\/www.hydrogencouncil.com\">How Hydrogen empowers the energy transition<\/a><a href=\"#_ftn2\" name=\"_ftnref2\"><u>[2]<\/u><\/a>\u201c, ktorej vypracovanie zadala Rada pre vod\u00edk, obsahuje \u010fal\u0161ie podrobnosti o tomto potenci\u00e1li pre bud\u00facnos\u0165, ktor\u00fd je vod\u00edk pripraven\u00fd poskytn\u00fa\u0165, a stanovuje v\u00edziu Rady a k\u013e\u00fa\u010dov\u00e9 opatrenia, ktor\u00e9 by mali z\u00e1konodarcovia zavies\u0165, aby sa kompletne rozvinuli mo\u017enosti vod\u00edka prispie\u0165 k prechodu na in\u00e9 zdroje energie.<\/p>\n<p>Pre glob\u00e1lne spolo\u010dnosti z hlavn\u00fdch odvetv\u00ed energetiky a priemyslu je s\u00fa\u010das\u0165ou korpor\u00e1tnej zodpovednosti poskytova\u0165 rie\u0161enia na spr\u00e1vu prechodu na in\u00e9 zdroje energie a pos\u00fava\u0165 sa smerom k udr\u017eate\u013enej ekonomike zalo\u017eenej na n\u00edzkych objemoch emisie uhl\u00edka. Na zdolanie tejto n\u00e1ro\u010dnej v\u00fdzvy s\u00fa potrebn\u00e9 spolo\u010dn\u00e9 rie\u0161enia. Z tohto d\u00f4vodu vyz\u00fdvame spolo\u010dnosti a k\u013e\u00fa\u010dov\u00e9 strany spolo\u010dnosti, aby taktie\u017e uznali pr\u00edspevok vod\u00edka k prechodu na in\u00e9 zdroje energie a spolupracovali s nami na vytv\u00e1ran\u00ed efekt\u00edvneho pl\u00e1nu implement\u00e1cie.<\/p>\n<p><strong>\u00a0<\/strong><strong>\u010clenovia Rady pre uhl\u00edk spolo\u010dne dosahuj\u00fa celkov\u00e9 v\u00fdnosy vo v\u00fd\u0161ke<\/strong> <strong>1,07 bili\u00f3na Eur a zamestn\u00e1vaj\u00fa 1,72 mili\u00f3nov zamestnancov na celom svete<a href=\"#_ftn3\" name=\"_ftnref3\">[3]<\/a>.<\/strong><\/p>\n<p>&nbsp;<\/p>\n<p style=\"text-align: center;\"><strong>\u00a0<\/strong><\/p>\n<p style=\"text-align: center;\"><strong>\u010clenovia Rady pre vod\u00edk<\/strong><strong>:<\/strong><\/p>\n<p style=\"text-align: center;\"><strong><img decoding=\"async\" class=\"aligncenter\" src=\"http:\/\/slovaklinesmagazin.sk\/cms\/wp-content\/uploads\/2017\/01\/Bez-n\u00e1zvu.jpg\" \/><br \/>\n<img decoding=\"async\" class=\"aligncenter\" src=\"http:\/\/slovaklinesmagazin.sk\/cms\/wp-content\/uploads\/2017\/01\/Bez-n\u00e1zvu-1.jpg\" \/><br \/>\n<img decoding=\"async\" class=\"aligncenter\" src=\"http:\/\/slovaklinesmagazin.sk\/cms\/wp-content\/uploads\/2017\/01\/Bez-n\u00e1zvu-2.jpg\" \/><\/strong><\/p>\n<p>&nbsp;<\/p>\n<p><strong>\u00a0<\/strong><\/p>\n<p><a href=\"#_ftnref1\" name=\"_ftn1\">[1]<\/a> <em>How Hydrogen empowers the energy transition<\/em>, Spr\u00e1va, 2017, Rada pre vod\u00edk<\/p>\n<p><a href=\"#_ftnref2\" name=\"_ftn2\">[2]<\/a>\u00a0 www.hydrogencouncil.com<\/p>\n<p><a href=\"#_ftnref3\" name=\"_ftn3\">[3]<\/a> <em>\u00dadaje spolo\u010dnost\u00ed z finan\u010dn\u00fdch rokov 2015 a 2016<\/em><\/p>\n<p>&nbsp;<\/p>\n<p><strong>INFORM\u00c1CIE O VOD\u00cdKU<\/strong><\/p>\n<p>Vod\u00edk je univerz\u00e1lny nosi\u010d \u010distej a bezpe\u010dnej energie, ktor\u00fd sa m\u00f4\u017ee pou\u017e\u00edva\u0165 ako palivo poskytuj\u00face v\u00fdkon alebo v priemysle ako surovina, a okrem toho ho mo\u017eno vo ve\u013ekom usklad\u0148ova\u0165. \u010clenovia Rady pre vod\u00edk sa zav\u00e4zuj\u00fa propagova\u0165 jeho zav\u00e1dzanie. Vod\u00edk mo\u017eno produkova\u0165 z (obnovite\u013enej) elektriny a fos\u00edlnych pal\u00edv s n\u00edzkym obsahom uhl\u00edka a v mieste pou\u017e\u00edvania produkuje nulov\u00e9 emisie. Vyu\u017e\u00edvanie vod\u00edka neust\u00e1le rastie, ke\u010f\u017ee ho mo\u017eno skladova\u0165 a prepravova\u0165 pri vysokej energetickej hustote v kvapalnej alebo plynnej forme a mo\u017eno ho spa\u013eova\u0165 alebo pou\u017e\u00edva\u0165 v palivov\u00fdch \u010dl\u00e1nkoch na vytv\u00e1ranie tepla a elektrickej energie. V\u010faka tejto univerz\u00e1lnosti m\u00e1 vod\u00edk k\u013e\u00fa\u010dov\u00fa \u00falohu v odvetv\u00ed prepravy, priemyslu a bytovej v\u00fdstavby, poskytuje mo\u017enos\u0165 ve\u013ekoobjemov\u00e9ho skladovania obnovite\u013enej energie s preru\u0161ovan\u00fdm pou\u017eit\u00edm a je s\u013eubn\u00fdm rie\u0161en\u00edm pri prekon\u00e1van\u00ed v\u00fdziev prechodu na in\u00e9 zdroje energie.<\/p>\n<p>&nbsp;<\/p>\n","protected":false},"excerpt":{"rendered":"<p>Trin\u00e1s\u0165 popredn\u00fdch glob\u00e1lnych spolo\u010dnost\u00ed sa spojilo, aby propagovali vod\u00edk s cie\u013eom splni\u0165 klimatick\u00e9 ciele \u00a0Trin\u00e1s\u0165 popredn\u00fdch spolo\u010dnost\u00ed z odvetvia energetiky, dopravy a priemyslu dnes predstavili glob\u00e1lnu iniciat\u00edvu, ktorej cie\u013eom je propag\u00e1cia jednotnej v\u00edzie a dlhodobej amb\u00edcie v oblasti prechodu na energiu z\u00edskavan\u00fa z vod\u00edka. \u00a0V r\u00e1mci prvej glob\u00e1lnej iniciat\u00edvy svojho druhu je Rada pre vod\u00edk [&hellip;]<\/p>\n","protected":false},"author":7,"featured_media":0,"comment_status":"closed","ping_status":"closed","sticky":false,"template":"","format":"standard","meta":{"footnotes":""},"categories":[4,13,45,11,42],"tags":[],"class_list":["post-77060","post","type-post","status-publish","format-standard","hentry","category-automobily","category-real-estate","category-nas-tip","category-news","category-tech","eq-blocks"],"_links":{"self":[{"href":"https:\/\/www.slovaklinesmagazin.sk\/cms\/wp-json\/wp\/v2\/posts\/77060","targetHints":{"allow":["GET"]}}],"collection":[{"href":"https:\/\/www.slovaklinesmagazin.sk\/cms\/wp-json\/wp\/v2\/posts"}],"about":[{"href":"https:\/\/www.slovaklinesmagazin.sk\/cms\/wp-json\/wp\/v2\/types\/post"}],"author":[{"embeddable":true,"href":"https:\/\/www.slovaklinesmagazin.sk\/cms\/wp-json\/wp\/v2\/users\/7"}],"replies":[{"embeddable":true,"href":"https:\/\/www.slovaklinesmagazin.sk\/cms\/wp-json\/wp\/v2\/comments?post=77060"}],"version-history":[{"count":2,"href":"https:\/\/www.slovaklinesmagazin.sk\/cms\/wp-json\/wp\/v2\/posts\/77060\/revisions"}],"predecessor-version":[{"id":77067,"href":"https:\/\/www.slovaklinesmagazin.sk\/cms\/wp-json\/wp\/v2\/posts\/77060\/revisions\/77067"}],"wp:attachment":[{"href":"https:\/\/www.slovaklinesmagazin.sk\/cms\/wp-json\/wp\/v2\/media?parent=77060"}],"wp:term":[{"taxonomy":"category","embeddable":true,"href":"https:\/\/www.slovaklinesmagazin.sk\/cms\/wp-json\/wp\/v2\/categories?post=77060"},{"taxonomy":"post_tag","embeddable":true,"href":"https:\/\/www.slovaklinesmagazin.sk\/cms\/wp-json\/wp\/v2\/tags?post=77060"}],"curies":[{"name":"wp","href":"https:\/\/api.w.org\/{rel}","templated":true}]}}