{"id":77147,"date":"2017-01-21T12:38:45","date_gmt":"2017-01-21T10:38:45","guid":{"rendered":"http:\/\/slovaklinesmagazin.sk\/cms\/?p=77147"},"modified":"2017-01-21T12:38:45","modified_gmt":"2017-01-21T10:38:45","slug":"kde-si-kate-eberlenova","status":"publish","type":"post","link":"https:\/\/www.slovaklinesmagazin.sk\/cms\/2017\/01\/kde-si-kate-eberlenova\/","title":{"rendered":"Kde si ? &#8211; Kate Eberlenov\u00e1"},"content":{"rendered":"<p>Obsah knihy: Kde si?<\/p>\n<p>Dnes je prv\u00fd de\u0148 zvy\u0161ku tvojho \u017eivota.<br \/>\nTess nedok\u00e1\u017ee pusti\u0165 z hlavy motto nama\u013eovan\u00e9 na ozdobnom tanieri, ktor\u00fd le\u017e\u00ed na poli\u010dke doma v kuchyni, ani ke\u010f je s najlep\u0161ou kamar\u00e1tkou vo Florencii na posledn\u00fdch, priam idylick\u00fdch letn\u00fdch pr\u00e1zdnin\u00e1ch. \u010coskoro nast\u00fapi na univerzitu v Lond\u00fdne a nov\u00e9ho \u017eivota sa u\u017e nevie do\u010dka\u0165.<br \/>\nAj Gus je s rodi\u010dmi vo Florencii na pr\u00e1zdnin\u00e1ch, sedem mesiacov po tom, ako sa ich rodinn\u00fd \u017eivot ne\u010dakane a tragicky zmenil. M\u00e1 namieren\u00e9 do Lond\u00fdna na \u0161t\u00fadium medic\u00edny a usiluje sa by\u0165 poslu\u0161n\u00fdm synom, hoci t\u00fa\u017ei utiec\u0165 a pr\u00eds\u0165 na to, k\u00fdm skuto\u010dne je.<br \/>\nA v jeden hor\u00faci letn\u00fd de\u0148 sa chodn\u00ed\u010dky osemn\u00e1s\u0165ro\u010dn\u00e9ho diev\u010da\u0165a a chlapca na chv\u00ed\u013eu pretn\u00fa. Obaja sa vr\u00e1tia do Anglicka a \u010delila bud\u00facnosti v\u00fdrazne odli\u0161nej od toho, \u010do si ka\u017ed\u00fd z nich vysn\u00edval.<br \/>\nPo\u010das nasleduj\u00facich \u0161estn\u00e1stich rokov im \u017eivot a l\u00e1ska pripravia nejedno prekvapenie. Del\u00ed ich vzdialenos\u0165 a osud, a tak nemaj\u00fa mo\u017enos\u0165 sa stretn\u00fa\u0165. A\u017e sa op\u00e4\u0165 jedn\u00e9ho d\u0148a ocitn\u00fa v n\u00e1dhernej Florencii.<\/p>\n<p><a href=\"http:\/\/www.bux.sk\"><img decoding=\"async\" class=\"aligncenter\" src=\"http:\/\/slovaklinesmagazin.sk\/cms\/wp-content\/uploads\/2017\/01\/large-kde_si-195x300.jpg\" \/><\/a><\/p>\n<p style=\"text-align: center;\">T\u00fato fantastick\u00fa kni\u017eku si m\u00f4\u017eete k\u00fapi\u0165 na:<\/p>\n<p style=\"text-align: center;\"><a href=\"http:\/\/www.bux.sk\">www.bux.sk<\/a><\/p>\n","protected":false},"excerpt":{"rendered":"<p>Obsah knihy: Kde si? Dnes je prv\u00fd de\u0148 zvy\u0161ku tvojho \u017eivota. Tess nedok\u00e1\u017ee pusti\u0165 z hlavy motto nama\u013eovan\u00e9 na ozdobnom tanieri, ktor\u00fd le\u017e\u00ed na poli\u010dke doma v kuchyni, ani ke\u010f je s najlep\u0161ou kamar\u00e1tkou vo Florencii na posledn\u00fdch, priam idylick\u00fdch letn\u00fdch pr\u00e1zdnin\u00e1ch. \u010coskoro nast\u00fapi na univerzitu v Lond\u00fdne a nov\u00e9ho \u017eivota sa u\u017e nevie do\u010dka\u0165. [&hellip;]<\/p>\n","protected":false},"author":7,"featured_media":77148,"comment_status":"closed","ping_status":"closed","sticky":false,"template":"","format":"standard","meta":{"footnotes":""},"categories":[45,11,50,48],"tags":[],"class_list":["post-77147","post","type-post","status-publish","format-standard","has-post-thumbnail","hentry","category-nas-tip","category-news","category-radim-vam","category-umenie-a-kultura","eq-blocks"],"_links":{"self":[{"href":"https:\/\/www.slovaklinesmagazin.sk\/cms\/wp-json\/wp\/v2\/posts\/77147","targetHints":{"allow":["GET"]}}],"collection":[{"href":"https:\/\/www.slovaklinesmagazin.sk\/cms\/wp-json\/wp\/v2\/posts"}],"about":[{"href":"https:\/\/www.slovaklinesmagazin.sk\/cms\/wp-json\/wp\/v2\/types\/post"}],"author":[{"embeddable":true,"href":"https:\/\/www.slovaklinesmagazin.sk\/cms\/wp-json\/wp\/v2\/users\/7"}],"replies":[{"embeddable":true,"href":"https:\/\/www.slovaklinesmagazin.sk\/cms\/wp-json\/wp\/v2\/comments?post=77147"}],"version-history":[{"count":1,"href":"https:\/\/www.slovaklinesmagazin.sk\/cms\/wp-json\/wp\/v2\/posts\/77147\/revisions"}],"predecessor-version":[{"id":77149,"href":"https:\/\/www.slovaklinesmagazin.sk\/cms\/wp-json\/wp\/v2\/posts\/77147\/revisions\/77149"}],"wp:featuredmedia":[{"embeddable":true,"href":"https:\/\/www.slovaklinesmagazin.sk\/cms\/wp-json\/wp\/v2\/media\/77148"}],"wp:attachment":[{"href":"https:\/\/www.slovaklinesmagazin.sk\/cms\/wp-json\/wp\/v2\/media?parent=77147"}],"wp:term":[{"taxonomy":"category","embeddable":true,"href":"https:\/\/www.slovaklinesmagazin.sk\/cms\/wp-json\/wp\/v2\/categories?post=77147"},{"taxonomy":"post_tag","embeddable":true,"href":"https:\/\/www.slovaklinesmagazin.sk\/cms\/wp-json\/wp\/v2\/tags?post=77147"}],"curies":[{"name":"wp","href":"https:\/\/api.w.org\/{rel}","templated":true}]}}