{"id":77157,"date":"2017-01-24T15:36:28","date_gmt":"2017-01-24T13:36:28","guid":{"rendered":"http:\/\/slovaklinesmagazin.sk\/cms\/?p=77157"},"modified":"2017-01-24T15:36:28","modified_gmt":"2017-01-24T13:36:28","slug":"new-york-pod-bielou-perinou","status":"publish","type":"post","link":"https:\/\/www.slovaklinesmagazin.sk\/cms\/2017\/01\/new-york-pod-bielou-perinou\/","title":{"rendered":"New York pod bielou perinou"},"content":{"rendered":"<p>V\u00fddatn\u00e9 sne\u017eenie sa nevyhlo ani \u201eve\u013ek\u00e9mu jablku\u201c, a\u00a0tak sa nikdy nespiace ve\u013ekomesto ponorilo do pokojnej jemnej snehobielej atmosf\u00e9ry. Talian \u017eij\u00faci v\u00a0New Yorku, Michele Palazzo, nafotil prv\u00e9 v\u00fddatn\u00e9 sne\u017eenie v\u00a0roku 2017.<\/p>\n<p><img loading=\"lazy\" decoding=\"async\" class=\"aligncenter\" src=\"http:\/\/slovaklinesmagazin.sk\/cms\/wp-content\/uploads\/2017\/01\/1-24-300x200.jpg\" width=\"651\" height=\"434\" \/> <img loading=\"lazy\" decoding=\"async\" class=\"aligncenter\" src=\"http:\/\/slovaklinesmagazin.sk\/cms\/wp-content\/uploads\/2017\/01\/2-23-300x200.jpg\" width=\"651\" height=\"434\" \/> <img loading=\"lazy\" decoding=\"async\" class=\"aligncenter\" src=\"http:\/\/slovaklinesmagazin.sk\/cms\/wp-content\/uploads\/2017\/01\/3-23-300x200.jpg\" width=\"659\" height=\"439\" \/> <img loading=\"lazy\" decoding=\"async\" class=\"aligncenter\" src=\"http:\/\/slovaklinesmagazin.sk\/cms\/wp-content\/uploads\/2017\/01\/4-22-300x200.jpg\" width=\"659\" height=\"439\" \/> <img loading=\"lazy\" decoding=\"async\" class=\"aligncenter\" src=\"http:\/\/slovaklinesmagazin.sk\/cms\/wp-content\/uploads\/2017\/01\/5-22-288x300.jpg\" width=\"653\" height=\"680\" \/> <img loading=\"lazy\" decoding=\"async\" class=\"aligncenter\" src=\"http:\/\/slovaklinesmagazin.sk\/cms\/wp-content\/uploads\/2017\/01\/7-20-300x281.jpg\" width=\"649\" height=\"608\" \/> <img loading=\"lazy\" decoding=\"async\" class=\"aligncenter\" src=\"http:\/\/slovaklinesmagazin.sk\/cms\/wp-content\/uploads\/2017\/01\/8-18-300x200.jpg\" width=\"642\" height=\"428\" \/><\/p>\n<p>Foto: Michele Palazzo<\/p>\n","protected":false},"excerpt":{"rendered":"<p>V\u00fddatn\u00e9 sne\u017eenie sa nevyhlo ani \u201eve\u013ek\u00e9mu jablku\u201c, a\u00a0tak sa nikdy nespiace ve\u013ekomesto ponorilo do pokojnej jemnej snehobielej atmosf\u00e9ry. Talian \u017eij\u00faci v\u00a0New Yorku, Michele Palazzo, nafotil prv\u00e9 v\u00fddatn\u00e9 sne\u017eenie v\u00a0roku 2017. Foto: Michele Palazzo<\/p>\n","protected":false},"author":7,"featured_media":77163,"comment_status":"closed","ping_status":"closed","sticky":false,"template":"","format":"standard","meta":{"footnotes":""},"categories":[13],"tags":[],"class_list":["post-77157","post","type-post","status-publish","format-standard","has-post-thumbnail","hentry","category-real-estate","eq-blocks"],"_links":{"self":[{"href":"https:\/\/www.slovaklinesmagazin.sk\/cms\/wp-json\/wp\/v2\/posts\/77157","targetHints":{"allow":["GET"]}}],"collection":[{"href":"https:\/\/www.slovaklinesmagazin.sk\/cms\/wp-json\/wp\/v2\/posts"}],"about":[{"href":"https:\/\/www.slovaklinesmagazin.sk\/cms\/wp-json\/wp\/v2\/types\/post"}],"author":[{"embeddable":true,"href":"https:\/\/www.slovaklinesmagazin.sk\/cms\/wp-json\/wp\/v2\/users\/7"}],"replies":[{"embeddable":true,"href":"https:\/\/www.slovaklinesmagazin.sk\/cms\/wp-json\/wp\/v2\/comments?post=77157"}],"version-history":[{"count":1,"href":"https:\/\/www.slovaklinesmagazin.sk\/cms\/wp-json\/wp\/v2\/posts\/77157\/revisions"}],"predecessor-version":[{"id":77166,"href":"https:\/\/www.slovaklinesmagazin.sk\/cms\/wp-json\/wp\/v2\/posts\/77157\/revisions\/77166"}],"wp:featuredmedia":[{"embeddable":true,"href":"https:\/\/www.slovaklinesmagazin.sk\/cms\/wp-json\/wp\/v2\/media\/77163"}],"wp:attachment":[{"href":"https:\/\/www.slovaklinesmagazin.sk\/cms\/wp-json\/wp\/v2\/media?parent=77157"}],"wp:term":[{"taxonomy":"category","embeddable":true,"href":"https:\/\/www.slovaklinesmagazin.sk\/cms\/wp-json\/wp\/v2\/categories?post=77157"},{"taxonomy":"post_tag","embeddable":true,"href":"https:\/\/www.slovaklinesmagazin.sk\/cms\/wp-json\/wp\/v2\/tags?post=77157"}],"curies":[{"name":"wp","href":"https:\/\/api.w.org\/{rel}","templated":true}]}}