{"id":77216,"date":"2017-01-26T16:14:11","date_gmt":"2017-01-26T14:14:11","guid":{"rendered":"http:\/\/slovaklinesmagazin.sk\/cms\/?p=77216"},"modified":"2017-01-26T16:14:11","modified_gmt":"2017-01-26T14:14:11","slug":"v-uliciach-tibetu","status":"publish","type":"post","link":"https:\/\/www.slovaklinesmagazin.sk\/cms\/2017\/01\/v-uliciach-tibetu\/","title":{"rendered":"V uliciach Tibetu"},"content":{"rendered":"<p>Vlad Meytin si uvedomuje, \u017ee fotografovanie v\u00a0\u010c\u00edne je riskantn\u00e1 z\u00e1\u013euba. Neraz na vlastnej ko\u017ei ok\u00fasil n\u00e1siln\u00e9 a\u00a0rozhor\u010den\u00e9 n\u00e1silie, ke\u010f si ako cudzinec dovolil fotografova\u0165 okolie. Napriek tomu sa nenechal odradi\u0165 a\u00a0v\u010faka nemu si m\u00f4\u017eeme pozrie\u0165 \u00fa\u017easn\u00e9 fotografie z\u00a0ul\u00edc kontroverzn\u00e9ho Tibetu. Farebn\u00e9 obr\u00e1zky pln\u00e9 \u017eivota vznikli v j\u00fani 2016.<\/p>\n<p><img loading=\"lazy\" decoding=\"async\" class=\"aligncenter\" src=\"http:\/\/slovaklinesmagazin.sk\/cms\/wp-content\/uploads\/2017\/01\/1-28-300x169.jpg\" width=\"660\" height=\"372\" \/> <img loading=\"lazy\" decoding=\"async\" class=\"aligncenter\" src=\"http:\/\/slovaklinesmagazin.sk\/cms\/wp-content\/uploads\/2017\/01\/2-27-300x169.jpg\" width=\"659\" height=\"371\" \/> <img loading=\"lazy\" decoding=\"async\" class=\"aligncenter\" src=\"http:\/\/slovaklinesmagazin.sk\/cms\/wp-content\/uploads\/2017\/01\/3-27-300x169.jpg\" width=\"662\" height=\"373\" \/> <img loading=\"lazy\" decoding=\"async\" class=\"aligncenter\" src=\"http:\/\/slovaklinesmagazin.sk\/cms\/wp-content\/uploads\/2017\/01\/4-26-300x238.jpg\" width=\"661\" height=\"524\" \/> <img loading=\"lazy\" decoding=\"async\" class=\"aligncenter\" src=\"http:\/\/slovaklinesmagazin.sk\/cms\/wp-content\/uploads\/2017\/01\/6-23-300x169.jpg\" width=\"660\" height=\"372\" \/> <img loading=\"lazy\" decoding=\"async\" class=\"aligncenter\" src=\"http:\/\/slovaklinesmagazin.sk\/cms\/wp-content\/uploads\/2017\/01\/7-24-300x169.jpg\" width=\"660\" height=\"372\" \/> <img loading=\"lazy\" decoding=\"async\" class=\"aligncenter\" src=\"http:\/\/slovaklinesmagazin.sk\/cms\/wp-content\/uploads\/2017\/01\/8-22-300x169.jpg\" width=\"659\" height=\"371\" \/> <img loading=\"lazy\" decoding=\"async\" class=\"aligncenter\" src=\"http:\/\/slovaklinesmagazin.sk\/cms\/wp-content\/uploads\/2017\/01\/9-19-300x169.jpg\" width=\"660\" height=\"372\" \/> <img loading=\"lazy\" decoding=\"async\" class=\"aligncenter\" src=\"http:\/\/slovaklinesmagazin.sk\/cms\/wp-content\/uploads\/2017\/01\/10-17-300x169.jpg\" width=\"659\" height=\"371\" \/> <img loading=\"lazy\" decoding=\"async\" class=\"aligncenter\" src=\"http:\/\/slovaklinesmagazin.sk\/cms\/wp-content\/uploads\/2017\/01\/11-12-300x169.jpg\" width=\"664\" height=\"374\" \/> <img loading=\"lazy\" decoding=\"async\" class=\"aligncenter\" src=\"http:\/\/slovaklinesmagazin.sk\/cms\/wp-content\/uploads\/2017\/01\/12-10-300x169.jpg\" width=\"660\" height=\"372\" \/> <img loading=\"lazy\" decoding=\"async\" class=\"aligncenter\" src=\"http:\/\/slovaklinesmagazin.sk\/cms\/wp-content\/uploads\/2017\/01\/13-9-212x300.jpg\" width=\"662\" height=\"937\" \/><\/p>\n<p>Foto: Vlad Meytin<\/p>\n","protected":false},"excerpt":{"rendered":"<p>Vlad Meytin si uvedomuje, \u017ee fotografovanie v\u00a0\u010c\u00edne je riskantn\u00e1 z\u00e1\u013euba. Neraz na vlastnej ko\u017ei ok\u00fasil n\u00e1siln\u00e9 a\u00a0rozhor\u010den\u00e9 n\u00e1silie, ke\u010f si ako cudzinec dovolil fotografova\u0165 okolie. Napriek tomu sa nenechal odradi\u0165 a\u00a0v\u010faka nemu si m\u00f4\u017eeme pozrie\u0165 \u00fa\u017easn\u00e9 fotografie z\u00a0ul\u00edc kontroverzn\u00e9ho Tibetu. Farebn\u00e9 obr\u00e1zky pln\u00e9 \u017eivota vznikli v j\u00fani 2016. Foto: Vlad Meytin<\/p>\n","protected":false},"author":7,"featured_media":77221,"comment_status":"closed","ping_status":"closed","sticky":false,"template":"","format":"standard","meta":{"footnotes":""},"categories":[13],"tags":[],"class_list":["post-77216","post","type-post","status-publish","format-standard","has-post-thumbnail","hentry","category-real-estate","eq-blocks"],"_links":{"self":[{"href":"https:\/\/www.slovaklinesmagazin.sk\/cms\/wp-json\/wp\/v2\/posts\/77216","targetHints":{"allow":["GET"]}}],"collection":[{"href":"https:\/\/www.slovaklinesmagazin.sk\/cms\/wp-json\/wp\/v2\/posts"}],"about":[{"href":"https:\/\/www.slovaklinesmagazin.sk\/cms\/wp-json\/wp\/v2\/types\/post"}],"author":[{"embeddable":true,"href":"https:\/\/www.slovaklinesmagazin.sk\/cms\/wp-json\/wp\/v2\/users\/7"}],"replies":[{"embeddable":true,"href":"https:\/\/www.slovaklinesmagazin.sk\/cms\/wp-json\/wp\/v2\/comments?post=77216"}],"version-history":[{"count":1,"href":"https:\/\/www.slovaklinesmagazin.sk\/cms\/wp-json\/wp\/v2\/posts\/77216\/revisions"}],"predecessor-version":[{"id":77230,"href":"https:\/\/www.slovaklinesmagazin.sk\/cms\/wp-json\/wp\/v2\/posts\/77216\/revisions\/77230"}],"wp:featuredmedia":[{"embeddable":true,"href":"https:\/\/www.slovaklinesmagazin.sk\/cms\/wp-json\/wp\/v2\/media\/77221"}],"wp:attachment":[{"href":"https:\/\/www.slovaklinesmagazin.sk\/cms\/wp-json\/wp\/v2\/media?parent=77216"}],"wp:term":[{"taxonomy":"category","embeddable":true,"href":"https:\/\/www.slovaklinesmagazin.sk\/cms\/wp-json\/wp\/v2\/categories?post=77216"},{"taxonomy":"post_tag","embeddable":true,"href":"https:\/\/www.slovaklinesmagazin.sk\/cms\/wp-json\/wp\/v2\/tags?post=77216"}],"curies":[{"name":"wp","href":"https:\/\/api.w.org\/{rel}","templated":true}]}}