{"id":77240,"date":"2017-01-26T16:29:13","date_gmt":"2017-01-26T14:29:13","guid":{"rendered":"http:\/\/slovaklinesmagazin.sk\/cms\/?p=77240"},"modified":"2017-01-26T16:29:13","modified_gmt":"2017-01-26T14:29:13","slug":"leto-v-gronsku","status":"publish","type":"post","link":"https:\/\/www.slovaklinesmagazin.sk\/cms\/2017\/01\/leto-v-gronsku\/","title":{"rendered":"Leto v Gr\u00f3nsku"},"content":{"rendered":"<p>\u0160vaj\u010diarsky fotograf Renaud Kritzinger nav\u0161t\u00edvil Gr\u00f3nska. Hoci to tak na poh\u013ead nevyzer\u00e1, vybral si term\u00edn na za\u010diatku leta. Cestoval s\u00e1m uprostred \u013eadovcov a divokej pr\u00edrody. Vr\u00e1til sa s\u00a0mnoh\u00fdmi z\u00e1\u017eitkami a\u00a0fotografiami dokumentuj\u00facimi obrovsk\u00e9 zmrznut\u00e9 \u00fazemie, obrovsk\u00e9 \u013eadovce, ale aj typick\u00e9 farebn\u00e9 domy.<\/p>\n<p><img loading=\"lazy\" decoding=\"async\" class=\"aligncenter\" src=\"http:\/\/slovaklinesmagazin.sk\/cms\/wp-content\/uploads\/2017\/01\/1-30-300x200.jpg\" width=\"549\" height=\"366\" \/> <img loading=\"lazy\" decoding=\"async\" class=\"aligncenter\" src=\"http:\/\/slovaklinesmagazin.sk\/cms\/wp-content\/uploads\/2017\/01\/2-29-300x200.jpg\" width=\"552\" height=\"368\" \/> <img loading=\"lazy\" decoding=\"async\" class=\"aligncenter\" src=\"http:\/\/slovaklinesmagazin.sk\/cms\/wp-content\/uploads\/2017\/01\/3-29-300x200.jpg\" width=\"551\" height=\"367\" \/> <img loading=\"lazy\" decoding=\"async\" class=\"aligncenter\" src=\"http:\/\/slovaklinesmagazin.sk\/cms\/wp-content\/uploads\/2017\/01\/4-28-300x200.jpg\" width=\"552\" height=\"368\" \/> <img loading=\"lazy\" decoding=\"async\" class=\"aligncenter\" src=\"http:\/\/slovaklinesmagazin.sk\/cms\/wp-content\/uploads\/2017\/01\/6-25-300x200.jpg\" width=\"548\" height=\"365\" \/> <img loading=\"lazy\" decoding=\"async\" class=\"aligncenter\" src=\"http:\/\/slovaklinesmagazin.sk\/cms\/wp-content\/uploads\/2017\/01\/7-26-300x200.jpg\" width=\"549\" height=\"366\" \/> <img loading=\"lazy\" decoding=\"async\" class=\"aligncenter\" src=\"http:\/\/slovaklinesmagazin.sk\/cms\/wp-content\/uploads\/2017\/01\/8-23-300x200.jpg\" width=\"552\" height=\"368\" \/> <img loading=\"lazy\" decoding=\"async\" class=\"aligncenter\" src=\"http:\/\/slovaklinesmagazin.sk\/cms\/wp-content\/uploads\/2017\/01\/9-20-300x200.jpg\" width=\"551\" height=\"367\" \/> <img loading=\"lazy\" decoding=\"async\" class=\"aligncenter\" src=\"http:\/\/slovaklinesmagazin.sk\/cms\/wp-content\/uploads\/2017\/01\/10-18-300x200.jpg\" width=\"549\" height=\"366\" \/> <img loading=\"lazy\" decoding=\"async\" class=\"aligncenter\" src=\"http:\/\/slovaklinesmagazin.sk\/cms\/wp-content\/uploads\/2017\/01\/11-13-300x200.jpg\" width=\"551\" height=\"367\" \/><\/p>\n<p>Foto: Renaud Kritzinger<\/p>\n","protected":false},"excerpt":{"rendered":"<p>\u0160vaj\u010diarsky fotograf Renaud Kritzinger nav\u0161t\u00edvil Gr\u00f3nska. Hoci to tak na poh\u013ead nevyzer\u00e1, vybral si term\u00edn na za\u010diatku leta. Cestoval s\u00e1m uprostred \u013eadovcov a divokej pr\u00edrody. Vr\u00e1til sa s\u00a0mnoh\u00fdmi z\u00e1\u017eitkami a\u00a0fotografiami dokumentuj\u00facimi obrovsk\u00e9 zmrznut\u00e9 \u00fazemie, obrovsk\u00e9 \u013eadovce, ale aj typick\u00e9 farebn\u00e9 domy. Foto: Renaud Kritzinger<\/p>\n","protected":false},"author":7,"featured_media":77245,"comment_status":"closed","ping_status":"closed","sticky":false,"template":"","format":"standard","meta":{"footnotes":""},"categories":[13],"tags":[],"class_list":["post-77240","post","type-post","status-publish","format-standard","has-post-thumbnail","hentry","category-real-estate","eq-blocks"],"_links":{"self":[{"href":"https:\/\/www.slovaklinesmagazin.sk\/cms\/wp-json\/wp\/v2\/posts\/77240","targetHints":{"allow":["GET"]}}],"collection":[{"href":"https:\/\/www.slovaklinesmagazin.sk\/cms\/wp-json\/wp\/v2\/posts"}],"about":[{"href":"https:\/\/www.slovaklinesmagazin.sk\/cms\/wp-json\/wp\/v2\/types\/post"}],"author":[{"embeddable":true,"href":"https:\/\/www.slovaklinesmagazin.sk\/cms\/wp-json\/wp\/v2\/users\/7"}],"replies":[{"embeddable":true,"href":"https:\/\/www.slovaklinesmagazin.sk\/cms\/wp-json\/wp\/v2\/comments?post=77240"}],"version-history":[{"count":1,"href":"https:\/\/www.slovaklinesmagazin.sk\/cms\/wp-json\/wp\/v2\/posts\/77240\/revisions"}],"predecessor-version":[{"id":77252,"href":"https:\/\/www.slovaklinesmagazin.sk\/cms\/wp-json\/wp\/v2\/posts\/77240\/revisions\/77252"}],"wp:featuredmedia":[{"embeddable":true,"href":"https:\/\/www.slovaklinesmagazin.sk\/cms\/wp-json\/wp\/v2\/media\/77245"}],"wp:attachment":[{"href":"https:\/\/www.slovaklinesmagazin.sk\/cms\/wp-json\/wp\/v2\/media?parent=77240"}],"wp:term":[{"taxonomy":"category","embeddable":true,"href":"https:\/\/www.slovaklinesmagazin.sk\/cms\/wp-json\/wp\/v2\/categories?post=77240"},{"taxonomy":"post_tag","embeddable":true,"href":"https:\/\/www.slovaklinesmagazin.sk\/cms\/wp-json\/wp\/v2\/tags?post=77240"}],"curies":[{"name":"wp","href":"https:\/\/api.w.org\/{rel}","templated":true}]}}