{"id":77384,"date":"2017-02-01T15:39:51","date_gmt":"2017-02-01T13:39:51","guid":{"rendered":"http:\/\/slovaklinesmagazin.sk\/cms\/?p=77384"},"modified":"2017-02-01T15:39:51","modified_gmt":"2017-02-01T13:39:51","slug":"festival-hory-a-mesto-2017-navstivia-lezci-ktori-lamu-rekordy-a-posuvaju-hranice","status":"publish","type":"post","link":"https:\/\/www.slovaklinesmagazin.sk\/cms\/2017\/02\/festival-hory-a-mesto-2017-navstivia-lezci-ktori-lamu-rekordy-a-posuvaju-hranice\/","title":{"rendered":"Festival HORY A MESTO 2017 &#8211; nav\u0161t\u00edvia lezci, ktor\u00ed l\u00e1mu rekordy a pos\u00favaj\u00fa hranice"},"content":{"rendered":"<p><strong>Osemn\u00e1sty ro\u010dn\u00edk Medzin\u00e1rodn\u00e9ho festivalu horsk\u00e9ho filmu a\u00a0dobrodru\u017estva HORY A\u00a0MESTO sa\u00a0tohto roku uskuto\u010dn\u00ed u\u017e na z\u00e1ver marca, od 22. do 26. 3. 2017. Hlavn\u00fdmi hos\u0165ami bud\u00fa lezci, ktor\u00ed l\u00e1mu svetov\u00e9 rekordy a\u00a0pos\u00favaj\u00fa hranice neprekonate\u013en\u00e9ho na mo\u017en\u00e9. Mlad\u00fd americk\u00fd lezec KEVIN JORGESON a svetov\u00e1 jednotka v\u00a0skalnom lezen\u00ed ADAM ONDRA vyliezli ako jedin\u00ed vo\u013en\u00fdm \u0161t\u00fdlom naj\u0165a\u017e\u0161iu cestu na svete Dawn Wall na El Capitan v\u00a0Yosemitoch, v\u00a0Bratislave o\u00a0tom povedia viac; pricestuje aj nemeck\u00e1 profesion\u00e1lna lezky\u0148a a\u00a0spisovate\u013eka INES PAPERT.<\/strong><\/p>\n<p><strong>P\u00e4\u0165 festivalov\u00fdch dn\u00ed so s\u00fa\u0165a\u017enou filmovou prehliadkou, multimedi\u00e1lnymi prezent\u00e1ciami, cestoklubmi KINO SVET a\u00a0\u010fal\u0161\u00edm programom sa tradi\u010dne bude kona\u0165 v multiplexe\u00a0Cinema City v\u00a0bratislavskom Auparku. <\/strong><\/p>\n<p><em>\u201eTe\u0161\u00ed n\u00e1s, \u017ee na festival do Bratislavy m\u00f4\u017eeme poz\u00fdva\u0165 t\u00fdch aktu\u00e1lne najlep\u0161\u00edch, poskytn\u00fa\u0165 im priestor na vz\u00e1jomn\u00e9 osobn\u00e9 stretnutie a\u00a0konfront\u00e1ciu svojich z\u00e1\u017eitkov, sk\u00fasenost\u00ed \u010di v\u00fdkonov, ktor\u00e9 zdie\u013eaj\u00fa s\u00a0div\u00e1kmi prostredn\u00edctvom premietania fotiek, filmov a\u00a0rozpr\u00e1vania pr\u00edbehov,\u201c\u00a0 <\/em>povedala projektov\u00e1 mana\u017e\u00e9rka festivalu Hory a\u00a0mesto Nat\u00e1lia Bokn\u00edkov\u00e1<em>.<\/em><\/p>\n<p style=\"text-align: center;\"><img decoding=\"async\" class=\"aligncenter\" src=\"http:\/\/slovaklinesmagazin.sk\/cms\/wp-content\/uploads\/2017\/02\/kevin_jorgeson_dawn_wall-1024x683.jpg\" \/><br \/>\n<strong>KEVIN JORGESON<\/strong><\/p>\n<p style=\"text-align: center;\"><img decoding=\"async\" class=\"aligncenter\" src=\"http:\/\/slovaklinesmagazin.sk\/cms\/wp-content\/uploads\/2017\/02\/Kevin_Jorgeson_BBB1199_V2maly-682x1024.jpg\" \/><br \/>\n<strong>KEVIN JORGESON<\/strong><\/p>\n<p><em>\u00a0\u00a0\u00a0\u00a0\u00a0\u00a0\u00a0\u00a0\u00a0\u00a0\u00a0\u00a0\u00a0\u00a0\u00a0 <\/em>Po prv\u00fd raz v\u00a0hist\u00f3rii festivalu bude v\u00a0jeho programe figurova\u0165 dvojpredn\u00e1\u0161ka, organiz\u00e1tori \u0148ou chc\u00fa zareagova\u0165 na mimoriadny \u00faspech dvoch svetov\u00fdch lezcov, ktor\u00ed pribli\u017ene dva roky po sebe ako jedin\u00ed vyliezli <strong>vo\u013en\u00fdm \u0161t\u00fdlom <\/strong><strong>Dawn Wall na El Capitan v\u00a0Yosemitoch<\/strong>. Na prelome rokov 2014 a\u00a02015 (27. 12. 2014 \u2013 14. 1. 2015) sa to ako prv\u00e9mu podarilo <strong>Kevinovi Jorgesonovi<\/strong>, ktor\u00fd cestu podnikol spolu s\u00a0Tommym Caldwellom, hos\u0165om festivalu Hory a\u00a0mesto spred troch rokov. T\u00e1to cesta sa pova\u017euje za naj\u0165a\u017e\u0161iu na svete, pripravovali sa na \u0148u \u0161es\u0165 rokov\u00a0 a\u00a0samotn\u00fd v\u00fdstup im trval cel\u00fdch 19 dn\u00ed. T\u00fdmto v\u00fdkonom si vysl\u00fa\u017eili pozornos\u0165 svetov\u00fdch m\u00e9di\u00ed.<\/p>\n<p style=\"text-align: center;\"><img decoding=\"async\" class=\"aligncenter\" src=\"http:\/\/slovaklinesmagazin.sk\/cms\/wp-content\/uploads\/2017\/02\/Adam_Ondra_Dawn_Wall_14_dlzka_photo_Heinz-Zak.jpg\" \/><strong>Adam Ondra<\/strong><\/p>\n<p style=\"text-align: center;\"><img loading=\"lazy\" decoding=\"async\" class=\"aligncenter\" src=\"http:\/\/slovaklinesmagazin.sk\/cms\/wp-content\/uploads\/2017\/02\/Adam_Ondra_v_19_dlzke_Dawn_Wall_photo_Heinz_Zak-682x1024.jpg\" width=\"634\" height=\"952\" \/><strong>Adam Ondra<\/strong><\/p>\n<p style=\"text-align: center;\">\n<img loading=\"lazy\" decoding=\"async\" class=\"aligncenter\" src=\"http:\/\/slovaklinesmagazin.sk\/cms\/wp-content\/uploads\/2017\/02\/Adam_Ondra_po_prelezeni_Dawn_Wall_photo_Heinz_Zak-682x1024.jpg\" width=\"639\" height=\"959\" \/><strong>Adam Ondra<\/strong><\/p>\n<p><strong>Adam Ondra<\/strong>, vo svete lezenia pova\u017eovan\u00fd za \u201ez\u00e1zra\u010dn\u00e9 die\u0165a\u201c a\u00a0z\u00e1rove\u0148 za najlep\u0161ieho skaln\u00e9ho lezca sveta, bol druh\u00fdm lezcom v\u00a0hist\u00f3rii, ktor\u00fd Dawn Wall vyliezol vo\u013ene; bolo to v\u00a0novembri 2016,\u00a0 len po nieko\u013ek\u00fdch t\u00fd\u017ed\u0148och sk\u00fa\u0161ania. Adam Ondra bol na festivale Hory a\u00a0mesto u\u017e trikr\u00e1t (2013, 2011, 2008); v\u00a0Bratislave m\u00e1 medzi div\u00e1kmi festivalu siln\u00fd fun club. <em>\u201eAdama pozn\u00e1me od jeho lezeck\u00fdch za\u010diatkov, kedy bol ozna\u010dovan\u00fd ako lezecky z\u00e1zra\u010dne talentovan\u00e9 die\u0165a. Hory a\u00a0mesto nav\u0161t\u00edvil viackr\u00e1t a dalo by sa poveda\u0165, \u017ee sa stal mil\u00e1\u010dikom festivalu, skamar\u00e1tili sa s n\u00edm mnoh\u00ed \u010dlenovia n\u00e1\u0161ho \u0161t\u00e1bu aj dobrovo\u013en\u00edci. Adam sa vypracoval na v\u00fdborn\u00e9ho rozpr\u00e1va\u010da a\u00a0na to, \u017ee je svetovou jednotkou, je nesmierne skromn\u00fd,\u201c<\/em> povedal programov\u00fd riadite\u013e festivalu Alan Form\u00e1nek.<\/p>\n<p>Obaja, <strong>Kevin a Adam<\/strong>, bud\u00fa hos\u0165ami na Hory a\u00a0mesto 2017 a po prv\u00fd raz bud\u00fa ma\u0165 ako dvaja hlavn\u00ed hostia multimedi\u00e1lne prezent\u00e1cie v\u00a0jednom dvojbloku. Program, ktor\u00fd sa bude kona\u0165 v <u>sobotu 25. marca 2017<\/u> v\u00a0najv\u00e4\u010d\u0161ej kinos\u00e1le, bude venovan\u00fd prelezeniu cesty Dawn Wall.<\/p>\n<p>Nemeck\u00e1 profesion\u00e1lna lezky\u0148a a\u00a0publicistka<strong> Ines Papert<\/strong> pricestuje na Hory a mesto prv\u00fdkr\u00e1t. Poch\u00e1dza z\u00a0muzikantskej rodiny,\u00a0hr\u00e1 na klav\u00edr a\u00a0saxof\u00f3n. Po tom, \u010do vy\u0161tudovala fyzioterapiu, sa\u00a0pres\u0165ahovala do Bavorsk\u00fdch \u00c1lp, kde v\u00a0sebe objavila v\u00e1\u0161e\u0148 pre hory. Napriek tomu, \u017ee lezeniu sa za\u010dala venova\u0165 a\u017e v\u00a0dospelom veku, vypracovala sa na mimoriadne siln\u00fa skaln\u00fa, alpsk\u00fa, \u013eadov\u00fa \u010di mixov\u00fa lezky\u0148u, ktor\u00e1 sa svojimi v\u00fdkonmi \u010dastokr\u00e1t vyrovn\u00e1va aj mu\u017eom. Dr\u017e\u00ed viacero rekordov v\u00a0\u017eenskom lezen\u00ed a m\u00e1 za sebou mnoho prvov\u00fdstupov, napr\u00edklad aj na himal\u00e1jsku horu Likhu Chuli I (6719 m) v\u00a0Nep\u00e1le, na ktor\u00fa dokonca vyliezla sama. V\u00a0roku 2006 vyhrala svetov\u00fd \u0161ampion\u00e1t Ice Climbing Wolrd Cup a\u00a0v\u00a0priebehu siedmich rokov ho vyhrala e\u0161te trikr\u00e1t. Ines bola prvou \u017eenou, ktor\u00e1 vyliezla stupe\u0148 M 11 v\u00a0mixovom lezen\u00ed.<\/p>\n<p style=\"text-align: center;\"><img decoding=\"async\" class=\"aligncenter\" src=\"http:\/\/slovaklinesmagazin.sk\/cms\/wp-content\/uploads\/2017\/02\/Ines_Papert_Patagonien37maly.jpg\" \/><strong>Ines Papert<\/strong><\/p>\n<p style=\"text-align: center;\"><img decoding=\"async\" class=\"aligncenter\" src=\"http:\/\/slovaklinesmagazin.sk\/cms\/wp-content\/uploads\/2017\/02\/Ines_Paper_Patagonien40maly.jpg\" \/><strong>Ines Papert<\/strong><\/p>\n<p>Na festivale Hory a\u00a0mesto predstav\u00ed <u>v\u00a0piatok 24. marca 2017<\/u> svoj najnov\u0161\u00ed film <em>Riders on the Storm<\/em> o\u00a0prelezen\u00ed rovnomennej cesty na Torres del Paine v\u00a0Patag\u00f3nii. Porozpr\u00e1va aj o\u00a0exped\u00edciach vo viacer\u00fdch oblastiach sveta ako v\u00a0Alp\u00e1ch, v\u00a0N\u00f3rsku, v\u00a0Himal\u00e1jach \u010di americk\u00fdch Rockies.<\/p>\n<p>Hos\u0165ami festivalu s\u00fa samozrejme aj slovensk\u00ed lezci, horolezci a\u00a0skialpinisti.<strong> Miro Pe\u0165o <\/strong>a<strong>\u00a0Robo Vrl\u00e1k<\/strong> pon\u00faknu multimedi\u00e1lnu prezent\u00e1ciu o\u00a0skialpovan\u00ed v\u00a0Ir\u00e1ne a <strong>Stano Glejdura<\/strong>, jeden z\u00a0priekopn\u00edkov slovensk\u00e9ho skalolezenia najm\u00e4 v\u00a0oblasti Ka\u013eam\u00e1rka, pon\u00fakne prierez svojou lezeckou kari\u00e9rou.<\/p>\n<p>Hlavnou \u010das\u0165ou programu festivalu Hory a\u00a0mesto je filmov\u00e1 prehliadka, ktor\u00e1 je rozdelen\u00e1 do tematick\u00fdch sekci\u00ed \u2013 Zem, Skala, Voda, Vzduch, Sneh, Horsk\u00e9 bicykle a Beh, nebud\u00fa ch\u00fdba\u0165 ani ob\u013e\u00faben\u00e9 multimedi\u00e1lne prezent\u00e1cie, in\u0161pirat\u00edvne cestokluby KINO SVET a\u00a0cel\u00fd rad sprievodn\u00fdch aktiv\u00edt.<\/p>\n<p>Na titulke:\u00a0Ines Papert<\/p>\n","protected":false},"excerpt":{"rendered":"<p>Osemn\u00e1sty ro\u010dn\u00edk Medzin\u00e1rodn\u00e9ho festivalu horsk\u00e9ho filmu a\u00a0dobrodru\u017estva HORY A\u00a0MESTO sa\u00a0tohto roku uskuto\u010dn\u00ed u\u017e na z\u00e1ver marca, od 22. do 26. 3. 2017. Hlavn\u00fdmi hos\u0165ami bud\u00fa lezci, ktor\u00ed l\u00e1mu svetov\u00e9 rekordy a\u00a0pos\u00favaj\u00fa hranice neprekonate\u013en\u00e9ho na mo\u017en\u00e9. Mlad\u00fd americk\u00fd lezec KEVIN JORGESON a svetov\u00e1 jednotka v\u00a0skalnom lezen\u00ed ADAM ONDRA vyliezli ako jedin\u00ed vo\u013en\u00fdm \u0161t\u00fdlom naj\u0165a\u017e\u0161iu cestu na [&hellip;]<\/p>\n","protected":false},"author":7,"featured_media":77385,"comment_status":"closed","ping_status":"closed","sticky":false,"template":"","format":"standard","meta":{"footnotes":""},"categories":[11,5,52,56,42],"tags":[],"class_list":["post-77384","post","type-post","status-publish","format-standard","has-post-thumbnail","hentry","category-news","category-celebrity-magazine","category-outdoor","category-priroda","category-tech","eq-blocks"],"_links":{"self":[{"href":"https:\/\/www.slovaklinesmagazin.sk\/cms\/wp-json\/wp\/v2\/posts\/77384","targetHints":{"allow":["GET"]}}],"collection":[{"href":"https:\/\/www.slovaklinesmagazin.sk\/cms\/wp-json\/wp\/v2\/posts"}],"about":[{"href":"https:\/\/www.slovaklinesmagazin.sk\/cms\/wp-json\/wp\/v2\/types\/post"}],"author":[{"embeddable":true,"href":"https:\/\/www.slovaklinesmagazin.sk\/cms\/wp-json\/wp\/v2\/users\/7"}],"replies":[{"embeddable":true,"href":"https:\/\/www.slovaklinesmagazin.sk\/cms\/wp-json\/wp\/v2\/comments?post=77384"}],"version-history":[{"count":1,"href":"https:\/\/www.slovaklinesmagazin.sk\/cms\/wp-json\/wp\/v2\/posts\/77384\/revisions"}],"predecessor-version":[{"id":77392,"href":"https:\/\/www.slovaklinesmagazin.sk\/cms\/wp-json\/wp\/v2\/posts\/77384\/revisions\/77392"}],"wp:featuredmedia":[{"embeddable":true,"href":"https:\/\/www.slovaklinesmagazin.sk\/cms\/wp-json\/wp\/v2\/media\/77385"}],"wp:attachment":[{"href":"https:\/\/www.slovaklinesmagazin.sk\/cms\/wp-json\/wp\/v2\/media?parent=77384"}],"wp:term":[{"taxonomy":"category","embeddable":true,"href":"https:\/\/www.slovaklinesmagazin.sk\/cms\/wp-json\/wp\/v2\/categories?post=77384"},{"taxonomy":"post_tag","embeddable":true,"href":"https:\/\/www.slovaklinesmagazin.sk\/cms\/wp-json\/wp\/v2\/tags?post=77384"}],"curies":[{"name":"wp","href":"https:\/\/api.w.org\/{rel}","templated":true}]}}