{"id":77413,"date":"2017-02-03T16:05:27","date_gmt":"2017-02-03T14:05:27","guid":{"rendered":"http:\/\/slovaklinesmagazin.sk\/cms\/?p=77413"},"modified":"2017-02-03T16:05:27","modified_gmt":"2017-02-03T14:05:27","slug":"kohut-depesak","status":"publish","type":"post","link":"https:\/\/www.slovaklinesmagazin.sk\/cms\/2017\/02\/kohut-depesak\/","title":{"rendered":"Koh\u00fat \u201edepe\u0161\u00e1k\u201c"},"content":{"rendered":"<p>\u010cierna a\u017e do \u0161piku kost\u00ed- od peria a\u017e po vn\u00fatorn\u00e9 org\u00e1ny. Ayam Cemani je vz\u00e1cnos\u0165ou oproti be\u017enej hydine, ktor\u00e1 beh\u00e1 po dvoroch na slovensk\u00fdch dedin\u00e1ch. Vz\u00e1cny druh poch\u00e1dza z Indon\u00e9zie, a jeho ojedinel\u00fd vzh\u013ead z neho urobil jeden z najexotickej\u0161\u00edch a tajomn\u00fdch plemien na svete. Ide vlastne o\u00a0ne\u0161kodn\u00fa genetick\u00fa mut\u00e1ciu, ktor\u00e1 sp\u00f4sobuje prienik melan\u00ednu do vt\u00e1\u010dieho tkaniva. Tento proces sa deje u\u017e v z\u00e1rodku, \u010do m\u00e1 za n\u00e1sledok atypick\u00fa farebnos\u0165 aj u kur\u010diat.<\/p>\n<p><img decoding=\"async\" class=\"aligncenter\" src=\"http:\/\/slovaklinesmagazin.sk\/cms\/wp-content\/uploads\/2017\/02\/2-2.jpg\" \/> <img decoding=\"async\" class=\"aligncenter\" src=\"http:\/\/slovaklinesmagazin.sk\/cms\/wp-content\/uploads\/2017\/02\/3-2.jpg\" \/> <img decoding=\"async\" class=\"aligncenter\" src=\"http:\/\/slovaklinesmagazin.sk\/cms\/wp-content\/uploads\/2017\/02\/4-2.jpg\" \/><\/p>\n","protected":false},"excerpt":{"rendered":"<p>\u010cierna a\u017e do \u0161piku kost\u00ed- od peria a\u017e po vn\u00fatorn\u00e9 org\u00e1ny. Ayam Cemani je vz\u00e1cnos\u0165ou oproti be\u017enej hydine, ktor\u00e1 beh\u00e1 po dvoroch na slovensk\u00fdch dedin\u00e1ch. Vz\u00e1cny druh poch\u00e1dza z Indon\u00e9zie, a jeho ojedinel\u00fd vzh\u013ead z neho urobil jeden z najexotickej\u0161\u00edch a tajomn\u00fdch plemien na svete. Ide vlastne o\u00a0ne\u0161kodn\u00fa genetick\u00fa mut\u00e1ciu, ktor\u00e1 sp\u00f4sobuje prienik melan\u00ednu do [&hellip;]<\/p>\n","protected":false},"author":7,"featured_media":77414,"comment_status":"closed","ping_status":"closed","sticky":false,"template":"","format":"standard","meta":{"footnotes":""},"categories":[56],"tags":[],"class_list":["post-77413","post","type-post","status-publish","format-standard","has-post-thumbnail","hentry","category-priroda","eq-blocks"],"_links":{"self":[{"href":"https:\/\/www.slovaklinesmagazin.sk\/cms\/wp-json\/wp\/v2\/posts\/77413","targetHints":{"allow":["GET"]}}],"collection":[{"href":"https:\/\/www.slovaklinesmagazin.sk\/cms\/wp-json\/wp\/v2\/posts"}],"about":[{"href":"https:\/\/www.slovaklinesmagazin.sk\/cms\/wp-json\/wp\/v2\/types\/post"}],"author":[{"embeddable":true,"href":"https:\/\/www.slovaklinesmagazin.sk\/cms\/wp-json\/wp\/v2\/users\/7"}],"replies":[{"embeddable":true,"href":"https:\/\/www.slovaklinesmagazin.sk\/cms\/wp-json\/wp\/v2\/comments?post=77413"}],"version-history":[{"count":1,"href":"https:\/\/www.slovaklinesmagazin.sk\/cms\/wp-json\/wp\/v2\/posts\/77413\/revisions"}],"predecessor-version":[{"id":77418,"href":"https:\/\/www.slovaklinesmagazin.sk\/cms\/wp-json\/wp\/v2\/posts\/77413\/revisions\/77418"}],"wp:featuredmedia":[{"embeddable":true,"href":"https:\/\/www.slovaklinesmagazin.sk\/cms\/wp-json\/wp\/v2\/media\/77414"}],"wp:attachment":[{"href":"https:\/\/www.slovaklinesmagazin.sk\/cms\/wp-json\/wp\/v2\/media?parent=77413"}],"wp:term":[{"taxonomy":"category","embeddable":true,"href":"https:\/\/www.slovaklinesmagazin.sk\/cms\/wp-json\/wp\/v2\/categories?post=77413"},{"taxonomy":"post_tag","embeddable":true,"href":"https:\/\/www.slovaklinesmagazin.sk\/cms\/wp-json\/wp\/v2\/tags?post=77413"}],"curies":[{"name":"wp","href":"https:\/\/api.w.org\/{rel}","templated":true}]}}