{"id":77451,"date":"2017-02-07T17:11:43","date_gmt":"2017-02-07T15:11:43","guid":{"rendered":"http:\/\/slovaklinesmagazin.sk\/cms\/?p=77451"},"modified":"2017-02-07T17:11:43","modified_gmt":"2017-02-07T15:11:43","slug":"vertikalny-les","status":"publish","type":"post","link":"https:\/\/www.slovaklinesmagazin.sk\/cms\/2017\/02\/vertikalny-les\/","title":{"rendered":"Vertik\u00e1lny les"},"content":{"rendered":"<p><span style=\"color: #000000; font-family: Calibri;\">V\u00a0roku 2018 bud\u00fa v\u00a0\u00c1zii dokon\u010den\u00e9 budovy, ktor\u00fdch obvod bude tvori\u0165 a\u017e 3000 rastl\u00edn. Zelen\u00e9 ve\u017ee s\u00a0n\u00e1zvom Nanjing Towers vyprodukuj\u00fa 60 k\u00edl kysl\u00edka ka\u017ed\u00fd de\u0148, preto ich m\u00f4\u017eeme doslova pova\u017eova\u0165 za vertik\u00e1ly les. V\u00a0budov\u00e1ch sa bud\u00fa nach\u00e1dza\u0165 kancel\u00e1rie, m\u00fazeum, hotel, klub, \u0161kola. Obyvate\u013eom a\u00a0n\u00e1v\u0161tevn\u00edkom sa z\u00a0balk\u00f3nov naskytne \u00fachvatn\u00fd v\u00fdh\u013ead.Za n\u00e1vrhom budov stoj\u00ed taliansky architekt Stefano Boeri, ktor\u00fd ma na konte podobn\u00e9 projekty v\u00a0o\u00a0\u0161vaj\u010diarskom Lausanne a\u00a0talianskom Mil\u00e1ne. <\/span><\/p>\n<p><img decoding=\"async\" class=\"aligncenter\" src=\"http:\/\/slovaklinesmagazin.sk\/cms\/wp-content\/uploads\/2017\/02\/1-6.jpg\" \/> <img decoding=\"async\" class=\"aligncenter\" src=\"http:\/\/slovaklinesmagazin.sk\/cms\/wp-content\/uploads\/2017\/02\/2-6.jpg\" \/><\/p>\n","protected":false},"excerpt":{"rendered":"<p>V\u00a0roku 2018 bud\u00fa v\u00a0\u00c1zii dokon\u010den\u00e9 budovy, ktor\u00fdch obvod bude tvori\u0165 a\u017e 3000 rastl\u00edn. Zelen\u00e9 ve\u017ee s\u00a0n\u00e1zvom Nanjing Towers vyprodukuj\u00fa 60 k\u00edl kysl\u00edka ka\u017ed\u00fd de\u0148, preto ich m\u00f4\u017eeme doslova pova\u017eova\u0165 za vertik\u00e1ly les. V\u00a0budov\u00e1ch sa bud\u00fa nach\u00e1dza\u0165 kancel\u00e1rie, m\u00fazeum, hotel, klub, \u0161kola. Obyvate\u013eom a\u00a0n\u00e1v\u0161tevn\u00edkom sa z\u00a0balk\u00f3nov naskytne \u00fachvatn\u00fd v\u00fdh\u013ead.Za n\u00e1vrhom budov stoj\u00ed taliansky architekt Stefano Boeri, [&hellip;]<\/p>\n","protected":false},"author":7,"featured_media":77454,"comment_status":"closed","ping_status":"closed","sticky":false,"template":"","format":"standard","meta":{"footnotes":""},"categories":[9],"tags":[],"class_list":["post-77451","post","type-post","status-publish","format-standard","has-post-thumbnail","hentry","category-lifestyle","eq-blocks"],"_links":{"self":[{"href":"https:\/\/www.slovaklinesmagazin.sk\/cms\/wp-json\/wp\/v2\/posts\/77451","targetHints":{"allow":["GET"]}}],"collection":[{"href":"https:\/\/www.slovaklinesmagazin.sk\/cms\/wp-json\/wp\/v2\/posts"}],"about":[{"href":"https:\/\/www.slovaklinesmagazin.sk\/cms\/wp-json\/wp\/v2\/types\/post"}],"author":[{"embeddable":true,"href":"https:\/\/www.slovaklinesmagazin.sk\/cms\/wp-json\/wp\/v2\/users\/7"}],"replies":[{"embeddable":true,"href":"https:\/\/www.slovaklinesmagazin.sk\/cms\/wp-json\/wp\/v2\/comments?post=77451"}],"version-history":[{"count":1,"href":"https:\/\/www.slovaklinesmagazin.sk\/cms\/wp-json\/wp\/v2\/posts\/77451\/revisions"}],"predecessor-version":[{"id":77455,"href":"https:\/\/www.slovaklinesmagazin.sk\/cms\/wp-json\/wp\/v2\/posts\/77451\/revisions\/77455"}],"wp:featuredmedia":[{"embeddable":true,"href":"https:\/\/www.slovaklinesmagazin.sk\/cms\/wp-json\/wp\/v2\/media\/77454"}],"wp:attachment":[{"href":"https:\/\/www.slovaklinesmagazin.sk\/cms\/wp-json\/wp\/v2\/media?parent=77451"}],"wp:term":[{"taxonomy":"category","embeddable":true,"href":"https:\/\/www.slovaklinesmagazin.sk\/cms\/wp-json\/wp\/v2\/categories?post=77451"},{"taxonomy":"post_tag","embeddable":true,"href":"https:\/\/www.slovaklinesmagazin.sk\/cms\/wp-json\/wp\/v2\/tags?post=77451"}],"curies":[{"name":"wp","href":"https:\/\/api.w.org\/{rel}","templated":true}]}}