{"id":77582,"date":"2017-02-18T09:42:47","date_gmt":"2017-02-18T07:42:47","guid":{"rendered":"http:\/\/slovaklinesmagazin.sk\/cms\/?p=77582"},"modified":"2017-02-18T09:42:47","modified_gmt":"2017-02-18T07:42:47","slug":"festival-hory-a-mesto-uvedie-premieru-filmu-rezisera-a-ochranara-erika-balaza-nesmrtelny-les","status":"publish","type":"post","link":"https:\/\/www.slovaklinesmagazin.sk\/cms\/2017\/02\/festival-hory-a-mesto-uvedie-premieru-filmu-rezisera-a-ochranara-erika-balaza-nesmrtelny-les\/","title":{"rendered":"Festival HORY A MESTO uvedie premi\u00e9ru filmu  re\u017eis\u00e9ra a ochran\u00e1ra Erika Bal\u00e1\u017ea Nesmrte\u013en\u00fd les"},"content":{"rendered":"<p>&nbsp;<\/p>\n<p><strong>Re\u017eis\u00e9r a\u00a0ochran\u00e1r Erik Bal\u00e1\u017e predstav\u00ed na festivale HORY A\u00a0MESTO druh\u00fa \u010das\u0165 tril\u00f3gie <em>Tajomn\u00e9 Karpaty<\/em> s\u00a0n\u00e1zvom <em>Nesmrte\u013en\u00fd les<\/em>. Oce\u0148ovan\u00fd film\u00e1r v\u00a0\u0148om so svoj\u00edm tvoriv\u00fdm t\u00edmom predstavuje pr\u00edrodn\u00fd raj \u2013 les pod Kriv\u00e1\u0148om, ktor\u00fd sa takmer nemen\u00ed, jeho vl\u00e1dcami s\u00fa st\u00e1ro\u010dn\u00e9 borovice limby a ich ve\u010dn\u00fdm sprievodcom je medve\u010f. Erik Bal\u00e1\u017e \u2013 re\u017eis\u00e9r, ktor\u00fd ukazuje Slovensko tak, ako ho nepozn\u00e1me \u2013 sa so svoj\u00edm kameramanom Karolom Kalisk\u00fdm na festivale z\u00fa\u010dastn\u00ed aj workshopu na t\u00e9mu filmovanie v divo\u010dine.<\/strong><\/p>\n<p style=\"text-align: center;\"><img loading=\"lazy\" decoding=\"async\" class=\"aligncenter\" src=\"http:\/\/slovaklinesmagazin.sk\/cms\/wp-content\/uploads\/2017\/02\/re\u017eiser_Erik_Bal\u00e1\u017e-1024x683.jpg\" width=\"850\" height=\"567\" \/><br \/>\nRe\u017eis\u00e9r a\u00a0ochran\u00e1r Erik Bal\u00e1\u017e<\/p>\n<p><strong>\u00a0\u00a0\u00a0\u00a0\u00a0\u00a0\u00a0\u00a0\u00a0\u00a0\u00a0\u00a0\u00a0\u00a0\u00a0 Osemn\u00e1sty ro\u010dn\u00edk Medzin\u00e1rodn\u00e9ho festivalu horsk\u00e9ho filmu a\u00a0dobrodru\u017estva HORY A\u00a0MESTO sa uskuto\u010dn\u00ed od 22. do 26. marca 2017 v multiplexe\u00a0Cinema City v\u00a0bratislavskom Auparku. <\/strong><\/p>\n<p><em>\u201e<\/em>V\u017edy je pre n\u00e1s \u010des\u0165 aj rados\u0165, ke\u010f na na\u0161om festivale maj\u00fa filmy svoju premi\u00e9ru. Tohto roku sme radi, \u017ee jedn\u00fdm z\u00a0premi\u00e9rovan\u00fdch filmov je pr\u00e1ve najnov\u0161\u00ed film Erika Bal\u00e1\u017ea, po celom svete oce\u0148ovan\u00e9ho i\u00a0div\u00e1cky ve\u013emi ob\u013e\u00faben\u00e9ho resi\u017e\u00e9ra<em>,\u201c\u00a0 <\/em>povedala projektov\u00e1 mana\u017e\u00e9rka festivalu Hory a\u00a0mesto Nat\u00e1lia Bokn\u00edkov\u00e1<em>.<\/em> \u201e<em>Festival Hory a Mesto upriamuje pozornos\u0165 na to, \u017ee hory s\u00fa pre n\u00e1s d\u00f4le\u017eit\u00e9 aj ke\u010f s\u00fa \u010faleko.\u00a0Na prv\u00fd poh\u013ead m\u00f4\u017eu by\u0165 nehostinn\u00fdm prostred\u00edm, ktor\u00e9 m\u00e1 pre \u010dloveka v\u00fdznam len ako kulisa pre \u013eudsk\u00e9 z\u00e1\u017eitky v pr\u00edrode. V\u00fdznam h\u00f4r je ale omnoho hlb\u0161\u00ed. S\u00fa zdrojom vody, v\u010faka ktorej v\u0161etci \u017eijeme, rezervo\u00e1rom biologickej rozmanitosti, o\u00e1zou ticha a miestom in\u0161pir\u00e1cie \u013eudsk\u00e9ho ducha ak\u00e9 v pre\u013eudnenom svete nenach\u00e1dzame<\/em>,\u201c povedal re\u017eis\u00e9r Erik Bal\u00e1\u017e o\u00a0prel\u00ednan\u00ed svojho vn\u00edmania h\u00f4r a\u00a0festivalu Hory a\u00a0mesto.<\/p>\n<p style=\"text-align: center;\"><img loading=\"lazy\" decoding=\"async\" class=\"aligncenter\" src=\"http:\/\/slovaklinesmagazin.sk\/cms\/wp-content\/uploads\/2017\/02\/Nesmrtelny_les_stromy-1024x683.jpg\" width=\"849\" height=\"566\" \/><br \/>\nNesmrte\u013en\u00fd les<\/p>\n<p style=\"text-align: center;\"><img loading=\"lazy\" decoding=\"async\" class=\"aligncenter\" src=\"http:\/\/slovaklinesmagazin.sk\/cms\/wp-content\/uploads\/2017\/02\/Nesmrtelny_les_1-1024x683.jpg\" width=\"850\" height=\"567\" \/><br \/>\nNesmrte\u013en\u00fd les<\/p>\n<p>\u00a0\u00a0\u00a0\u00a0\u00a0\u00a0\u00a0\u00a0\u00a0\u00a0\u00a0\u00a0\u00a0\u00a0\u00a0 Premi\u00e9ra filmu <strong><em>Nesmrte\u013en\u00fd les<\/em><\/strong> sa uskuto\u010dn\u00ed v\u00a0sobotu 25. marca 2017 za osobnej \u00fa\u010dasti tvorcov filmu. \u201e<em>Za posledn\u00fdch nieko\u013eko tis\u00edcro\u010d\u00ed sa eur\u00f3pska krajina zmenila viac ako si dok\u00e1\u017eeme predstavi\u0165. Vysu\u0161ili sme mokrade, zregulovali rieky, vyr\u00fabali alebo premenili lesy, vyhubili ve\u013ek\u00e9 zvierat\u00e1. \u00a0\u017diadne miesto sa u\u017e ani vzdialene nepodob\u00e1 Eur\u00f3pe prehistorick\u00fdch \u010dias. A predsa, existuje jeden les, ktor\u00fd sa takmer nemen\u00ed. Zo skalnatej p\u00f4dy pod Kriv\u00e1\u0148om vyrast\u00e1 Nesmrte\u013en\u00fd les. Jeho vl\u00e1dcami s\u00fa st\u00e1ro\u010dn\u00e9 borovice limby a ich ve\u010dn\u00fd sprievodca medve\u010f. \u017divot medve\u010fov je tu tesne spojen\u00fd so \u017eivotom stromov a cel\u00e9ho pralesa. Ten im poskytuje \u00fato\u010disko pred \u010dlovekom a\u00a0v\u0161etko, \u010do k \u017eivotu potrebuj\u00fa<\/em>,\u201c p\u00ed\u0161e sa v\u00a0anot\u00e1cii dokumentu.<\/p>\n<p><em>\u00a0\u00a0\u00a0\u00a0\u00a0\u00a0\u00a0\u00a0\u00a0\u00a0\u00a0\u00a0\u00a0\u00a0\u00a0 <\/em>Festival uvedie aj prv\u00fd film spom\u00ednanej tril\u00f3gie <strong><em>\u017divot v\u00a0oblakoch,<\/em> <\/strong>a\u00a0to v\u00a0sekcii Zem. Je zameran\u00fd doslova na \u017eivot v\u00a0oblakoch, \u0161t\u00edtoch, na slovensk\u00e9 pomery v najv\u00e4\u010d\u0161ej nadmorskej v\u00fd\u0161ke, ktor\u00e1 l\u00e1ka najm\u00e4 rysy, kamz\u00edky, ale i\u00a0orly,\u00a0medvede, vlky, l\u00ed\u0161ky a\u00a0\u010fal\u0161ie druhy. V druhom dieli tril\u00f3gie zase vystupuje do popredia neobjaven\u00fd les a\u00a0jeho v\u00fdznam a uzatvor\u00ed ju film o\u00a0vodn\u00fdch biotopoch, ktor\u00fd sa zameriava najm\u00e4 na divok\u00fa rieku Bel\u00e1, odhal\u00ed jej ekosyst\u00e9m a\u00a0pon\u00fakne unik\u00e1tne z\u00e1bery vodn\u00fdch \u017eivo\u010d\u00edchov.<\/p>\n<p>&nbsp;<\/p>\n<p style=\"text-align: center;\"><img loading=\"lazy\" decoding=\"async\" class=\"aligncenter\" src=\"http:\/\/slovaklinesmagazin.sk\/cms\/wp-content\/uploads\/2017\/02\/\u017divot_v_oblakoch-1024x683.jpg\" width=\"849\" height=\"566\" \/><br \/>\n\u017divot v\u00a0oblakoch<\/p>\n<p style=\"text-align: center;\"><img loading=\"lazy\" decoding=\"async\" class=\"aligncenter\" src=\"http:\/\/slovaklinesmagazin.sk\/cms\/wp-content\/uploads\/2017\/02\/zivot-v-oblakoch_arolla-film_2-1024x683.jpg\" width=\"849\" height=\"566\" \/><br \/>\n\u017divot v\u00a0oblakoch<\/p>\n<p>&nbsp;<\/p>\n<p>\u201e<em>Tatry s\u00fa unik\u00e1tne svojou kr\u00e1sou a aj ako ekosyst\u00e9m. Najvy\u0161\u0161ie polohy s\u00fa ostrovom arktickej pr\u00edrody, ktor\u00fd tu zostal po dobe \u013eadovej, prastar\u00e9 lesy s\u00fa jedn\u00fdm z najzachovalej\u0161\u00edch eur\u00f3pskych ekosyst\u00e9mov a vody Tatier te\u010d\u00face do \u00fadol\u00ed predstavuj\u00fa sp\u00f4sob, ako sa hory staraj\u00fa o bohatsvo \u017eivota v ni\u017e\u0161\u00edch poloh\u00e1ch. Navy\u0161e v\u0161etky prostredia s\u00fa spolu prepojen\u00e9 a nem\u00f4\u017eu by\u0165 zachovan\u00e9 oddelene<\/em>,\u201c \u00a0zhrnul cel\u00fa tril\u00f3giu <strong><em>Tajomn\u00e9 Karpaty<\/em><\/strong> Erik Bal\u00e1\u017e.<\/p>\n<p>V\u00a0de\u0148 premi\u00e9ry sa o\u00a010.00 hod. uskuto\u010dn\u00ed aj <strong>workshop <\/strong>na t\u00e9mu <em>filmovanie v divo\u010dine<\/em>, na ktorom sa m\u00f4\u017eu n\u00e1v\u0161tevn\u00edci festivalu stretn\u00fa\u0165 pr\u00e1ve s\u00a0film\u00e1rskou dvojicou Bal\u00e1\u017e \u2013 Kalisk\u00fd. Workshop nie je v\u00fdhradne len pre profesion\u00e1lnych film\u00e1rov, je ur\u010den\u00fd nad\u0161encom, ktor\u00ed nakr\u00facaj\u00fa amat\u00e9rsky alebo poloprofesion\u00e1lne.<\/p>\n<p>Predch\u00e1dzaj\u00faci film Erika Bal\u00e1\u017ea <strong><em>V\u010die hory<\/em><\/strong> z\u00edskal na festivale Hory a\u00a0mesto 2014\u00a0 ory a\u00a0mea meCenu V4.<\/p>\n<p>Program piatich festivalov\u00fdch dn\u00ed tvor\u00ed s\u00fa\u0165a\u017en\u00e1 filmov\u00e1 prehliadka, multimedi\u00e1lne prezent\u00e1cie, cestokluby KINO SVET a\u00a0sprievodn\u00e9 akcie. Hlavn\u00fdmi hos\u0165ami bud\u00fa lezci, ktor\u00ed l\u00e1mu svetov\u00e9 rekordy a\u00a0pos\u00favaj\u00fa hranice neprekonate\u013en\u00e9ho na mo\u017en\u00e9. Mlad\u00fd americk\u00fd lezec <strong>KEVIN JORGESON<\/strong> a svetov\u00e1 jednotka v\u00a0skalnom lezen\u00ed <strong>ADAM ONDRA<\/strong> vyliezli ako jedin\u00ed vo\u013en\u00fdm \u0161t\u00fdlom naj\u0165a\u017e\u0161iu cestu na svete Dawn Wall na El Capitan v\u00a0Yosemitoch, v\u00a0Bratislave o\u00a0tom povedia viac; pricestuje aj nemeck\u00e1 profesion\u00e1lna lezky\u0148a a\u00a0spisovate\u013eka <strong>INES PAPERT<\/strong>. Hos\u0165ami festivalu bud\u00fa samozrejme aj slovensk\u00ed lezci, horolezci a\u00a0skialpinisti.<strong> Miro Pe\u0165o <\/strong>a<strong>\u00a0Robo Vrl\u00e1k<\/strong> pon\u00faknu multimedi\u00e1lnu prezent\u00e1ciu o\u00a0skialpovan\u00ed v\u00a0Ir\u00e1ne a <strong>Stano Glejdura<\/strong>, jeden z\u00a0priekopn\u00edkov slovensk\u00e9ho skalolezenia najm\u00e4 v\u00a0oblasti Ka\u013eam\u00e1rka, pon\u00fakne prierez svojou lezeckou kari\u00e9rou.<\/p>\n<p style=\"text-align: center;\"><img decoding=\"async\" class=\"aligncenter\" src=\"http:\/\/slovaklinesmagazin.sk\/cms\/wp-content\/uploads\/2017\/02\/Hory_a_mesto_obr.png\" \/><\/p>\n<p>\u00a0\u00a0\u00a0\u00a0\u00a0\u00a0\u00a0\u00a0\u00a0\u00a0\u00a0\u00a0\u00a0\u00a0\u00a0 Osemn\u00e1sty ro\u010dn\u00edk Medzin\u00e1rodn\u00e9ho festivalu horsk\u00e9ho filmu a\u00a0dobrodru\u017estva HORY A\u00a0MESTO sa uskuto\u010dn\u00ed <strong>od 22. do 26. marca 2017 v multiplexe\u00a0Cinema City v\u00a0bratislavskom Auparku<\/strong>.<\/p>\n<p style=\"text-align: center;\">\n<p style=\"text-align: center;\">\n","protected":false},"excerpt":{"rendered":"<p>&nbsp; Re\u017eis\u00e9r a\u00a0ochran\u00e1r Erik Bal\u00e1\u017e predstav\u00ed na festivale HORY A\u00a0MESTO druh\u00fa \u010das\u0165 tril\u00f3gie Tajomn\u00e9 Karpaty s\u00a0n\u00e1zvom Nesmrte\u013en\u00fd les. Oce\u0148ovan\u00fd film\u00e1r v\u00a0\u0148om so svoj\u00edm tvoriv\u00fdm t\u00edmom predstavuje pr\u00edrodn\u00fd raj \u2013 les pod Kriv\u00e1\u0148om, ktor\u00fd sa takmer nemen\u00ed, jeho vl\u00e1dcami s\u00fa st\u00e1ro\u010dn\u00e9 borovice limby a ich ve\u010dn\u00fdm sprievodcom je medve\u010f. Erik Bal\u00e1\u017e \u2013 re\u017eis\u00e9r, ktor\u00fd ukazuje Slovensko [&hellip;]<\/p>\n","protected":false},"author":7,"featured_media":77586,"comment_status":"closed","ping_status":"closed","sticky":false,"template":"","format":"standard","meta":{"footnotes":""},"categories":[13,47,11,5,52,56],"tags":[],"class_list":["post-77582","post","type-post","status-publish","format-standard","has-post-thumbnail","hentry","category-real-estate","category-film","category-news","category-celebrity-magazine","category-outdoor","category-priroda","eq-blocks"],"_links":{"self":[{"href":"https:\/\/www.slovaklinesmagazin.sk\/cms\/wp-json\/wp\/v2\/posts\/77582","targetHints":{"allow":["GET"]}}],"collection":[{"href":"https:\/\/www.slovaklinesmagazin.sk\/cms\/wp-json\/wp\/v2\/posts"}],"about":[{"href":"https:\/\/www.slovaklinesmagazin.sk\/cms\/wp-json\/wp\/v2\/types\/post"}],"author":[{"embeddable":true,"href":"https:\/\/www.slovaklinesmagazin.sk\/cms\/wp-json\/wp\/v2\/users\/7"}],"replies":[{"embeddable":true,"href":"https:\/\/www.slovaklinesmagazin.sk\/cms\/wp-json\/wp\/v2\/comments?post=77582"}],"version-history":[{"count":1,"href":"https:\/\/www.slovaklinesmagazin.sk\/cms\/wp-json\/wp\/v2\/posts\/77582\/revisions"}],"predecessor-version":[{"id":77591,"href":"https:\/\/www.slovaklinesmagazin.sk\/cms\/wp-json\/wp\/v2\/posts\/77582\/revisions\/77591"}],"wp:featuredmedia":[{"embeddable":true,"href":"https:\/\/www.slovaklinesmagazin.sk\/cms\/wp-json\/wp\/v2\/media\/77586"}],"wp:attachment":[{"href":"https:\/\/www.slovaklinesmagazin.sk\/cms\/wp-json\/wp\/v2\/media?parent=77582"}],"wp:term":[{"taxonomy":"category","embeddable":true,"href":"https:\/\/www.slovaklinesmagazin.sk\/cms\/wp-json\/wp\/v2\/categories?post=77582"},{"taxonomy":"post_tag","embeddable":true,"href":"https:\/\/www.slovaklinesmagazin.sk\/cms\/wp-json\/wp\/v2\/tags?post=77582"}],"curies":[{"name":"wp","href":"https:\/\/api.w.org\/{rel}","templated":true}]}}