{"id":77623,"date":"2017-02-20T17:09:31","date_gmt":"2017-02-20T15:09:31","guid":{"rendered":"http:\/\/slovaklinesmagazin.sk\/cms\/?p=77623"},"modified":"2017-02-20T17:13:10","modified_gmt":"2017-02-20T15:13:10","slug":"fasiangy-vsade-kam-sa-pozriete-tip-na-vylet-pre-celu-rodinu","status":"publish","type":"post","link":"https:\/\/www.slovaklinesmagazin.sk\/cms\/2017\/02\/fasiangy-vsade-kam-sa-pozriete-tip-na-vylet-pre-celu-rodinu\/","title":{"rendered":"Fa\u0161iangy v\u0161ade, kam sa pozriete &#8211; Tip na v\u00fdlet pre cel\u00fa rodinu."},"content":{"rendered":"<p>U\u017e tradi\u010dne je koniec mesiaca febru\u00e1r v znamen\u00ed fa\u0161iangov, aj u\u00a0na\u0161ich susedov, na V\u00fdchodnej Morave, kde uchov\u00e1vaj\u00fa tie\u017e kr\u00e1sne trad\u00edcie, dobov\u00e9 kost\u00fdmy, zvyky a\u00a0veselia sa a\u00a0hoduj\u00fa do s\u00fdtosti.<\/p>\n<p>V kopani\u010diarskej <strong>obci Str\u00e1n\u00ed<\/strong> na moravsko-slovenskom pomedz\u00ed sa tento rok bud\u00fa fa\u0161iangy sl\u00e1vi\u0165 od 24. 2. do 28. 2. 2017 (piatok &#8211; utorok) a bude to u\u017e po tridsiaty raz. Bohat\u00fd program s n\u00e1zvom Festival fa\u0161iangov\u00fdch trad\u00edci\u00ed tu je v\u017edy na prelome febru\u00e1ra a marca u\u017e od roku 1987. Za\u010d\u00edna \u00a0v\u017edy v piatok, p\u00e4\u0165 dn\u00ed pred Popolcovou stredou a kon\u010d\u00ed sa v utorok fa\u0161iangovou obch\u00f4dzkou, pri ktorej\u00a0 \u201efa\u0161an\u010d\u00e1\u0159i\u201c \u00a0v\u0161etk\u00fdch vekov\u00fdch kateg\u00f3ri\u00ed tancuj\u00fa zvl\u00e1\u0161tny tanec \u00a0s\u00a0me\u010dmi\u00a0 \u201ePod \u0161able\u201c.\u00a0 Festival v Str\u00e1n\u00ed je najv\u00e4\u010d\u0161\u00edm festivalom fa\u0161iangov\u00fdch trad\u00edci\u00ed v \u010ceskej republike. <a href=\"http:\/\/www.strani.cz\/fasank\">www.strani.cz\/fasank<\/a><\/p>\n<p>Svoje fa\u0161iangy bude ma\u0165 aj mesto <strong>Vset\u00edn<\/strong>, kde sa program za\u010d\u00edna v sobotu 25. febru\u00e1ra o 10.00. Viac o fa\u0161iangoch v tomto meste na <a href=\"http:\/\/www.vychodni-morava.cz\/akce\/118439\/\">www.vychodni-morava.cz\/akce\/118439\/<\/a>.<\/p>\n<p>Han\u00e1cke n\u00e1mestie <strong>v Krom\u011b\u0159\u00ed\u017ei<\/strong> bude zasa v sobotu 25. febru\u00e1ra od 9.00 do 18.00 dejiskom Fa\u0161iangov\u00e9ho jarmoku.\u00a0 Bude pripraven\u00fd rad dobr\u00f4t, od moravskej zab\u00edja\u010dky po ko\u0161tovku v\u00edna, ale tie\u017e z\u00e1bavn\u00fd hudobn\u00fd program s cimbalovou muzikou a, samozrejme, tradi\u010dn\u00fdm sprievodom fa\u0161iangov\u00fdch masiek.<\/p>\n<p>V\u00a0nede\u013eu, 26. febru\u00e1ra za\u017eije <strong>Uhersk\u00fd Brod<\/strong> tradi\u010dn\u00fa fa\u0161iangov\u00fa obch\u00f4dzku mestom, s pochov\u00e1van\u00edm basy. Fa\u0161iangov\u00fd sprievod sa vyd\u00e1 o 13.30 od Domu kult\u00fary a bude ma\u0165 r\u00f4zne zast\u00e1vky. Vyst\u00fapia aj r\u00f4zne s\u00fabory, ktor\u00e9 doplnia bohat\u00fd program a\u00a0na z\u00e1ver bude v z\u00e1hrade Pansk\u00e9ho domu \u00a0\u201esm\u00fato\u010dn\u00fd obrad\u201c\u00a0 &#8211; Pochov\u00e1vanie basy.<\/p>\n<p style=\"text-align: center;\">Viacej inform\u00e1ci\u00ed aj na:<\/p>\n<p style=\"text-align: center;\"><a href=\"http:\/\/www.kamkam.eu\">www.kamkam.eu<\/a><\/p>\n<p><a href=\"http:\/\/www.kamkam.eu\"><img decoding=\"async\" class=\"aligncenter\" src=\"http:\/\/slovaklinesmagazin.sk\/cms\/wp-content\/uploads\/2017\/01\/logo_kamkam.png\" \/><\/a><\/p>\n<p>&nbsp;<\/p>\n","protected":false},"excerpt":{"rendered":"<p>U\u017e tradi\u010dne je koniec mesiaca febru\u00e1r v znamen\u00ed fa\u0161iangov, aj u\u00a0na\u0161ich susedov, na V\u00fdchodnej Morave, kde uchov\u00e1vaj\u00fa tie\u017e kr\u00e1sne trad\u00edcie, dobov\u00e9 kost\u00fdmy, zvyky a\u00a0veselia sa a\u00a0hoduj\u00fa do s\u00fdtosti. V kopani\u010diarskej obci Str\u00e1n\u00ed na moravsko-slovenskom pomedz\u00ed sa tento rok bud\u00fa fa\u0161iangy sl\u00e1vi\u0165 od 24. 2. do 28. 2. 2017 (piatok &#8211; utorok) a bude to u\u017e [&hellip;]<\/p>\n","protected":false},"author":7,"featured_media":77625,"comment_status":"closed","ping_status":"closed","sticky":false,"template":"","format":"standard","meta":{"footnotes":""},"categories":[13,45,50],"tags":[],"class_list":["post-77623","post","type-post","status-publish","format-standard","has-post-thumbnail","hentry","category-real-estate","category-nas-tip","category-radim-vam","eq-blocks"],"_links":{"self":[{"href":"https:\/\/www.slovaklinesmagazin.sk\/cms\/wp-json\/wp\/v2\/posts\/77623","targetHints":{"allow":["GET"]}}],"collection":[{"href":"https:\/\/www.slovaklinesmagazin.sk\/cms\/wp-json\/wp\/v2\/posts"}],"about":[{"href":"https:\/\/www.slovaklinesmagazin.sk\/cms\/wp-json\/wp\/v2\/types\/post"}],"author":[{"embeddable":true,"href":"https:\/\/www.slovaklinesmagazin.sk\/cms\/wp-json\/wp\/v2\/users\/7"}],"replies":[{"embeddable":true,"href":"https:\/\/www.slovaklinesmagazin.sk\/cms\/wp-json\/wp\/v2\/comments?post=77623"}],"version-history":[{"count":3,"href":"https:\/\/www.slovaklinesmagazin.sk\/cms\/wp-json\/wp\/v2\/posts\/77623\/revisions"}],"predecessor-version":[{"id":77627,"href":"https:\/\/www.slovaklinesmagazin.sk\/cms\/wp-json\/wp\/v2\/posts\/77623\/revisions\/77627"}],"wp:featuredmedia":[{"embeddable":true,"href":"https:\/\/www.slovaklinesmagazin.sk\/cms\/wp-json\/wp\/v2\/media\/77625"}],"wp:attachment":[{"href":"https:\/\/www.slovaklinesmagazin.sk\/cms\/wp-json\/wp\/v2\/media?parent=77623"}],"wp:term":[{"taxonomy":"category","embeddable":true,"href":"https:\/\/www.slovaklinesmagazin.sk\/cms\/wp-json\/wp\/v2\/categories?post=77623"},{"taxonomy":"post_tag","embeddable":true,"href":"https:\/\/www.slovaklinesmagazin.sk\/cms\/wp-json\/wp\/v2\/tags?post=77623"}],"curies":[{"name":"wp","href":"https:\/\/api.w.org\/{rel}","templated":true}]}}