{"id":77678,"date":"2017-02-21T17:12:46","date_gmt":"2017-02-21T15:12:46","guid":{"rendered":"http:\/\/slovaklinesmagazin.sk\/cms\/?p=77678"},"modified":"2017-02-21T17:12:46","modified_gmt":"2017-02-21T15:12:46","slug":"plitvicke-jazera-v-objati-snehu-a-ladu","status":"publish","type":"post","link":"https:\/\/www.slovaklinesmagazin.sk\/cms\/2017\/02\/plitvicke-jazera-v-objati-snehu-a-ladu\/","title":{"rendered":"Plitvick\u00e9 jazer\u00e1 v objat\u00ed snehu a \u013eadu"},"content":{"rendered":"<p>V\u00e4\u010d\u0161ina z\u00a0n\u00e1s si kr\u00e1su Plitvick\u00fdch jazier, zn\u00e1mych s\u00a0filmov o\u00a0Winnetouovi, u\u017e\u00edva po\u010das leta. Ich kr\u00e1sa je v\u0161ak nepopierate\u013en\u00e1 aj po\u010das zimn\u00fdch mesiacov. 140 vodop\u00e1dov, 20 jask\u00fd\u0148 a\u00a0\u017eriediel pokryje sneh a\u00a0\u013ead a park s\u00a0rozlohou 295 km<sup>2 <\/sup>sa zmen\u00ed na rozpr\u00e1vkov\u00fa krajinu. Autor fotografi\u00ed Tamas Toth\u00a0 si t\u00fato kr\u00e1su u\u017e\u00edval spolu s\u00a0priate\u013emi.<\/p>\n<p><img loading=\"lazy\" decoding=\"async\" class=\"aligncenter\" src=\"http:\/\/slovaklinesmagazin.sk\/cms\/wp-content\/uploads\/2017\/02\/1-21-300x199.jpg\" width=\"704\" height=\"467\" \/> <img loading=\"lazy\" decoding=\"async\" class=\"aligncenter\" src=\"http:\/\/slovaklinesmagazin.sk\/cms\/wp-content\/uploads\/2017\/02\/2-20-300x200.jpg\" width=\"699\" height=\"466\" \/> <img loading=\"lazy\" decoding=\"async\" class=\"aligncenter\" src=\"http:\/\/slovaklinesmagazin.sk\/cms\/wp-content\/uploads\/2017\/02\/3-20-300x204.jpg\" width=\"709\" height=\"482\" \/> <img loading=\"lazy\" decoding=\"async\" class=\"aligncenter\" src=\"http:\/\/slovaklinesmagazin.sk\/cms\/wp-content\/uploads\/2017\/02\/4-17-300x191.jpg\" width=\"704\" height=\"448\" \/> <img loading=\"lazy\" decoding=\"async\" class=\"aligncenter\" src=\"http:\/\/slovaklinesmagazin.sk\/cms\/wp-content\/uploads\/2017\/02\/5-16-300x182.jpg\" width=\"704\" height=\"427\" \/> <img loading=\"lazy\" decoding=\"async\" class=\"aligncenter\" src=\"http:\/\/slovaklinesmagazin.sk\/cms\/wp-content\/uploads\/2017\/02\/6-13-300x200.jpg\" width=\"701\" height=\"467\" \/> <img loading=\"lazy\" decoding=\"async\" class=\"aligncenter\" src=\"http:\/\/slovaklinesmagazin.sk\/cms\/wp-content\/uploads\/2017\/02\/8-7-300x213.jpg\" width=\"703\" height=\"499\" \/> <img loading=\"lazy\" decoding=\"async\" class=\"aligncenter\" src=\"http:\/\/slovaklinesmagazin.sk\/cms\/wp-content\/uploads\/2017\/02\/9-7-300x200.jpg\" width=\"701\" height=\"467\" \/> <img loading=\"lazy\" decoding=\"async\" class=\"aligncenter\" src=\"http:\/\/slovaklinesmagazin.sk\/cms\/wp-content\/uploads\/2017\/02\/10-3-300x200.jpg\" width=\"701\" height=\"467\" \/>\u00a0 <img loading=\"lazy\" decoding=\"async\" class=\"aligncenter\" src=\"http:\/\/slovaklinesmagazin.sk\/cms\/wp-content\/uploads\/2017\/02\/11-3-300x200.jpg\" width=\"702\" height=\"468\" \/><img loading=\"lazy\" decoding=\"async\" class=\"aligncenter\" src=\"http:\/\/slovaklinesmagazin.sk\/cms\/wp-content\/uploads\/2017\/02\/12-3-200x300.jpg\" width=\"702\" height=\"1054\" \/>\u00a0<img loading=\"lazy\" decoding=\"async\" class=\"aligncenter\" src=\"http:\/\/slovaklinesmagazin.sk\/cms\/wp-content\/uploads\/2017\/02\/13-2-300x200.jpg\" width=\"700\" height=\"466\" \/><\/p>\n<p>Foto: Tamas Toth<\/p>\n<p>&nbsp;<\/p>\n","protected":false},"excerpt":{"rendered":"<p>V\u00e4\u010d\u0161ina z\u00a0n\u00e1s si kr\u00e1su Plitvick\u00fdch jazier, zn\u00e1mych s\u00a0filmov o\u00a0Winnetouovi, u\u017e\u00edva po\u010das leta. Ich kr\u00e1sa je v\u0161ak nepopierate\u013en\u00e1 aj po\u010das zimn\u00fdch mesiacov. 140 vodop\u00e1dov, 20 jask\u00fd\u0148 a\u00a0\u017eriediel pokryje sneh a\u00a0\u013ead a park s\u00a0rozlohou 295 km2 sa zmen\u00ed na rozpr\u00e1vkov\u00fa krajinu. Autor fotografi\u00ed Tamas Toth\u00a0 si t\u00fato kr\u00e1su u\u017e\u00edval spolu s\u00a0priate\u013emi. \u00a0 \u00a0 Foto: Tamas Toth &nbsp;<\/p>\n","protected":false},"author":7,"featured_media":77685,"comment_status":"closed","ping_status":"closed","sticky":false,"template":"","format":"standard","meta":{"footnotes":""},"categories":[13,56],"tags":[],"class_list":["post-77678","post","type-post","status-publish","format-standard","has-post-thumbnail","hentry","category-real-estate","category-priroda","eq-blocks"],"_links":{"self":[{"href":"https:\/\/www.slovaklinesmagazin.sk\/cms\/wp-json\/wp\/v2\/posts\/77678","targetHints":{"allow":["GET"]}}],"collection":[{"href":"https:\/\/www.slovaklinesmagazin.sk\/cms\/wp-json\/wp\/v2\/posts"}],"about":[{"href":"https:\/\/www.slovaklinesmagazin.sk\/cms\/wp-json\/wp\/v2\/types\/post"}],"author":[{"embeddable":true,"href":"https:\/\/www.slovaklinesmagazin.sk\/cms\/wp-json\/wp\/v2\/users\/7"}],"replies":[{"embeddable":true,"href":"https:\/\/www.slovaklinesmagazin.sk\/cms\/wp-json\/wp\/v2\/comments?post=77678"}],"version-history":[{"count":1,"href":"https:\/\/www.slovaklinesmagazin.sk\/cms\/wp-json\/wp\/v2\/posts\/77678\/revisions"}],"predecessor-version":[{"id":77692,"href":"https:\/\/www.slovaklinesmagazin.sk\/cms\/wp-json\/wp\/v2\/posts\/77678\/revisions\/77692"}],"wp:featuredmedia":[{"embeddable":true,"href":"https:\/\/www.slovaklinesmagazin.sk\/cms\/wp-json\/wp\/v2\/media\/77685"}],"wp:attachment":[{"href":"https:\/\/www.slovaklinesmagazin.sk\/cms\/wp-json\/wp\/v2\/media?parent=77678"}],"wp:term":[{"taxonomy":"category","embeddable":true,"href":"https:\/\/www.slovaklinesmagazin.sk\/cms\/wp-json\/wp\/v2\/categories?post=77678"},{"taxonomy":"post_tag","embeddable":true,"href":"https:\/\/www.slovaklinesmagazin.sk\/cms\/wp-json\/wp\/v2\/tags?post=77678"}],"curies":[{"name":"wp","href":"https:\/\/api.w.org\/{rel}","templated":true}]}}