{"id":77693,"date":"2017-02-22T16:43:13","date_gmt":"2017-02-22T14:43:13","guid":{"rendered":"http:\/\/slovaklinesmagazin.sk\/cms\/?p=77693"},"modified":"2017-02-22T16:50:15","modified_gmt":"2017-02-22T14:50:15","slug":"medzinarodny-festival-horskeho-filmu-a-dobrodruzstva","status":"publish","type":"post","link":"https:\/\/www.slovaklinesmagazin.sk\/cms\/2017\/02\/medzinarodny-festival-horskeho-filmu-a-dobrodruzstva\/","title":{"rendered":"Medzin\u00e1rodn\u00fd festival horsk\u00e9ho filmu a dobrodru\u017estva"},"content":{"rendered":"<p><strong>V\u00ed\u0165azn\u00fd film z\u00a0Vancouveru o\u00a0nep\u00e1lskej ultrabe\u017ekyni svetov\u00e9ho form\u00e1tu uvedie aj festival HORY A MESTO<\/strong><\/p>\n<p><strong>V\u00ed\u0165azn\u00fd film z\u00a0kanadsk\u00e9ho Vancouver International Mountain Festival (VIMFF) o\u00a0nep\u00e1lskej ultrabe\u017ekyni s\u00a0n\u00e1zvom <em>Mira <\/em>uvedie aj slovensk\u00fd festival HORY A MESTO. Na programe m\u00e1 v\u00e4\u010d\u0161inu ocenen\u00fdch sn\u00edmok z\u00a0prest\u00ed\u017eneho festivalu, okrem in\u00e9ho aj najlep\u0161\u00ed kanadsk\u00fd film alebo surfersk\u00fd film ocenen\u00fd Cenou poroty. S\u00a0cenou sa z\u00a0Kanady vr\u00e1til aj najnov\u0161\u00ed film Pavla Barab\u00e1\u0161a <em>Sloboda pod n\u00e1kladom. <\/em>\u00a0To, \u010do v\u0161etky tieto filmy sp\u00e1ja, je sila a\u00a0mohutnos\u0165 pr\u00edrody, pred ktorou sa \u013eudsk\u00e1 bytos\u0165 m\u00f4\u017ee len skl\u00e1\u0148a\u0165.<\/strong><\/p>\n<p><strong>Medzin\u00e1rodn\u00fd festival horsk\u00e9ho filmu a\u00a0dobrodru\u017estva HORY A\u00a0MESTO sa uskuto\u010dn\u00ed od 22. do 26. marca 2017 v multiplexe\u00a0Cinema City v\u00a0bratislavskom Auparku. <\/strong><\/p>\n<p><strong>\u00a0\u00a0 \u00a0\u00a0\u00a0\u00a0\u00a0\u00a0\u00a0\u00a0 <\/strong>\u201e<em>Mnoh\u00ed film\u00e1ri reaguj\u00fa na to, \u010d\u00edm \u013eudia \u017eij\u00fa, \u010domu sa venuj\u00fa, \u010do je \u201ein\u201c, aby to mohli autenticky, origin\u00e1lne spracova\u0165. A\u00a0dramaturgia festivalu zase reaguje na to, \u010do vznik\u00e1 v oblasti filmu. Aj preto sme pribli\u017ene pred \u0161tyrmi rokmi roz\u0161\u00edrili festival o stabiln\u00e9 sekcie Beh a\u00a0Surf. Nieko\u013ekon\u00e1sobne sa napr\u00edklad zv\u00fd\u0161il po\u010det vyprodukovan\u00fdch kvalitn\u00fdch filmov o\u00a0behan\u00ed a surfovan\u00ed, a skladba ocenen\u00fdch filmov z\u00a0Vancouveru je tie\u017e d\u00f4kazom, \u017ee ide o\u00a0trend, ktor\u00fd chceme nasledova\u0165 aj v\u00a0programovej skladbe Hory a mesto<\/em>,\u201c povedal programov\u00fd riadite\u013e Hory a\u00a0mesto Alan Form\u00e1nek na margo ocenen\u00fdch filmov. Pr\u00e1ve on je spojen\u00edm medzi festivalmi Hory a\u00a0mesto a VIMFF, a v\u010faka nemu maj\u00fa n\u00e1v\u0161tevn\u00edci slovensk\u00e9ho festivalu mo\u017enos\u0165 vidie\u0165 to z\u00e1sadn\u00e9, \u010do sa v\u00a0r\u00e1mci \u017e\u00e1nru prezentuje rok \u010do rok v\u00a0kanadskom Vancouveri.<\/p>\n<p><u>Grand Prix<\/u> z\u00edskal na vancouverskom festivale film <strong><em>Mira<\/em><\/strong> o\u00a0nep\u00e1lskej be\u017ekyni, ktor\u00e1 za\u010dala beh\u00e1va\u0165 v\u00a0detstve a z\u00a0jednoduch\u00fdch pomerov a\u00a0ne\u013eahk\u00fdch podmienok sa vypracovala na jednu z\u00a0najlep\u0161\u00edch be\u017ek\u00fd\u0148 sveta. \u201e<em>Porota bola t\u00fdmto filmom o\u010daren\u00e1, najm\u00e4 pokorn\u00fdm a\u00a0skromn\u00fdm charakterom hlavnej hrdinky. Je vzorom pre mlad\u00fdch \u013eud\u00ed vo svojej komunite a\u00a0pre \u017eensk\u00e9 \u0161portovkyne po celom svete<\/em>,\u201c p\u00ed\u0161e sa vo verdikte poroty. Dokument, rovnako ako v\u0161etky sn\u00edmky, ktor\u00e9 poputuj\u00fa z\u00a0Vancouveru do Bratislavy, uvedie festival v\u00a0slovenskej premi\u00e9re. \u00a0 \u00a0<a href=\"https:\/\/vimff.org\/films\/mira\/\" target=\"_blank\">https:\/\/vimff.org\/films\/mira\/<\/a><\/p>\n<p style=\"text-align: center;\"><img decoding=\"async\" class=\"aligncenter\" src=\"http:\/\/slovaklinesmagazin.sk\/cms\/wp-content\/uploads\/2017\/02\/Mira.jpg\" \/><\/p>\n<p style=\"text-align: center;\"><iframe loading=\"lazy\" frameborder=\"0\" height=\"480\" src=\"https:\/\/www.youtube.com\/embed\/2PkoYwnSoFU\" width=\"854\"><\/iframe><br \/>\nFilm <strong><em>Mira \/trailer\/<\/em><\/strong><\/p>\n<p>V\u00a0kateg\u00f3rii <u>Najlep\u0161\u00ed kanadsk\u00fd film<\/u> z\u00edskal cenu film\u00a0 <strong><em>Severn\u00e1 strana zn\u00e1meho<\/em><\/strong>. Profesion\u00e1lni paraglajdisti a\u00a0dobrodruhovia Gavin McClurg a Dave Turner absolvuj\u00fa prelet bez vonkaj\u0161ej podpory na pad\u00e1koch ponad \u0161\u00edru a\u00a0roz\u013eahl\u00fa Alja\u0161ku, po\u010das ktor\u00e9ho hladuj\u00fa, \u010delia extr\u00e9mnemu po\u010dasiu, medve\u010fom, neprebrodite\u013en\u00fdm riekam a\u00a0nespo\u010detn\u00fdm \u013eadovcom. Porota vyzdvihla pr\u00e1cu kamery, ktor\u00e1 zachytila kr\u00e1sy roz\u013eahlej Alja\u0161ky, najm\u00e4 zo vzdu\u0161nej perspekt\u00edvy a \u201eneprekonate\u013en\u00fd pr\u00edbeh\u201c.\u00a0 V\u00a0Bratislave ho div\u00e1ci uvidia v\u00a0sekcii Vzduch.<br \/>\n(<a href=\"https:\/\/vimff.org\/films\/north-of-known\/\" target=\"_blank\">https:\/\/vimff.org\/films\/north-of-known\/<\/a>)<\/p>\n<p>Nie je a\u017e tak\u00fdm prekvapen\u00edm, \u017ee z\u00a0Vancouveru sa domov vracia ocenen\u00fd dokument aj v\u00a0zahrani\u010d\u00ed ob\u013e\u00faben\u00e9ho re\u017eis\u00e9ra Pavla Barab\u00e1\u0161a <strong><em>Sloboda pod n\u00e1kladom<\/em><\/strong>. Poh\u013ead na \u017eivot tatransk\u00fdch nosi\u010dov, ktor\u00ed z\u00e1sobuj\u00fa vysokohorsk\u00e9 chaty za ka\u017ed\u00e9ho po\u010dasia, zaujal tamoj\u0161iu porotu; ocenila ho v\u00a0kateg\u00f3rii <u>Horsk\u00e1 kult\u00fara<\/u>. \u201e<em>Vynikaj\u00faci obrazovo aj tempom &#8211; tento film n\u00e1m otv\u00e1ra o\u010di a ukazuje trad\u00edciu, ktor\u00e1 sa napriek modern\u00fdm met\u00f3dam zachovala. Film n\u00e1s sprev\u00e1dza krok po kroku, za\u017e\u00edvame poznanie, po\u010d\u00favame zvuky aj ticho a oce\u0148ujeme nesmiernu kr\u00e1su cesty<\/em>,&#8220; zhodli sa jej \u010dlenovia.<\/p>\n<p style=\"text-align: center;\"><img decoding=\"async\" class=\"aligncenter\" src=\"http:\/\/slovaklinesmagazin.sk\/cms\/wp-content\/uploads\/2017\/02\/Sloboda-pod-n\u00e1kladom.jpg\" \/><\/p>\n<p style=\"text-align: center;\"><iframe loading=\"lazy\" frameborder=\"0\" height=\"480\" src=\"https:\/\/www.youtube.com\/embed\/C718r-Yp0e0\" width=\"854\"><\/iframe><br \/>\nDokument Pavla Barab\u00e1\u0161a <strong><em>Sloboda pod n\u00e1kladom<\/em><\/strong><\/p>\n<p>Pavol Barab\u00e1\u0161 bude ma\u0165 na festivale aj samostatn\u00fa prezent\u00e1ciu s\u00a0predn\u00e1\u0161kou <strong><em>Jeden svet Pavla Barab\u00e1\u0161a<\/em><\/strong>, v\u00a0ktorej sa zameria na rozpr\u00e1vanie o nakr\u00facan\u00ed v\u00a0extr\u00e9mnych podmienkach a\u00a0pon\u00fakne publiku uk\u00e1\u017eky \u010di z\u00e1bery zo zverejnen\u00fdch aj nezverejnen\u00fdch filmov a\u00a0rozpr\u00e1vanie o\u00a0svojich najnov\u0161\u00edch exped\u00edci\u00e1ch.<\/p>\n<p>Film o\u00a0b\u00farlivom vz\u0165ahu Islandsk\u00e9ho surfera so\u00a0severoatlantick\u00fdm vetrom s\u00a0n\u00e1zvom <strong><em>The Accord <\/em><\/strong>z\u00edskal na VIMFF <u>Cenu poroty<\/u>. \u201e<em>\u010clovek by si mohol myslie\u0165, \u017ee reprezentova\u0165 \u00fa\u017easn\u00fa silu pr\u00edrody m\u00f4\u017ee by\u0165 \u0165a\u017ek\u00e9. Ale ak sa t\u00e1to sk\u00fasenos\u0165 sprostredkuje z\u00a0prvej ruky, vtipne a\u00a0ohromuj\u00facou kamerou, je to kombin\u00e1cia pre v\u00ed\u0165aza. Celkom jedine\u010dn\u00fd a\u00a0ve\u013emi z\u00e1bavn\u00fd majstrovsk\u00fd film<\/em>,\u201c t\u00fdmito slovami dolo\u017eila porota svoje rozhodnutie. V\u00a0Bratislave festival polohran\u00fa sn\u00edmku uvedie v\u00a0sekcii Surf. (<a href=\"https:\/\/vimff.org\/films\/the-accord\/\" target=\"_blank\">https:\/\/vimff.org\/films\/the-accord\/<\/a>)<\/p>\n<p>Titul <u>Najlep\u0161\u00ed lezeck\u00fd film<\/u> z\u00edskal vo Vancouveri dokument <strong><em>Lunag Ri<\/em><\/strong> o\u00a0rak\u00faskom alpinistovi Davidovi Lamovi, ktor\u00fd bol pred dvoma rokmi hos\u0165om festivalu Hory a\u00a0mesto. Lama odi\u0161iel do rodnej dediny svojho otca, do Nep\u00e1lu. Dokument d\u00e1va priestor sk\u00famaniu rodinn\u00fdch a\u00a0kultur\u00e1lnych kore\u0148ov, \u013eudskej sile, odvahe a\u00a0to v\u0161etko v\u00a0kombin\u00e1cii s\u00a0lezen\u00edm. (<a href=\"https:\/\/vimff.org\/films\/lunag-ri\/\" target=\"_blank\">https:\/\/vimff.org\/films\/lunag-ri\/<\/a>)<\/p>\n<p><img decoding=\"async\" class=\"aligncenter\" src=\"http:\/\/slovaklinesmagazin.sk\/cms\/wp-content\/uploads\/2017\/02\/Lunag-Ri.jpg\" \/><\/p>\n<p>&nbsp;<\/p>\n<p>Okrem ocenen\u00fdch filmov z\u00a0VIMFF premietne Hory a\u00a0mesto viacero \u010fal\u0161\u00edch filmov, ktor\u00e9 sa na VIMFF premietali.<\/p>\n<p><strong>Program piatich festivalov\u00fdch dn\u00ed<\/strong> tvor\u00ed s\u00fa\u0165a\u017en\u00e1 filmov\u00e1 prehliadka, multimedi\u00e1lne prezent\u00e1cie, cestokluby KINO SVET a\u00a0sprievodn\u00e9 akcie. Hlavn\u00fdmi hos\u0165ami bud\u00fa lezci, ktor\u00ed l\u00e1mu svetov\u00e9 rekordy a\u00a0pos\u00favaj\u00fa hranice neprekonate\u013en\u00e9ho na mo\u017en\u00e9. Mlad\u00fd americk\u00fd lezec <strong>KEVIN JORGESON<\/strong> a svetov\u00e1 jednotka v\u00a0skalnom lezen\u00ed <strong>ADAM ONDRA<\/strong> vyliezli ako jedin\u00ed vo\u013en\u00fdm \u0161t\u00fdlom naj\u0165a\u017e\u0161iu cestu na svete Dawn Wall na El Capitan v\u00a0Yosemitoch, v\u00a0Bratislave o\u00a0tom povedia viac; pricestuje aj nemeck\u00e1 profesion\u00e1lna lezky\u0148a a\u00a0spisovate\u013eka <strong>INES PAPERT<\/strong>. Hos\u0165ami festivalu bud\u00fa samozrejme aj slovensk\u00ed horolezci,\u00a0skialpinisti a\u00a0\u010fal\u0161\u00ed \u0161portovci.<strong> Miro Pe\u0165o <\/strong>a<strong>\u00a0Robo Vrl\u00e1k<\/strong> pon\u00faknu multimedi\u00e1lnu prezent\u00e1ciu o\u00a0skialpovan\u00ed v\u00a0Ir\u00e1ne a <strong>Stano Glejdura<\/strong>, jeden z\u00a0priekopn\u00edkov slovensk\u00e9ho skalolezenia najm\u00e4 v\u00a0oblasti Ka\u013eam\u00e1rka, pon\u00fakne prierez svojou lezeckou kari\u00e9rou.<\/p>\n<p>Slovensk\u00fd re\u017eis\u00e9r a\u00a0ochran\u00e1r <strong>Erik Bal\u00e1\u017e<\/strong> predstav\u00ed druh\u00fa \u010das\u0165 tril\u00f3gie <strong><em>Tajomn\u00e9 Karpaty<\/em><\/strong> s\u00a0n\u00e1zvom <strong><em>Nesmrte\u013en\u00fd les<\/em><\/strong>. Oce\u0148ovan\u00fd film\u00e1r, ktor\u00fd ukazuje Slovensko tak, ako ho nepozn\u00e1me, sa so svoj\u00edm kameramanom <strong>Karolom Kalisk\u00fdm<\/strong> na festivale z\u00fa\u010dastn\u00ed aj workshopu na t\u00e9mu filmovanie v divo\u010dine.<\/p>\n<p style=\"text-align: center;\"><a href=\"http:\/\/www.horyamesto.sk\" target=\"_blank\"><img decoding=\"async\" class=\"aligncenter\" src=\"http:\/\/slovaklinesmagazin.sk\/cms\/wp-content\/uploads\/2017\/02\/Hory_a_mesto_obr.png\" \/><\/a><\/p>\n","protected":false},"excerpt":{"rendered":"<p>V\u00ed\u0165azn\u00fd film z\u00a0Vancouveru o\u00a0nep\u00e1lskej ultrabe\u017ekyni svetov\u00e9ho form\u00e1tu uvedie aj festival HORY A MESTO V\u00ed\u0165azn\u00fd film z\u00a0kanadsk\u00e9ho Vancouver International Mountain Festival (VIMFF) o\u00a0nep\u00e1lskej ultrabe\u017ekyni s\u00a0n\u00e1zvom Mira uvedie aj slovensk\u00fd festival HORY A MESTO. Na programe m\u00e1 v\u00e4\u010d\u0161inu ocenen\u00fdch sn\u00edmok z\u00a0prest\u00ed\u017eneho festivalu, okrem in\u00e9ho aj najlep\u0161\u00ed kanadsk\u00fd film alebo surfersk\u00fd film ocenen\u00fd Cenou poroty. S\u00a0cenou sa z\u00a0Kanady [&hellip;]<\/p>\n","protected":false},"author":7,"featured_media":77696,"comment_status":"closed","ping_status":"closed","sticky":false,"template":"","format":"standard","meta":{"footnotes":""},"categories":[13,47,11,5,52,56],"tags":[],"class_list":["post-77693","post","type-post","status-publish","format-standard","has-post-thumbnail","hentry","category-real-estate","category-film","category-news","category-celebrity-magazine","category-outdoor","category-priroda","eq-blocks"],"_links":{"self":[{"href":"https:\/\/www.slovaklinesmagazin.sk\/cms\/wp-json\/wp\/v2\/posts\/77693","targetHints":{"allow":["GET"]}}],"collection":[{"href":"https:\/\/www.slovaklinesmagazin.sk\/cms\/wp-json\/wp\/v2\/posts"}],"about":[{"href":"https:\/\/www.slovaklinesmagazin.sk\/cms\/wp-json\/wp\/v2\/types\/post"}],"author":[{"embeddable":true,"href":"https:\/\/www.slovaklinesmagazin.sk\/cms\/wp-json\/wp\/v2\/users\/7"}],"replies":[{"embeddable":true,"href":"https:\/\/www.slovaklinesmagazin.sk\/cms\/wp-json\/wp\/v2\/comments?post=77693"}],"version-history":[{"count":2,"href":"https:\/\/www.slovaklinesmagazin.sk\/cms\/wp-json\/wp\/v2\/posts\/77693\/revisions"}],"predecessor-version":[{"id":77699,"href":"https:\/\/www.slovaklinesmagazin.sk\/cms\/wp-json\/wp\/v2\/posts\/77693\/revisions\/77699"}],"wp:featuredmedia":[{"embeddable":true,"href":"https:\/\/www.slovaklinesmagazin.sk\/cms\/wp-json\/wp\/v2\/media\/77696"}],"wp:attachment":[{"href":"https:\/\/www.slovaklinesmagazin.sk\/cms\/wp-json\/wp\/v2\/media?parent=77693"}],"wp:term":[{"taxonomy":"category","embeddable":true,"href":"https:\/\/www.slovaklinesmagazin.sk\/cms\/wp-json\/wp\/v2\/categories?post=77693"},{"taxonomy":"post_tag","embeddable":true,"href":"https:\/\/www.slovaklinesmagazin.sk\/cms\/wp-json\/wp\/v2\/tags?post=77693"}],"curies":[{"name":"wp","href":"https:\/\/api.w.org\/{rel}","templated":true}]}}