{"id":77757,"date":"2017-02-28T13:58:45","date_gmt":"2017-02-28T11:58:45","guid":{"rendered":"http:\/\/slovaklinesmagazin.sk\/cms\/?p=77757"},"modified":"2017-02-28T13:58:45","modified_gmt":"2017-02-28T11:58:45","slug":"ministerstvo-dopravy-vyhlasuje-kampan-do-prace-na-bicykli","status":"publish","type":"post","link":"https:\/\/www.slovaklinesmagazin.sk\/cms\/2017\/02\/ministerstvo-dopravy-vyhlasuje-kampan-do-prace-na-bicykli\/","title":{"rendered":"Ministerstvo dopravy vyhlasuje kampa\u0148 Do pr\u00e1ce na bicykli"},"content":{"rendered":"<p>Popularita kampane \u201eDo pr\u00e1ce na bicykli\u201c z roka na rok rastie. Vlani vyu\u017eilo bicykel ako dopravn\u00fd prostriedok do pr\u00e1ce takmer 5640 \u013eud\u00ed v 60 slovensk\u00fdch mest\u00e1ch. Spolu najazdili 783 &#8211; tis\u00edc kilometrov. Mest\u00e1, ktor\u00e9 sa chc\u00fa do kampane zapoji\u0165, sa m\u00f4\u017eu zaregistrova\u0165 do jej \u0161tvrt\u00e9ho celon\u00e1rodn\u00e9ho ro\u010dn\u00edka od 1. marca do 18. apr\u00edla 2017 na str\u00e1nke www.dopracenabicykli.eu Tv\u00e1rou tohtoro\u010dnej kampane je Peter Sagan, ktor\u00fd svoj\u00edm \u013eudsk\u00fdm postojom k bicyklovaniu pril\u00e1kal jeho nov\u00fdch fan\u00fa\u0161ikov.<\/p>\n<p>S\u00fa\u0165a\u017e Do pr\u00e1ce na bicykli vyhlasuje ministerstvo dopravy a v\u00fdstavby a trv\u00e1 od 1. 5. do 31. 5. 2017. Obyvatelia prihl\u00e1sen\u00fdch miest bud\u00fa v r\u00e1mci kampane jazdi\u0165 do pr\u00e1ce bicyklom a s\u00fa\u0165a\u017ei\u0165 o umiestnenie v troch kateg\u00f3ri\u00e1ch na lok\u00e1lnej a troch kateg\u00f3ri\u00e1ch na n\u00e1rodnej \u00farovni. V\u00ed\u0165azmi kampane sa stan\u00fa mest\u00e1 s najv\u00e4\u010d\u0161\u00edm po\u010dtom najazden\u00fdch kilometrov a najv\u00e4\u010d\u0161\u00edm po\u010dtom zapojen\u00fdch \u00fa\u010dastn\u00edkov prepo\u010d\u00edtan\u00fdch priemerne na po\u010det obyvate\u013eov. Bud\u00fa sa vyhodnocova\u0165 aj spolo\u010dnosti, v r\u00e1mci ktor\u00fdch sa zapoj\u00ed do kampane najvy\u0161\u0161\u00ed po\u010det cyklistov. V\u00ed\u0165azom minuloro\u010dnej kampane v kateg\u00f3rii samospr\u00e1va sa stalo mesto Svit s priemerom 3185 najazden\u00fdch kilometrov na obyvate\u013ea, \u010d\u00edm u\u0161etrili 6012 kg CO2.<\/p>\n","protected":false},"excerpt":{"rendered":"<p>Popularita kampane \u201eDo pr\u00e1ce na bicykli\u201c z roka na rok rastie. Vlani vyu\u017eilo bicykel ako dopravn\u00fd prostriedok do pr\u00e1ce takmer 5640 \u013eud\u00ed v 60 slovensk\u00fdch mest\u00e1ch. Spolu najazdili 783 &#8211; tis\u00edc kilometrov. Mest\u00e1, ktor\u00e9 sa chc\u00fa do kampane zapoji\u0165, sa m\u00f4\u017eu zaregistrova\u0165 do jej \u0161tvrt\u00e9ho celon\u00e1rodn\u00e9ho ro\u010dn\u00edka od 1. marca do 18. apr\u00edla 2017 na [&hellip;]<\/p>\n","protected":false},"author":7,"featured_media":0,"comment_status":"closed","ping_status":"closed","sticky":false,"template":"","format":"standard","meta":{"footnotes":""},"categories":[11],"tags":[],"class_list":["post-77757","post","type-post","status-publish","format-standard","hentry","category-news","eq-blocks"],"_links":{"self":[{"href":"https:\/\/www.slovaklinesmagazin.sk\/cms\/wp-json\/wp\/v2\/posts\/77757","targetHints":{"allow":["GET"]}}],"collection":[{"href":"https:\/\/www.slovaklinesmagazin.sk\/cms\/wp-json\/wp\/v2\/posts"}],"about":[{"href":"https:\/\/www.slovaklinesmagazin.sk\/cms\/wp-json\/wp\/v2\/types\/post"}],"author":[{"embeddable":true,"href":"https:\/\/www.slovaklinesmagazin.sk\/cms\/wp-json\/wp\/v2\/users\/7"}],"replies":[{"embeddable":true,"href":"https:\/\/www.slovaklinesmagazin.sk\/cms\/wp-json\/wp\/v2\/comments?post=77757"}],"version-history":[{"count":1,"href":"https:\/\/www.slovaklinesmagazin.sk\/cms\/wp-json\/wp\/v2\/posts\/77757\/revisions"}],"predecessor-version":[{"id":77758,"href":"https:\/\/www.slovaklinesmagazin.sk\/cms\/wp-json\/wp\/v2\/posts\/77757\/revisions\/77758"}],"wp:attachment":[{"href":"https:\/\/www.slovaklinesmagazin.sk\/cms\/wp-json\/wp\/v2\/media?parent=77757"}],"wp:term":[{"taxonomy":"category","embeddable":true,"href":"https:\/\/www.slovaklinesmagazin.sk\/cms\/wp-json\/wp\/v2\/categories?post=77757"},{"taxonomy":"post_tag","embeddable":true,"href":"https:\/\/www.slovaklinesmagazin.sk\/cms\/wp-json\/wp\/v2\/tags?post=77757"}],"curies":[{"name":"wp","href":"https:\/\/api.w.org\/{rel}","templated":true}]}}