{"id":77897,"date":"2017-03-08T17:00:16","date_gmt":"2017-03-08T15:00:16","guid":{"rendered":"http:\/\/slovaklinesmagazin.sk\/cms\/?p=77897"},"modified":"2017-03-08T17:01:53","modified_gmt":"2017-03-08T15:01:53","slug":"dnes-oslavujeme-den-zien","status":"publish","type":"post","link":"https:\/\/www.slovaklinesmagazin.sk\/cms\/2017\/03\/dnes-oslavujeme-den-zien\/","title":{"rendered":"Dnes oslavujeme De\u0148 \u017eien"},"content":{"rendered":"<p>Je 8. marec, a\u00a0tak ako ka\u017ed\u00fd rok, aj tentoraz je to de\u0148 venovan\u00fd v\u00fdlu\u010dne \u017een\u00e1m. A\u00a0 je to z\u00e1rove\u0148 \u010das pripomen\u00fa\u0165 si v\u00fdznamn\u00e9 priekopn\u00ed\u010dky a\u00a0rebelky v r\u00f4znych oblastiach, ktor\u00e9 mal\u00fdmi gestami alebo v\u00e4\u010d\u0161\u00edmi \u010dinmi zmenili n\u00e1\u0161 poh\u013ead na svet. Patria sem ur\u010dite: Malala Yousafzai, Marie Curie, prv\u00e1 tat\u00e9rka Maud Stevens Wagner, Amelia Earhart, ktor\u00e1 ako prv\u00e1 preletela Atlantik, Anna Frankov\u00e1, prv\u00e1 kozmonautka Valentina Tereshkova, Rosa Louise Mccauley Parks bojovn\u00ed\u010dka za \u013eudsk\u00e9 pr\u00e1va, \u010di aj \u00faplne nezn\u00e1me \u017eeny, ako napr\u00edklad t\u00e1, ktor\u00e1 napadla svojou kabelkou neonacistov vo \u0160v\u00e9dsku. Vo vymen\u00favan\u00ed by sme mohli pokra\u010dova\u0165 a\u017e do 8. marca 2018, tak\u017ee najlep\u0161ie bude za\u010da\u0165 t\u00fdmi, ktor\u00e9 robia ka\u017ed\u00fd de\u0148 kraj\u0161\u00ed a\u00a0hodnotnej\u0161\u00ed pr\u00e1ve v\u00e1m\u00a0 \ud83d\ude42<\/p>\n<p><img decoding=\"async\" class=\"aligncenter\" src=\"http:\/\/slovaklinesmagazin.sk\/cms\/wp-content\/uploads\/2017\/03\/1-9.jpg\" \/> <img decoding=\"async\" class=\"aligncenter\" src=\"http:\/\/slovaklinesmagazin.sk\/cms\/wp-content\/uploads\/2017\/03\/2-9.jpg\" \/> <img decoding=\"async\" class=\"aligncenter\" src=\"http:\/\/slovaklinesmagazin.sk\/cms\/wp-content\/uploads\/2017\/03\/3-9.jpg\" \/> <img decoding=\"async\" class=\"aligncenter\" src=\"http:\/\/slovaklinesmagazin.sk\/cms\/wp-content\/uploads\/2017\/03\/4-9.jpg\" \/> <img decoding=\"async\" class=\"aligncenter\" src=\"http:\/\/slovaklinesmagazin.sk\/cms\/wp-content\/uploads\/2017\/03\/5-7.jpg\" \/> <img decoding=\"async\" class=\"aligncenter\" src=\"http:\/\/slovaklinesmagazin.sk\/cms\/wp-content\/uploads\/2017\/03\/6-7.jpg\" \/> <img decoding=\"async\" class=\"aligncenter\" src=\"http:\/\/slovaklinesmagazin.sk\/cms\/wp-content\/uploads\/2017\/03\/7-7.jpg\" \/><\/p>\n","protected":false},"excerpt":{"rendered":"<p>Je 8. marec, a\u00a0tak ako ka\u017ed\u00fd rok, aj tentoraz je to de\u0148 venovan\u00fd v\u00fdlu\u010dne \u017een\u00e1m. A\u00a0 je to z\u00e1rove\u0148 \u010das pripomen\u00fa\u0165 si v\u00fdznamn\u00e9 priekopn\u00ed\u010dky a\u00a0rebelky v r\u00f4znych oblastiach, ktor\u00e9 mal\u00fdmi gestami alebo v\u00e4\u010d\u0161\u00edmi \u010dinmi zmenili n\u00e1\u0161 poh\u013ead na svet. Patria sem ur\u010dite: Malala Yousafzai, Marie Curie, prv\u00e1 tat\u00e9rka Maud Stevens Wagner, Amelia Earhart, ktor\u00e1 ako [&hellip;]<\/p>\n","protected":false},"author":7,"featured_media":77898,"comment_status":"closed","ping_status":"closed","sticky":false,"template":"","format":"standard","meta":{"footnotes":""},"categories":[9],"tags":[],"class_list":["post-77897","post","type-post","status-publish","format-standard","has-post-thumbnail","hentry","category-lifestyle","eq-blocks"],"_links":{"self":[{"href":"https:\/\/www.slovaklinesmagazin.sk\/cms\/wp-json\/wp\/v2\/posts\/77897","targetHints":{"allow":["GET"]}}],"collection":[{"href":"https:\/\/www.slovaklinesmagazin.sk\/cms\/wp-json\/wp\/v2\/posts"}],"about":[{"href":"https:\/\/www.slovaklinesmagazin.sk\/cms\/wp-json\/wp\/v2\/types\/post"}],"author":[{"embeddable":true,"href":"https:\/\/www.slovaklinesmagazin.sk\/cms\/wp-json\/wp\/v2\/users\/7"}],"replies":[{"embeddable":true,"href":"https:\/\/www.slovaklinesmagazin.sk\/cms\/wp-json\/wp\/v2\/comments?post=77897"}],"version-history":[{"count":2,"href":"https:\/\/www.slovaklinesmagazin.sk\/cms\/wp-json\/wp\/v2\/posts\/77897\/revisions"}],"predecessor-version":[{"id":77907,"href":"https:\/\/www.slovaklinesmagazin.sk\/cms\/wp-json\/wp\/v2\/posts\/77897\/revisions\/77907"}],"wp:featuredmedia":[{"embeddable":true,"href":"https:\/\/www.slovaklinesmagazin.sk\/cms\/wp-json\/wp\/v2\/media\/77898"}],"wp:attachment":[{"href":"https:\/\/www.slovaklinesmagazin.sk\/cms\/wp-json\/wp\/v2\/media?parent=77897"}],"wp:term":[{"taxonomy":"category","embeddable":true,"href":"https:\/\/www.slovaklinesmagazin.sk\/cms\/wp-json\/wp\/v2\/categories?post=77897"},{"taxonomy":"post_tag","embeddable":true,"href":"https:\/\/www.slovaklinesmagazin.sk\/cms\/wp-json\/wp\/v2\/tags?post=77897"}],"curies":[{"name":"wp","href":"https:\/\/api.w.org\/{rel}","templated":true}]}}