{"id":77923,"date":"2017-03-10T16:06:21","date_gmt":"2017-03-10T14:06:21","guid":{"rendered":"http:\/\/slovaklinesmagazin.sk\/cms\/?p=77923"},"modified":"2017-03-10T16:06:21","modified_gmt":"2017-03-10T14:06:21","slug":"tancujuci-diabli","status":"publish","type":"post","link":"https:\/\/www.slovaklinesmagazin.sk\/cms\/2017\/03\/tancujuci-diabli\/","title":{"rendered":"Tancuj\u00faci diabli"},"content":{"rendered":"<p><span style=\"color: #000000; font-family: Calibri;\">V\u00a0niektor\u00fdch krajin\u00e1ch nie s\u00fa diabli a\u00a0d\u00e9moni pova\u017eovan\u00ed za nedobr\u00e9 bytosti. Napr\u00edklad v\u00a0Lib\u00e9rii s\u00fa s\u00fa\u010das\u0165ou Poro kult\u00fary, tradi\u010dnej kult\u00fary v\u00a0krajine. Miestni tancuj\u00faci diabli s\u00fa schopn\u00ed vnies\u0165 do spolo\u010dnosti poriadok a\u00a0spravodlivos\u0165, trestaj\u00fa zl\u00fdch \u013eud\u00ed, a\u00a0preto s\u00fa vn\u00edman\u00ed pozit\u00edvne. Ako na mnoh\u00fdch miestach, aj tu v\u0161ak trad\u00edcie ustupuj\u00fa do pozadia a\u00a0mlad\u00e1 gener\u00e1cia nec\u00edti nad\u0161enie \u0161\u00edri\u0165 svoju kult\u00faru \u010falej. <\/span><\/p>\n<p><img decoding=\"async\" class=\"aligncenter\" src=\"http:\/\/slovaklinesmagazin.sk\/cms\/wp-content\/uploads\/2017\/03\/1-11.jpg\" \/> <img decoding=\"async\" class=\"aligncenter\" src=\"http:\/\/slovaklinesmagazin.sk\/cms\/wp-content\/uploads\/2017\/03\/2-11.jpg\" \/> <img decoding=\"async\" class=\"aligncenter\" src=\"http:\/\/slovaklinesmagazin.sk\/cms\/wp-content\/uploads\/2017\/03\/3-11.jpg\" \/> <img decoding=\"async\" class=\"aligncenter\" src=\"http:\/\/slovaklinesmagazin.sk\/cms\/wp-content\/uploads\/2017\/03\/5-9.jpg\" \/> <img decoding=\"async\" class=\"aligncenter\" src=\"http:\/\/slovaklinesmagazin.sk\/cms\/wp-content\/uploads\/2017\/03\/6-9.jpg\" \/><\/p>\n<p><span style=\"color: #000000; font-family: Calibri;\">Foto: Conor Beary<\/span><\/p>\n<p>&nbsp;<\/p>\n","protected":false},"excerpt":{"rendered":"<p>V\u00a0niektor\u00fdch krajin\u00e1ch nie s\u00fa diabli a\u00a0d\u00e9moni pova\u017eovan\u00ed za nedobr\u00e9 bytosti. Napr\u00edklad v\u00a0Lib\u00e9rii s\u00fa s\u00fa\u010das\u0165ou Poro kult\u00fary, tradi\u010dnej kult\u00fary v\u00a0krajine. Miestni tancuj\u00faci diabli s\u00fa schopn\u00ed vnies\u0165 do spolo\u010dnosti poriadok a\u00a0spravodlivos\u0165, trestaj\u00fa zl\u00fdch \u013eud\u00ed, a\u00a0preto s\u00fa vn\u00edman\u00ed pozit\u00edvne. Ako na mnoh\u00fdch miestach, aj tu v\u0161ak trad\u00edcie ustupuj\u00fa do pozadia a\u00a0mlad\u00e1 gener\u00e1cia nec\u00edti nad\u0161enie \u0161\u00edri\u0165 svoju kult\u00faru \u010falej. [&hellip;]<\/p>\n","protected":false},"author":7,"featured_media":77927,"comment_status":"closed","ping_status":"closed","sticky":false,"template":"","format":"standard","meta":{"footnotes":""},"categories":[48],"tags":[],"class_list":["post-77923","post","type-post","status-publish","format-standard","has-post-thumbnail","hentry","category-umenie-a-kultura","eq-blocks"],"_links":{"self":[{"href":"https:\/\/www.slovaklinesmagazin.sk\/cms\/wp-json\/wp\/v2\/posts\/77923","targetHints":{"allow":["GET"]}}],"collection":[{"href":"https:\/\/www.slovaklinesmagazin.sk\/cms\/wp-json\/wp\/v2\/posts"}],"about":[{"href":"https:\/\/www.slovaklinesmagazin.sk\/cms\/wp-json\/wp\/v2\/types\/post"}],"author":[{"embeddable":true,"href":"https:\/\/www.slovaklinesmagazin.sk\/cms\/wp-json\/wp\/v2\/users\/7"}],"replies":[{"embeddable":true,"href":"https:\/\/www.slovaklinesmagazin.sk\/cms\/wp-json\/wp\/v2\/comments?post=77923"}],"version-history":[{"count":1,"href":"https:\/\/www.slovaklinesmagazin.sk\/cms\/wp-json\/wp\/v2\/posts\/77923\/revisions"}],"predecessor-version":[{"id":77930,"href":"https:\/\/www.slovaklinesmagazin.sk\/cms\/wp-json\/wp\/v2\/posts\/77923\/revisions\/77930"}],"wp:featuredmedia":[{"embeddable":true,"href":"https:\/\/www.slovaklinesmagazin.sk\/cms\/wp-json\/wp\/v2\/media\/77927"}],"wp:attachment":[{"href":"https:\/\/www.slovaklinesmagazin.sk\/cms\/wp-json\/wp\/v2\/media?parent=77923"}],"wp:term":[{"taxonomy":"category","embeddable":true,"href":"https:\/\/www.slovaklinesmagazin.sk\/cms\/wp-json\/wp\/v2\/categories?post=77923"},{"taxonomy":"post_tag","embeddable":true,"href":"https:\/\/www.slovaklinesmagazin.sk\/cms\/wp-json\/wp\/v2\/tags?post=77923"}],"curies":[{"name":"wp","href":"https:\/\/api.w.org\/{rel}","templated":true}]}}