{"id":77931,"date":"2017-03-10T16:07:40","date_gmt":"2017-03-10T14:07:40","guid":{"rendered":"http:\/\/slovaklinesmagazin.sk\/cms\/?p=77931"},"modified":"2017-03-10T16:07:40","modified_gmt":"2017-03-10T14:07:40","slug":"unikatny-hotel-v-spanielskych-vinohradoch","status":"publish","type":"post","link":"https:\/\/www.slovaklinesmagazin.sk\/cms\/2017\/03\/unikatny-hotel-v-spanielskych-vinohradoch\/","title":{"rendered":"Unik\u00e1tny hotel v \u0161panielskych vinohradoch"},"content":{"rendered":"<p><span style=\"color: #000000; font-family: Calibri;\">Ak pl\u00e1nujete zahrn\u00fa\u0165 do svojich dovolenkov\u00fdch pl\u00e1nov aj sever \u0160panielska, nemali by ste opomen\u00fa\u0165 n\u00e1v\u0161tevu hotela Marqu\u00e8s de Riscal vybudovan\u00e9ho v\u00a0srdci vinohradov. Hotel s\u00a0nezvy\u010dajn\u00fdm exteri\u00e9rom ja dielom svetozn\u00e1meho architekta a dizajn\u00e9ra Francka Gheryho a\u00a0minul\u00fd rok osl\u00e1vil u\u017e 10 rokov existencie. Hoci sa niekomu m\u00f4\u017ee zda\u0165 hotel svoj\u00edm zjavom dos\u0165 excentrick\u00fd a\u00a0nes\u00faladn\u00fd, slu\u017eby vraj poskytuje prvotriedne. <\/span><\/p>\n<p><img decoding=\"async\" class=\"aligncenter\" src=\"http:\/\/slovaklinesmagazin.sk\/cms\/wp-content\/uploads\/2017\/03\/1-12-1024x576.jpg\" \/> <img decoding=\"async\" class=\"aligncenter\" src=\"http:\/\/slovaklinesmagazin.sk\/cms\/wp-content\/uploads\/2017\/03\/2-12-1024x576.jpg\" \/> <img decoding=\"async\" class=\"aligncenter\" src=\"http:\/\/slovaklinesmagazin.sk\/cms\/wp-content\/uploads\/2017\/03\/3-12-1024x576.jpg\" \/> <img decoding=\"async\" class=\"aligncenter\" src=\"http:\/\/slovaklinesmagazin.sk\/cms\/wp-content\/uploads\/2017\/03\/5-10.jpg\" \/> <img decoding=\"async\" class=\"aligncenter\" src=\"http:\/\/slovaklinesmagazin.sk\/cms\/wp-content\/uploads\/2017\/03\/6-10.jpg\" \/><\/p>\n","protected":false},"excerpt":{"rendered":"<p>Ak pl\u00e1nujete zahrn\u00fa\u0165 do svojich dovolenkov\u00fdch pl\u00e1nov aj sever \u0160panielska, nemali by ste opomen\u00fa\u0165 n\u00e1v\u0161tevu hotela Marqu\u00e8s de Riscal vybudovan\u00e9ho v\u00a0srdci vinohradov. Hotel s\u00a0nezvy\u010dajn\u00fdm exteri\u00e9rom ja dielom svetozn\u00e1meho architekta a dizajn\u00e9ra Francka Gheryho a\u00a0minul\u00fd rok osl\u00e1vil u\u017e 10 rokov existencie. Hoci sa niekomu m\u00f4\u017ee zda\u0165 hotel svoj\u00edm zjavom dos\u0165 excentrick\u00fd a\u00a0nes\u00faladn\u00fd, slu\u017eby vraj poskytuje prvotriedne.<\/p>\n","protected":false},"author":7,"featured_media":77935,"comment_status":"closed","ping_status":"closed","sticky":false,"template":"","format":"standard","meta":{"footnotes":""},"categories":[13],"tags":[],"class_list":["post-77931","post","type-post","status-publish","format-standard","has-post-thumbnail","hentry","category-real-estate","eq-blocks"],"_links":{"self":[{"href":"https:\/\/www.slovaklinesmagazin.sk\/cms\/wp-json\/wp\/v2\/posts\/77931","targetHints":{"allow":["GET"]}}],"collection":[{"href":"https:\/\/www.slovaklinesmagazin.sk\/cms\/wp-json\/wp\/v2\/posts"}],"about":[{"href":"https:\/\/www.slovaklinesmagazin.sk\/cms\/wp-json\/wp\/v2\/types\/post"}],"author":[{"embeddable":true,"href":"https:\/\/www.slovaklinesmagazin.sk\/cms\/wp-json\/wp\/v2\/users\/7"}],"replies":[{"embeddable":true,"href":"https:\/\/www.slovaklinesmagazin.sk\/cms\/wp-json\/wp\/v2\/comments?post=77931"}],"version-history":[{"count":1,"href":"https:\/\/www.slovaklinesmagazin.sk\/cms\/wp-json\/wp\/v2\/posts\/77931\/revisions"}],"predecessor-version":[{"id":77938,"href":"https:\/\/www.slovaklinesmagazin.sk\/cms\/wp-json\/wp\/v2\/posts\/77931\/revisions\/77938"}],"wp:featuredmedia":[{"embeddable":true,"href":"https:\/\/www.slovaklinesmagazin.sk\/cms\/wp-json\/wp\/v2\/media\/77935"}],"wp:attachment":[{"href":"https:\/\/www.slovaklinesmagazin.sk\/cms\/wp-json\/wp\/v2\/media?parent=77931"}],"wp:term":[{"taxonomy":"category","embeddable":true,"href":"https:\/\/www.slovaklinesmagazin.sk\/cms\/wp-json\/wp\/v2\/categories?post=77931"},{"taxonomy":"post_tag","embeddable":true,"href":"https:\/\/www.slovaklinesmagazin.sk\/cms\/wp-json\/wp\/v2\/tags?post=77931"}],"curies":[{"name":"wp","href":"https:\/\/api.w.org\/{rel}","templated":true}]}}