{"id":78258,"date":"2017-03-28T17:11:18","date_gmt":"2017-03-28T15:11:18","guid":{"rendered":"http:\/\/slovaklinesmagazin.sk\/cms\/?p=78258"},"modified":"2017-03-28T17:11:18","modified_gmt":"2017-03-28T15:11:18","slug":"spomienka-na-vojnu","status":"publish","type":"post","link":"https:\/\/www.slovaklinesmagazin.sk\/cms\/2017\/03\/spomienka-na-vojnu\/","title":{"rendered":"Spomienka na vojnu"},"content":{"rendered":"<p>Fotograf Thomas Windisch cestoval do b\u00fdvalej vojenskej z\u00e1kladne nach\u00e1dzaj\u00facej sa medzi Chorv\u00e1tskom a Bosnou a Hercegovinou v b\u00fdvalej Juhosl\u00e1vii. Kedysi tam bolo podzemn\u00e9 letisko a vojensk\u00e9 z\u00e1kladne. Budova bola zni\u010den\u00e1 Srbmi s cie\u013eom udr\u017ea\u0165 sa v bezpe\u010d\u00ed pred nepriate\u013eom. Dnes na mieste zostali len ruiny, ktor\u00e9 n\u00e1m pripom\u00ednaj\u00fa smutn\u00fa minulos\u0165.<\/p>\n<p><img decoding=\"async\" class=\"aligncenter\" src=\"http:\/\/slovaklinesmagazin.sk\/cms\/wp-content\/uploads\/2017\/03\/1-27.jpg\" \/> <img decoding=\"async\" class=\"aligncenter\" src=\"http:\/\/slovaklinesmagazin.sk\/cms\/wp-content\/uploads\/2017\/03\/2-27.jpg\" \/> <img decoding=\"async\" class=\"aligncenter\" src=\"http:\/\/slovaklinesmagazin.sk\/cms\/wp-content\/uploads\/2017\/03\/3-26-683x1024.jpg\" \/> <img decoding=\"async\" class=\"aligncenter\" src=\"http:\/\/slovaklinesmagazin.sk\/cms\/wp-content\/uploads\/2017\/03\/4-26.jpg\" \/> <img decoding=\"async\" class=\"aligncenter\" src=\"http:\/\/slovaklinesmagazin.sk\/cms\/wp-content\/uploads\/2017\/03\/5-23.jpg\" \/> <img decoding=\"async\" class=\"aligncenter\" src=\"http:\/\/slovaklinesmagazin.sk\/cms\/wp-content\/uploads\/2017\/03\/7-18-683x1024.jpg\" \/> <img decoding=\"async\" class=\"aligncenter\" src=\"http:\/\/slovaklinesmagazin.sk\/cms\/wp-content\/uploads\/2017\/03\/8-16.jpg\" \/><\/p>\n<p>Foto: Thomas Windisch<\/p>\n","protected":false},"excerpt":{"rendered":"<p>Fotograf Thomas Windisch cestoval do b\u00fdvalej vojenskej z\u00e1kladne nach\u00e1dzaj\u00facej sa medzi Chorv\u00e1tskom a Bosnou a Hercegovinou v b\u00fdvalej Juhosl\u00e1vii. Kedysi tam bolo podzemn\u00e9 letisko a vojensk\u00e9 z\u00e1kladne. Budova bola zni\u010den\u00e1 Srbmi s cie\u013eom udr\u017ea\u0165 sa v bezpe\u010d\u00ed pred nepriate\u013eom. Dnes na mieste zostali len ruiny, ktor\u00e9 n\u00e1m pripom\u00ednaj\u00fa smutn\u00fa minulos\u0165. Foto: Thomas Windisch<\/p>\n","protected":false},"author":7,"featured_media":78264,"comment_status":"closed","ping_status":"closed","sticky":false,"template":"","format":"standard","meta":{"footnotes":""},"categories":[13,9],"tags":[],"class_list":["post-78258","post","type-post","status-publish","format-standard","has-post-thumbnail","hentry","category-real-estate","category-lifestyle","eq-blocks"],"_links":{"self":[{"href":"https:\/\/www.slovaklinesmagazin.sk\/cms\/wp-json\/wp\/v2\/posts\/78258","targetHints":{"allow":["GET"]}}],"collection":[{"href":"https:\/\/www.slovaklinesmagazin.sk\/cms\/wp-json\/wp\/v2\/posts"}],"about":[{"href":"https:\/\/www.slovaklinesmagazin.sk\/cms\/wp-json\/wp\/v2\/types\/post"}],"author":[{"embeddable":true,"href":"https:\/\/www.slovaklinesmagazin.sk\/cms\/wp-json\/wp\/v2\/users\/7"}],"replies":[{"embeddable":true,"href":"https:\/\/www.slovaklinesmagazin.sk\/cms\/wp-json\/wp\/v2\/comments?post=78258"}],"version-history":[{"count":1,"href":"https:\/\/www.slovaklinesmagazin.sk\/cms\/wp-json\/wp\/v2\/posts\/78258\/revisions"}],"predecessor-version":[{"id":78267,"href":"https:\/\/www.slovaklinesmagazin.sk\/cms\/wp-json\/wp\/v2\/posts\/78258\/revisions\/78267"}],"wp:featuredmedia":[{"embeddable":true,"href":"https:\/\/www.slovaklinesmagazin.sk\/cms\/wp-json\/wp\/v2\/media\/78264"}],"wp:attachment":[{"href":"https:\/\/www.slovaklinesmagazin.sk\/cms\/wp-json\/wp\/v2\/media?parent=78258"}],"wp:term":[{"taxonomy":"category","embeddable":true,"href":"https:\/\/www.slovaklinesmagazin.sk\/cms\/wp-json\/wp\/v2\/categories?post=78258"},{"taxonomy":"post_tag","embeddable":true,"href":"https:\/\/www.slovaklinesmagazin.sk\/cms\/wp-json\/wp\/v2\/tags?post=78258"}],"curies":[{"name":"wp","href":"https:\/\/api.w.org\/{rel}","templated":true}]}}