{"id":78367,"date":"2017-04-10T13:49:31","date_gmt":"2017-04-10T11:49:31","guid":{"rendered":"http:\/\/slovaklinesmagazin.sk\/cms\/?p=78367"},"modified":"2017-04-10T13:49:31","modified_gmt":"2017-04-10T11:49:31","slug":"zaujem-o-kampan-do-prace-na-bicykli-je-vacsi-ako-vlani","status":"publish","type":"post","link":"https:\/\/www.slovaklinesmagazin.sk\/cms\/2017\/04\/zaujem-o-kampan-do-prace-na-bicykli-je-vacsi-ako-vlani\/","title":{"rendered":"Z\u00e1ujem o kampa\u0148 Do pr\u00e1ce na bicykli je v\u00e4\u010d\u0161\u00ed ako vlani"},"content":{"rendered":"<p>Z\u00e1ujem o cyklodopravu za\u017e\u00edva na Slovensku n\u00e1rast. Do 4. ro\u010dn\u00edka celon\u00e1rodnej kampane \u201eDo pr\u00e1ce na bicykli 2017\u201c, ktor\u00fa\u00a0 zastre\u0161uje Ministerstvo dopravy a v\u00fdstavby SR, sa zaregistrovalo u\u017e 61 samospr\u00e1v z celkov\u00e9ho po\u010dtu 140 osloven\u00fdch slovensk\u00fdch miest. Po\u010det prihl\u00e1sen\u00fdch do kampane u\u017e teraz prekro\u010dil vla\u0148aj\u0161\u00ed z\u00e1ujem &#8211; 60 zapojen\u00fdch miest a obc\u00ed do s\u00fa\u0165a\u017ee. Mo\u017enos\u0165 zaregistrova\u0165 sa pre mest\u00e1 a obce pritom plat\u00ed a\u017e do 18. apr\u00edla.<\/p>\n<p>\u201eVe\u013ek\u00fd z\u00e1ujem zamestnancov cestova\u0165 do pr\u00e1ce na bicykli n\u00e1s te\u0161\u00ed. Prispej\u00fa tak k zlep\u0161eniu svojej zdravotnej kond\u00edcie a v kone\u010dnom d\u00f4sledku k zn\u00ed\u017eeniu podielu individu\u00e1lnej automobilovej dopravy vo svojom meste. Je viac ako re\u00e1lne predpoklada\u0165, \u017ee Slovensko sa v priebehu \u010fal\u0161\u00edch rokov v\u00fdrazne rozbicykluje,\u201c povedal minister dopravy a v\u00fdstavby Arp\u00e1d \u00c9rsek.<\/p>\n<p>Spolo\u010dne s vysok\u00fdm po\u010dtom zaregistrovan\u00fdch samospr\u00e1v m\u00e1 st\u00fapaj\u00faci trend aj po\u010det prihl\u00e1sen\u00fdch \u00fa\u010dastn\u00edkov. Od 1. marca 2017 sa u\u017e prihl\u00e1silo 2086 s\u00fa\u0165a\u017eiacich, \u010do predstavuje n\u00e1rast takmer o 40 percent z celkov\u00e9ho po\u010dtu s\u00fa\u0165a\u017eiacich v minulom roku. Samospr\u00e1vy maj\u00fa \u010das do 18. apr\u00edla, aby sa zaregistrovali do kampane Do pr\u00e1ce na bicykli 2017. \u010c\u00edm r\u00fdchlej\u0161ie sa mest\u00e1 a obce zapoja, t\u00fdm sk\u00f4r sa m\u00f4\u017eu prihlasova\u0165\u00a0 jednotliv\u00ed \u00fa\u010dastn\u00edci. T\u00ed sa m\u00f4\u017eu zapoji\u0165 a\u017e do 5. m\u00e1ja 2017.<\/p>\n<p>S\u00fa\u0165a\u017e \u201eDo pr\u00e1ce na bicykli\u201c je ur\u010den\u00e1 pre v\u0161etk\u00fdch obyvate\u013eov a slovensk\u00e9 mest\u00e1 a obce, ktor\u00e9 sa v zmysle \u0161tat\u00fatu s\u00fa\u0165a\u017ee ofici\u00e1lne zaregistruj\u00fa na internetovej str\u00e1nke www.dopracenabicykli.eu.<\/p>\n","protected":false},"excerpt":{"rendered":"<p>Z\u00e1ujem o cyklodopravu za\u017e\u00edva na Slovensku n\u00e1rast. Do 4. ro\u010dn\u00edka celon\u00e1rodnej kampane \u201eDo pr\u00e1ce na bicykli 2017\u201c, ktor\u00fa\u00a0 zastre\u0161uje Ministerstvo dopravy a v\u00fdstavby SR, sa zaregistrovalo u\u017e 61 samospr\u00e1v z celkov\u00e9ho po\u010dtu 140 osloven\u00fdch slovensk\u00fdch miest. Po\u010det prihl\u00e1sen\u00fdch do kampane u\u017e teraz prekro\u010dil vla\u0148aj\u0161\u00ed z\u00e1ujem &#8211; 60 zapojen\u00fdch miest a obc\u00ed do s\u00fa\u0165a\u017ee. Mo\u017enos\u0165 zaregistrova\u0165 [&hellip;]<\/p>\n","protected":false},"author":7,"featured_media":0,"comment_status":"closed","ping_status":"closed","sticky":false,"template":"","format":"standard","meta":{"footnotes":""},"categories":[9],"tags":[],"class_list":["post-78367","post","type-post","status-publish","format-standard","hentry","category-lifestyle","eq-blocks"],"_links":{"self":[{"href":"https:\/\/www.slovaklinesmagazin.sk\/cms\/wp-json\/wp\/v2\/posts\/78367","targetHints":{"allow":["GET"]}}],"collection":[{"href":"https:\/\/www.slovaklinesmagazin.sk\/cms\/wp-json\/wp\/v2\/posts"}],"about":[{"href":"https:\/\/www.slovaklinesmagazin.sk\/cms\/wp-json\/wp\/v2\/types\/post"}],"author":[{"embeddable":true,"href":"https:\/\/www.slovaklinesmagazin.sk\/cms\/wp-json\/wp\/v2\/users\/7"}],"replies":[{"embeddable":true,"href":"https:\/\/www.slovaklinesmagazin.sk\/cms\/wp-json\/wp\/v2\/comments?post=78367"}],"version-history":[{"count":1,"href":"https:\/\/www.slovaklinesmagazin.sk\/cms\/wp-json\/wp\/v2\/posts\/78367\/revisions"}],"predecessor-version":[{"id":78369,"href":"https:\/\/www.slovaklinesmagazin.sk\/cms\/wp-json\/wp\/v2\/posts\/78367\/revisions\/78369"}],"wp:attachment":[{"href":"https:\/\/www.slovaklinesmagazin.sk\/cms\/wp-json\/wp\/v2\/media?parent=78367"}],"wp:term":[{"taxonomy":"category","embeddable":true,"href":"https:\/\/www.slovaklinesmagazin.sk\/cms\/wp-json\/wp\/v2\/categories?post=78367"},{"taxonomy":"post_tag","embeddable":true,"href":"https:\/\/www.slovaklinesmagazin.sk\/cms\/wp-json\/wp\/v2\/tags?post=78367"}],"curies":[{"name":"wp","href":"https:\/\/api.w.org\/{rel}","templated":true}]}}