{"id":78382,"date":"2017-04-10T13:53:02","date_gmt":"2017-04-10T11:53:02","guid":{"rendered":"http:\/\/slovaklinesmagazin.sk\/cms\/?p=78382"},"modified":"2017-04-10T13:53:02","modified_gmt":"2017-04-10T11:53:02","slug":"pod-kubanskym-slnkom","status":"publish","type":"post","link":"https:\/\/www.slovaklinesmagazin.sk\/cms\/2017\/04\/pod-kubanskym-slnkom\/","title":{"rendered":"Pod kub\u00e1nskym slnkom"},"content":{"rendered":"<p>Americk\u00fd fotograf AJ Bleyer, zakladate\u013e Afvert Films ned\u00e1vno cestoval do Havany na Kube. Vr\u00e1til sa s\u00a0vynikaj\u00facimi dojmami a\u00a0\u010darovn\u00fdmi fotkami z\u00a0oblasti, ktor\u00e1 je viac otvoren\u00e1 cestovn\u00e9mu ruchu, ale si dr\u017eiaca svoje povestn\u00e9 k\u00fazlo. Miestna architekt\u00fara, aut\u00e1, \u017eivot ulice pod kub\u00e1nskym slnkom vzbudzuj\u00fa ve\u013ek\u00fa pohodu.<\/p>\n<p><a href=\"http:\/\/slovaklinesmagazin.sk\/cms\/wp-content\/uploads\/2017\/04\/2-2.jpg\"><img decoding=\"async\" class=\"alignleft\" src=\"http:\/\/slovaklinesmagazin.sk\/cms\/wp-content\/uploads\/2017\/04\/2-2.jpg\" \/><\/a> <a href=\"http:\/\/slovaklinesmagazin.sk\/cms\/wp-content\/uploads\/2017\/04\/3-2.jpg\"><img decoding=\"async\" class=\"alignleft\" src=\"http:\/\/slovaklinesmagazin.sk\/cms\/wp-content\/uploads\/2017\/04\/3-2.jpg\" \/><\/a> <a href=\"http:\/\/slovaklinesmagazin.sk\/cms\/wp-content\/uploads\/2017\/04\/4-2.jpg\"><img decoding=\"async\" class=\"alignleft\" src=\"http:\/\/slovaklinesmagazin.sk\/cms\/wp-content\/uploads\/2017\/04\/4-2.jpg\" \/><\/a> <a href=\"http:\/\/slovaklinesmagazin.sk\/cms\/wp-content\/uploads\/2017\/04\/5-2.jpg\"><img decoding=\"async\" class=\"alignleft\" src=\"http:\/\/slovaklinesmagazin.sk\/cms\/wp-content\/uploads\/2017\/04\/5-2.jpg\" \/><\/a> <a href=\"http:\/\/slovaklinesmagazin.sk\/cms\/wp-content\/uploads\/2017\/04\/6-1.jpg\"><img decoding=\"async\" class=\"alignleft\" src=\"http:\/\/slovaklinesmagazin.sk\/cms\/wp-content\/uploads\/2017\/04\/6-1.jpg\" \/><\/a> <a href=\"http:\/\/slovaklinesmagazin.sk\/cms\/wp-content\/uploads\/2017\/04\/7-1.jpg\"><img decoding=\"async\" class=\"alignleft\" src=\"http:\/\/slovaklinesmagazin.sk\/cms\/wp-content\/uploads\/2017\/04\/7-1.jpg\" \/><\/a> <a href=\"http:\/\/slovaklinesmagazin.sk\/cms\/wp-content\/uploads\/2017\/04\/8-1.jpg\"><img decoding=\"async\" class=\"alignleft\" src=\"http:\/\/slovaklinesmagazin.sk\/cms\/wp-content\/uploads\/2017\/04\/8-1.jpg\" \/><\/a> <a href=\"http:\/\/slovaklinesmagazin.sk\/cms\/wp-content\/uploads\/2017\/04\/9-1.jpg\"><img decoding=\"async\" class=\"alignleft\" src=\"http:\/\/slovaklinesmagazin.sk\/cms\/wp-content\/uploads\/2017\/04\/9-1.jpg\" \/><\/a><\/p>\n<p>Foto: AJ Bleyer<\/p>\n","protected":false},"excerpt":{"rendered":"<p>Americk\u00fd fotograf AJ Bleyer, zakladate\u013e Afvert Films ned\u00e1vno cestoval do Havany na Kube. Vr\u00e1til sa s\u00a0vynikaj\u00facimi dojmami a\u00a0\u010darovn\u00fdmi fotkami z\u00a0oblasti, ktor\u00e1 je viac otvoren\u00e1 cestovn\u00e9mu ruchu, ale si dr\u017eiaca svoje povestn\u00e9 k\u00fazlo. Miestna architekt\u00fara, aut\u00e1, \u017eivot ulice pod kub\u00e1nskym slnkom vzbudzuj\u00fa ve\u013ek\u00fa pohodu. Foto: AJ Bleyer<\/p>\n","protected":false},"author":7,"featured_media":78386,"comment_status":"closed","ping_status":"closed","sticky":false,"template":"","format":"standard","meta":{"footnotes":""},"categories":[13],"tags":[],"class_list":["post-78382","post","type-post","status-publish","format-standard","has-post-thumbnail","hentry","category-real-estate","eq-blocks"],"_links":{"self":[{"href":"https:\/\/www.slovaklinesmagazin.sk\/cms\/wp-json\/wp\/v2\/posts\/78382","targetHints":{"allow":["GET"]}}],"collection":[{"href":"https:\/\/www.slovaklinesmagazin.sk\/cms\/wp-json\/wp\/v2\/posts"}],"about":[{"href":"https:\/\/www.slovaklinesmagazin.sk\/cms\/wp-json\/wp\/v2\/types\/post"}],"author":[{"embeddable":true,"href":"https:\/\/www.slovaklinesmagazin.sk\/cms\/wp-json\/wp\/v2\/users\/7"}],"replies":[{"embeddable":true,"href":"https:\/\/www.slovaklinesmagazin.sk\/cms\/wp-json\/wp\/v2\/comments?post=78382"}],"version-history":[{"count":2,"href":"https:\/\/www.slovaklinesmagazin.sk\/cms\/wp-json\/wp\/v2\/posts\/78382\/revisions"}],"predecessor-version":[{"id":80337,"href":"https:\/\/www.slovaklinesmagazin.sk\/cms\/wp-json\/wp\/v2\/posts\/78382\/revisions\/80337"}],"wp:featuredmedia":[{"embeddable":true,"href":"https:\/\/www.slovaklinesmagazin.sk\/cms\/wp-json\/wp\/v2\/media\/78386"}],"wp:attachment":[{"href":"https:\/\/www.slovaklinesmagazin.sk\/cms\/wp-json\/wp\/v2\/media?parent=78382"}],"wp:term":[{"taxonomy":"category","embeddable":true,"href":"https:\/\/www.slovaklinesmagazin.sk\/cms\/wp-json\/wp\/v2\/categories?post=78382"},{"taxonomy":"post_tag","embeddable":true,"href":"https:\/\/www.slovaklinesmagazin.sk\/cms\/wp-json\/wp\/v2\/tags?post=78382"}],"curies":[{"name":"wp","href":"https:\/\/api.w.org\/{rel}","templated":true}]}}