{"id":78660,"date":"2017-04-21T15:38:13","date_gmt":"2017-04-21T13:38:13","guid":{"rendered":"http:\/\/slovaklinesmagazin.sk\/cms\/?p=78660"},"modified":"2017-04-21T15:38:13","modified_gmt":"2017-04-21T13:38:13","slug":"v-azijskych-pristavoch","status":"publish","type":"post","link":"https:\/\/www.slovaklinesmagazin.sk\/cms\/2017\/04\/v-azijskych-pristavoch\/","title":{"rendered":"V \u00e1zijsk\u00fdch pr\u00edstavoch"},"content":{"rendered":"<p><span style=\"color: #000000; font-family: Calibri;\">Kontajnery sa stali \u00fastredn\u00fdm prvkom globaliz\u00e1cie a medzin\u00e1rodn\u00e9ho obchodu, preto\u017ee umo\u017e\u0148uj\u00fa efekt\u00edvne vyu\u017eitie priestoru. Vo svojej poslednej s\u00e9rii fotografoval umelec Manuel Alvarez tento fenom\u00e9n naprie\u010d celou \u00c1ziou. V\u0161etky hlavn\u00e9 medzin\u00e1rodn\u00e9 pr\u00edstavy kontinentu s\u00fa naplnen\u00e9 kontajnermi, ktor\u00e9 sa st\u00e1vaj\u00fa neoddelite\u013enou s\u00fa\u010das\u0165ou krajiny.<\/span><\/p>\n<p><a href=\"http:\/\/slovaklinesmagazin.sk\/cms\/wp-content\/uploads\/2017\/04\/2-18.jpg\"><img decoding=\"async\" class=\"aligncenter\" src=\"http:\/\/slovaklinesmagazin.sk\/cms\/wp-content\/uploads\/2017\/04\/2-18.jpg\" \/><\/a> <a href=\"http:\/\/slovaklinesmagazin.sk\/cms\/wp-content\/uploads\/2017\/04\/3-17.jpg\"><img decoding=\"async\" class=\"aligncenter\" src=\"http:\/\/slovaklinesmagazin.sk\/cms\/wp-content\/uploads\/2017\/04\/3-17.jpg\" \/><\/a> <a href=\"http:\/\/slovaklinesmagazin.sk\/cms\/wp-content\/uploads\/2017\/04\/4-16.jpg\"><img decoding=\"async\" class=\"aligncenter\" src=\"http:\/\/slovaklinesmagazin.sk\/cms\/wp-content\/uploads\/2017\/04\/4-16.jpg\" \/><\/a> <a href=\"http:\/\/slovaklinesmagazin.sk\/cms\/wp-content\/uploads\/2017\/04\/5-16.jpg\"><img decoding=\"async\" class=\"aligncenter\" src=\"http:\/\/slovaklinesmagazin.sk\/cms\/wp-content\/uploads\/2017\/04\/5-16.jpg\" \/><\/a> <a href=\"http:\/\/slovaklinesmagazin.sk\/cms\/wp-content\/uploads\/2017\/04\/6-12.jpg\"><img decoding=\"async\" class=\"aligncenter\" src=\"http:\/\/slovaklinesmagazin.sk\/cms\/wp-content\/uploads\/2017\/04\/6-12.jpg\" \/><\/a> <a href=\"http:\/\/slovaklinesmagazin.sk\/cms\/wp-content\/uploads\/2017\/04\/7-11.jpg\"><img decoding=\"async\" class=\"aligncenter\" src=\"http:\/\/slovaklinesmagazin.sk\/cms\/wp-content\/uploads\/2017\/04\/7-11.jpg\" \/><\/a> <a href=\"http:\/\/slovaklinesmagazin.sk\/cms\/wp-content\/uploads\/2017\/04\/8-11.jpg\"><img decoding=\"async\" class=\"aligncenter\" src=\"http:\/\/slovaklinesmagazin.sk\/cms\/wp-content\/uploads\/2017\/04\/8-11.jpg\" \/><\/a> <a href=\"http:\/\/slovaklinesmagazin.sk\/cms\/wp-content\/uploads\/2017\/04\/9-10.jpg\"><img decoding=\"async\" class=\"aligncenter\" src=\"http:\/\/slovaklinesmagazin.sk\/cms\/wp-content\/uploads\/2017\/04\/9-10.jpg\" \/><\/a><\/p>\n<p><span style=\"color: #000000; font-family: Calibri;\">Foto: Manuel Alvarez<\/span><\/p>\n<p>&nbsp;<\/p>\n","protected":false},"excerpt":{"rendered":"<p>Kontajnery sa stali \u00fastredn\u00fdm prvkom globaliz\u00e1cie a medzin\u00e1rodn\u00e9ho obchodu, preto\u017ee umo\u017e\u0148uj\u00fa efekt\u00edvne vyu\u017eitie priestoru. Vo svojej poslednej s\u00e9rii fotografoval umelec Manuel Alvarez tento fenom\u00e9n naprie\u010d celou \u00c1ziou. V\u0161etky hlavn\u00e9 medzin\u00e1rodn\u00e9 pr\u00edstavy kontinentu s\u00fa naplnen\u00e9 kontajnermi, ktor\u00e9 sa st\u00e1vaj\u00fa neoddelite\u013enou s\u00fa\u010das\u0165ou krajiny. Foto: Manuel Alvarez &nbsp;<\/p>\n","protected":false},"author":7,"featured_media":78661,"comment_status":"closed","ping_status":"closed","sticky":false,"template":"","format":"standard","meta":{"footnotes":""},"categories":[9],"tags":[],"class_list":["post-78660","post","type-post","status-publish","format-standard","has-post-thumbnail","hentry","category-lifestyle","eq-blocks"],"_links":{"self":[{"href":"https:\/\/www.slovaklinesmagazin.sk\/cms\/wp-json\/wp\/v2\/posts\/78660","targetHints":{"allow":["GET"]}}],"collection":[{"href":"https:\/\/www.slovaklinesmagazin.sk\/cms\/wp-json\/wp\/v2\/posts"}],"about":[{"href":"https:\/\/www.slovaklinesmagazin.sk\/cms\/wp-json\/wp\/v2\/types\/post"}],"author":[{"embeddable":true,"href":"https:\/\/www.slovaklinesmagazin.sk\/cms\/wp-json\/wp\/v2\/users\/7"}],"replies":[{"embeddable":true,"href":"https:\/\/www.slovaklinesmagazin.sk\/cms\/wp-json\/wp\/v2\/comments?post=78660"}],"version-history":[{"count":1,"href":"https:\/\/www.slovaklinesmagazin.sk\/cms\/wp-json\/wp\/v2\/posts\/78660\/revisions"}],"predecessor-version":[{"id":78670,"href":"https:\/\/www.slovaklinesmagazin.sk\/cms\/wp-json\/wp\/v2\/posts\/78660\/revisions\/78670"}],"wp:featuredmedia":[{"embeddable":true,"href":"https:\/\/www.slovaklinesmagazin.sk\/cms\/wp-json\/wp\/v2\/media\/78661"}],"wp:attachment":[{"href":"https:\/\/www.slovaklinesmagazin.sk\/cms\/wp-json\/wp\/v2\/media?parent=78660"}],"wp:term":[{"taxonomy":"category","embeddable":true,"href":"https:\/\/www.slovaklinesmagazin.sk\/cms\/wp-json\/wp\/v2\/categories?post=78660"},{"taxonomy":"post_tag","embeddable":true,"href":"https:\/\/www.slovaklinesmagazin.sk\/cms\/wp-json\/wp\/v2\/tags?post=78660"}],"curies":[{"name":"wp","href":"https:\/\/api.w.org\/{rel}","templated":true}]}}