{"id":78696,"date":"2017-04-24T13:42:53","date_gmt":"2017-04-24T11:42:53","guid":{"rendered":"http:\/\/slovaklinesmagazin.sk\/cms\/?p=78696"},"modified":"2017-04-24T13:42:53","modified_gmt":"2017-04-24T11:42:53","slug":"priamym-vlakom-do-kosic-sa-od-leta-bude-cestovat-aj-juznou-trasou","status":"publish","type":"post","link":"https:\/\/www.slovaklinesmagazin.sk\/cms\/2017\/04\/priamym-vlakom-do-kosic-sa-od-leta-bude-cestovat-aj-juznou-trasou\/","title":{"rendered":"Priamym vlakom do Ko\u0161\u00edc sa od leta bude cestova\u0165 aj ju\u017enou trasou"},"content":{"rendered":"<p><strong>R\u00fdchliky do Ko\u0161\u00edc bud\u00fa op\u00e4\u0165 jazdi\u0165 aj ju\u017enou trasou. Dnes o\u00a0tom priamo vo vlaku do Ko\u0161\u00edc informoval minister dopravy a\u00a0v\u00fdstavby Arp\u00e1d \u00c9rsek. Cestuj\u00faci na ju\u017enej trase medzi Bratislavou a\u00a0Ko\u0161icami tak bud\u00fa m\u00f4c\u0165 v\u00a0\u0161tyroch vlakoch denne vyu\u017ei\u0165 pohodln\u00e9 cestovanie bez prestupov. <\/strong><\/p>\n<p><em>\u201eRastie po\u010det cestuj\u00facich na linke sp\u00e1jaj\u00facej s Bratislavou Ro\u017e\u0148avu, Lu\u010denec, Detvu a\u00a0\u010fal\u0161ie mest\u00e1 na ju\u017enej trase. Ide o\u00a0potenci\u00e1l, ktor\u00fd chceme vyu\u017ei\u0165, a\u00a0preto u\u017e od leta zav\u00e1dzame do ponuky priame vlaky medzi Ko\u0161icami a\u00a0Bratislavou ju\u017enou trasou,\u201c <\/em>uviedol minister dopravy a\u00a0v\u00fdstavby Arp\u00e1d \u00c9rsek.<\/p>\n<p>Od letnej zmeny grafikonu bude ka\u017ed\u00fd druh\u00fd r\u00fdchlik smeruj\u00faci na Bansk\u00fa Bystricu vo Zvolene odklonen\u00fd na ju\u017en\u00fa trasu a\u00a0jeho trasa bude pred\u013a\u017een\u00e1 a\u017e do Ko\u0161\u00edc. Z\u00e1rove\u0148 bud\u00fa zabezpe\u010den\u00e9 aj pr\u00edpoje pre \u013eud\u00ed smeruj\u00facich do Banskej Bystrice, ktor\u00ed v\u0161ak na\u010falej bud\u00fa m\u00f4c\u0165 vyu\u017e\u00edva\u0165 aj priame spojenie s\u00a0Bratislavou, ke\u010f\u017ee \u0161tyri p\u00e1ry vlakov bud\u00fa aj na\u010falej smerova\u0165 priamo do Banskej Bystrice.<\/p>\n<p>Minister dopravy Arp\u00e1d \u00c9rsek dnes t\u00fato tra\u0165 absolvoval po\u010das pracovnej cesty vlakom. Na trati medzi Bratislavou a Moldavou na Bodvou minister okrem stretnutia s\u00a0cestuj\u00facou verejnos\u0165ou absolvuje aj nieko\u013eko rokovan\u00ed s\u00fa z\u00e1stupcami \u017delezn\u00edc Slovenskej republiky aj \u017delezni\u010dnej spolo\u010dnosti Slovensko.<\/p>\n","protected":false},"excerpt":{"rendered":"<p>R\u00fdchliky do Ko\u0161\u00edc bud\u00fa op\u00e4\u0165 jazdi\u0165 aj ju\u017enou trasou. Dnes o\u00a0tom priamo vo vlaku do Ko\u0161\u00edc informoval minister dopravy a\u00a0v\u00fdstavby Arp\u00e1d \u00c9rsek. Cestuj\u00faci na ju\u017enej trase medzi Bratislavou a\u00a0Ko\u0161icami tak bud\u00fa m\u00f4c\u0165 v\u00a0\u0161tyroch vlakoch denne vyu\u017ei\u0165 pohodln\u00e9 cestovanie bez prestupov. \u201eRastie po\u010det cestuj\u00facich na linke sp\u00e1jaj\u00facej s Bratislavou Ro\u017e\u0148avu, Lu\u010denec, Detvu a\u00a0\u010fal\u0161ie mest\u00e1 na ju\u017enej [&hellip;]<\/p>\n","protected":false},"author":7,"featured_media":78697,"comment_status":"closed","ping_status":"closed","sticky":false,"template":"","format":"standard","meta":{"footnotes":""},"categories":[13],"tags":[],"class_list":["post-78696","post","type-post","status-publish","format-standard","has-post-thumbnail","hentry","category-real-estate","eq-blocks"],"_links":{"self":[{"href":"https:\/\/www.slovaklinesmagazin.sk\/cms\/wp-json\/wp\/v2\/posts\/78696","targetHints":{"allow":["GET"]}}],"collection":[{"href":"https:\/\/www.slovaklinesmagazin.sk\/cms\/wp-json\/wp\/v2\/posts"}],"about":[{"href":"https:\/\/www.slovaklinesmagazin.sk\/cms\/wp-json\/wp\/v2\/types\/post"}],"author":[{"embeddable":true,"href":"https:\/\/www.slovaklinesmagazin.sk\/cms\/wp-json\/wp\/v2\/users\/7"}],"replies":[{"embeddable":true,"href":"https:\/\/www.slovaklinesmagazin.sk\/cms\/wp-json\/wp\/v2\/comments?post=78696"}],"version-history":[{"count":1,"href":"https:\/\/www.slovaklinesmagazin.sk\/cms\/wp-json\/wp\/v2\/posts\/78696\/revisions"}],"predecessor-version":[{"id":78698,"href":"https:\/\/www.slovaklinesmagazin.sk\/cms\/wp-json\/wp\/v2\/posts\/78696\/revisions\/78698"}],"wp:featuredmedia":[{"embeddable":true,"href":"https:\/\/www.slovaklinesmagazin.sk\/cms\/wp-json\/wp\/v2\/media\/78697"}],"wp:attachment":[{"href":"https:\/\/www.slovaklinesmagazin.sk\/cms\/wp-json\/wp\/v2\/media?parent=78696"}],"wp:term":[{"taxonomy":"category","embeddable":true,"href":"https:\/\/www.slovaklinesmagazin.sk\/cms\/wp-json\/wp\/v2\/categories?post=78696"},{"taxonomy":"post_tag","embeddable":true,"href":"https:\/\/www.slovaklinesmagazin.sk\/cms\/wp-json\/wp\/v2\/tags?post=78696"}],"curies":[{"name":"wp","href":"https:\/\/api.w.org\/{rel}","templated":true}]}}