{"id":79180,"date":"2017-06-01T10:40:14","date_gmt":"2017-06-01T08:40:14","guid":{"rendered":"http:\/\/slovaklinesmagazin.sk\/cms\/?p=79180"},"modified":"2017-06-01T10:42:43","modified_gmt":"2017-06-01T08:42:43","slug":"barokove-festivaly-v-ceskej-republike","status":"publish","type":"post","link":"https:\/\/www.slovaklinesmagazin.sk\/cms\/2017\/06\/barokove-festivaly-v-ceskej-republike\/","title":{"rendered":"Barokov\u00e9 festivaly v \u010ceskej republike"},"content":{"rendered":"<p>V\u00a0\u010ceskej republike m\u00f4\u017eete za\u017ei\u0165 barok v\u0161etk\u00fdmi zmyslami! Vydajte sa spozna\u0165 mystick\u00fa barokov\u00fa om\u0161u, ochutna\u0165 tradi\u010dn\u00e9 kol\u00e1\u010diky, vypo\u010du\u0165 si barokov\u00e9 skladby alebo obliec\u0165 si barokov\u00fd \u0161at. A\u00a0kam inam vyrazi\u0165 ne\u017e na niektor\u00fd z\u00a0barokov\u00fdch festivalov?<\/p>\n<p><strong>Festival Concentus Moraviae <\/strong><\/p>\n<ol start=\"3\">\n<li>j\u00fana \u2013 29.\u00a0j\u00fana, ju\u017en\u00e1 Morava<\/li>\n<\/ol>\n<p>Medzin\u00e1rodn\u00fd festival klasickej hudby <a href=\"http:\/\/www.kudyznudy.cz\/aktivity-a-akce\/akce\/mezinarodni-hudebni-festival-concentus-moraviae.aspx\">Concentus Moraviae<\/a> v\u00e1s zavedie na in\u0161pirat\u00edvne miesta ju\u017enej Moravy a\u00a0Vyso\u010diny, na ktor\u00fdch si vychutn\u00e1te bohat\u00fd hudobn\u00fd program v\u00a0historick\u00fdch kulis\u00e1ch z\u00e1mkov, kostolov a\u00a0synag\u00f3g. Tento ro\u010dn\u00edk je venovan\u00fd rozmanit\u00fdm form\u00e1m \u013eudsk\u00e9ho hlasu a\u00a0spevu: od chor\u00e1lu cez \u013eudov\u00fa hudbu a\u017e po barokov\u00fa operu alebo d\u017eez. Viac ako 30\u00a0koncertov sa uskuto\u010dn\u00ed v\u00a0dvoch desiatkach moravsk\u00fdch miest a\u00a0okrem dom\u00e1cich umelcov sa predstavia aj vych\u00fdren\u00e9 men\u00e1 svetovej hudobnej sc\u00e9ny, ako s\u00fa napr\u00edklad Marco Mencoboni so s\u00faborom Cantar Lontano.<\/p>\n<p>&nbsp;<\/p>\n<p><strong>Letn\u00fd barokov\u00fd festival 2017<\/strong><\/p>\n<ol start=\"16\">\n<li>j\u00fana \u2013 27.\u00a0augusta, Plzensk\u00fd kraj<\/li>\n<\/ol>\n<p>Barokov\u00e1 hudba sa v\u00a0priebehu letn\u00fdch mesiacov naplno rozoznie aj v\u00a0uliciach miest Plzensk\u00e9ho kraja. Okrem koncertov s\u00fa pripraven\u00e9 divadeln\u00e9 predstavenia, p\u00fatnick\u00e9 om\u0161e, v\u00fdstavy, tematick\u00e9 sl\u00e1vnosti, ochutn\u00e1vky barokov\u00fdch menu \u010di napr\u00edklad barokov\u00fd oh\u0148ostroj. Osem\u00a0hlavn\u00fdch sl\u00e1vnost\u00ed sa uskuto\u010dn\u00ed v\u00a0najv\u00fdznamnej\u0161\u00edch lokalit\u00e1ch kraja. M\u00f4\u017eete sa vybra\u0165 do Mari\u00e1nskej T\u00fdnice, do kl\u00e1\u0161tora Kladruby alebo <a href=\"http:\/\/www.kudyznudy.cz\/aktivity-a-akce\/akce\/letni-barokni-festival--plasy-.aspx\">Plasy<\/a>, na z\u00e1mok Man\u011bt\u00edn a\u00a0Hr\u00e1dek u\u00a0Su\u0161ice alebo do miest Tachov a\u00a0Klatovy. Pre n\u00e1v\u0161tevn\u00edkov bud\u00fa vypraven\u00e9 \u0161peci\u00e1lne autobusy s\u00a0n\u00e1stupom v\u00a0Plzni a\u00a0so\u00a0zast\u00e1vkami po trase. Pripraven\u00e9 s\u00fa aj zv\u00fdhodnen\u00e9 bal\u00ed\u010dky zah\u0155\u0148aj\u00face cestovn\u00e9 a\u00a0vstupn\u00e9.<\/p>\n<h6 style=\"text-align: center;\"><img decoding=\"async\" class=\"aligncenter\" src=\"http:\/\/slovaklinesmagazin.sk\/cms\/wp-content\/uploads\/2017\/06\/Marianska-Tynice_FOTO-Michal-Vit\u00e1sek-CzechTourism-1024x641.jpg\" \/>Marianska T\u00fdnica<br \/>\nFOTO Michal Vit\u00e1sek, CzechTourism<\/h6>\n<p><strong>\u201eBaroko Naoko\u201c v\u00a0barokovom komplexe Kuks<\/strong><\/p>\n<ol start=\"17\">\n<li>j\u00fala, hospital Kuks, Hradec Kr\u00e1lov\u00e9<\/li>\n<\/ol>\n<p>\u017div\u00e9 obrazy, barokov\u00fd jarmok, divadlo, vojensk\u00fd t\u00e1bor alebo dobov\u00e9 atrakcie pre deti \u2013 to v\u0161etko, ba e\u0161te ove\u013ea viac v\u00e1s \u010dak\u00e1 na barokov\u00fdch sl\u00e1vnostiach s\u00a0n\u00e1zvom Baroko Naoko. Uskuto\u010dnia sa v\u00a0\u010darovnom prostred\u00ed barokov\u00e9ho k\u00fape\u013en\u00e9ho are\u00e1lu a\u00a0<a href=\"http:\/\/www.kudyznudy.cz\/aktivity-a-akce\/akce\/barokni-den-v-kuksu.aspx\">Hospitalu Kuks<\/a> vo v\u00fdchodn\u00fdch \u010cech\u00e1ch. \u0160pit\u00e1l spozn\u00e1te v\u00a0takej podobe, ak\u00fa mal pred tromi storo\u010diami, v\u00a0\u010dase svojej najv\u00e4\u010d\u0161ej sl\u00e1vy. Prehliadky doplnia \u017eiv\u00e9 obrazy hercov v\u00a0kost\u00fdmoch a\u00a0uskuto\u010dnia sa aj ve\u010dern\u00e9 prehliadky.<\/p>\n<h6 style=\"text-align: center;\"><img decoding=\"async\" class=\"aligncenter\" src=\"http:\/\/slovaklinesmagazin.sk\/cms\/wp-content\/uploads\/2017\/06\/Kuks_FOTO-Ladislav-Renner-CzechTourism-1-1024x698-1024x698.jpg\" \/>Kuks<br \/>\nFOTO Ladislav Renner, CzechTourism<\/h6>\n<p><strong>Olomouck\u00e9 barokov\u00e9 sl\u00e1vnosti<\/strong><\/p>\n<ol start=\"6\">\n<li>j\u00fala \u2013 30.\u00a0j\u00fala, Olomouc<\/li>\n<\/ol>\n<p>V\u00a0Olomouci sa bud\u00fa kona\u0165 <a href=\"http:\/\/www.kudyznudy.cz\/aktivity-a-akce\/akce\/olomoucke-barokni-slavnosti--1-.aspx\">Olomouck\u00e9 barokov\u00e9 sl\u00e1vnosti<\/a>. Ka\u017ed\u00fd ve\u010der od pol siedmej sa v\u00a0Umeleckom centre UP v\u00a0Jezuitskom konvikte uskuto\u010dn\u00ed predstavenie p\u00f4sobiv\u00fdch barokov\u00fdch opier v\u00a0n\u00e1dhern\u00fdch kost\u00fdmoch a\u00a0dobov\u00fdch kulis\u00e1ch. Cez de\u0148 sa zasa m\u00f4\u017eete vyda\u0165 na tematick\u00e9 prehliadky mesta, mapuj\u00face olomouck\u00fd barok zo v\u0161etk\u00fdch str\u00e1n alebo si m\u00f4\u017eete pochutna\u0165 na \u0161es\u0165chodovom barokovom menu v\u00a0re\u0161taur\u00e1cii Atmosphere. Pripraven\u00e9 s\u00fa tie\u017e \u0161peci\u00e1lne ubytovacie bal\u00ed\u010dky, ktor\u00fdch cena zah\u0155\u0148a ubytovanie vo vybran\u00fdch hoteloch a\u00a0vstup na barokov\u00e9 predstavenie. Vstupenky na jednotliv\u00e9 podujatia je mo\u017en\u00e9 k\u00fapi\u0165 na internetov\u00fdch str\u00e1nkach usporiadate\u013ea.<\/p>\n<h6 style=\"text-align: center;\"><img decoding=\"async\" class=\"aligncenter\" src=\"http:\/\/slovaklinesmagazin.sk\/cms\/wp-content\/uploads\/2017\/06\/Olomouc\u201a-barokni-slavnosti-1-1024x683.jpg\" \/>Olomouc\u201a barokov\u00e9 sl\u00e1vnosti<\/h6>\n<p><strong>Dni barokovej trad\u00edcie v\u00a0Litomy\u0161li<\/strong><\/p>\n<ol start=\"13\">\n<li>augusta \u2013 20.\u00a0augusta, Litomy\u0161l<\/li>\n<\/ol>\n<p>O\u00a0tom, \u017ee barok neznamen\u00e1 len hudbu, tanec a\u00a0vesel\u00fa z\u00e1bavu, sa presved\u010d\u00edte na duchovno-kult\u00farnom festivale v\u00a0<a href=\"http:\/\/www.kudyznudy.cz\/aktivity-a-akce\/akce\/litomyslske-dny-barokni-tradice.aspx\">Litomy\u0161li<\/a>. Ten chce \u013eu\u010fom pribl\u00ed\u017ei\u0165 barokov\u00fa zbo\u017enos\u0165 a\u00a0spiritualitu a\u00a0pouk\u00e1za\u0165 na dedi\u010dstvo, ktor\u00e9 zanechali v\u00a0\u010deskej kult\u00fare. Na programe s\u00fa jednak duchovn\u00e9, jednak v\u00fdlu\u010dne kult\u00farne podujatia a\u00a0na v\u0161etky je vstup zdarma. \u010cakaj\u00fa v\u00e1s barokov\u00e9 om\u0161e, p\u00fate, komentovan\u00e9 prehliadky chr\u00e1mov, tematick\u00e9 predn\u00e1\u0161ky alebo koncerty. Po\u010das cel\u00e9ho festivalu bude otvoren\u00e1 v\u00fdstava barokovej liturgie v\u00a0budove prepo\u0161tstva.<\/p>\n<h6 style=\"text-align: center;\"><img decoding=\"async\" class=\"aligncenter\" src=\"http:\/\/slovaklinesmagazin.sk\/cms\/wp-content\/uploads\/2017\/06\/Litomysl_FOTO-Libor-Sv\u00e1\u010dek-CzechTourism-1-1024x684.jpg\" \/>Litomy\u0161l<br \/>\nFOTO Libor Sv\u00e1\u010dek, CzechTourism<\/h6>\n<p>&nbsp;<\/p>\n<p><strong>Objavujte \u010cesko a vyberte si z viac ako 40 000 mo\u017enost\u00ed, kde v \u010cesku str\u00e1vi\u0165 v\u00edkend alebo dovolenku. In\u0161pirujte sa na str\u00e1nke <\/strong><a href=\"http:\/\/www.kudyznudy.cz\"><strong>www.kudyznudy.cz<\/strong><\/a><\/p>\n<p>&nbsp;<\/p>\n","protected":false},"excerpt":{"rendered":"<p>V\u00a0\u010ceskej republike m\u00f4\u017eete za\u017ei\u0165 barok v\u0161etk\u00fdmi zmyslami! Vydajte sa spozna\u0165 mystick\u00fa barokov\u00fa om\u0161u, ochutna\u0165 tradi\u010dn\u00e9 kol\u00e1\u010diky, vypo\u010du\u0165 si barokov\u00e9 skladby alebo obliec\u0165 si barokov\u00fd \u0161at. A\u00a0kam inam vyrazi\u0165 ne\u017e na niektor\u00fd z\u00a0barokov\u00fdch festivalov? Festival Concentus Moraviae j\u00fana \u2013 29.\u00a0j\u00fana, ju\u017en\u00e1 Morava Medzin\u00e1rodn\u00fd festival klasickej hudby Concentus Moraviae v\u00e1s zavedie na in\u0161pirat\u00edvne miesta ju\u017enej Moravy a\u00a0Vyso\u010diny, [&hellip;]<\/p>\n","protected":false},"author":7,"featured_media":79186,"comment_status":"closed","ping_status":"closed","sticky":false,"template":"","format":"standard","meta":{"footnotes":""},"categories":[13,45,11,53,48],"tags":[],"class_list":["post-79180","post","type-post","status-publish","format-standard","has-post-thumbnail","hentry","category-real-estate","category-nas-tip","category-news","category-ponuky","category-umenie-a-kultura","eq-blocks"],"_links":{"self":[{"href":"https:\/\/www.slovaklinesmagazin.sk\/cms\/wp-json\/wp\/v2\/posts\/79180","targetHints":{"allow":["GET"]}}],"collection":[{"href":"https:\/\/www.slovaklinesmagazin.sk\/cms\/wp-json\/wp\/v2\/posts"}],"about":[{"href":"https:\/\/www.slovaklinesmagazin.sk\/cms\/wp-json\/wp\/v2\/types\/post"}],"author":[{"embeddable":true,"href":"https:\/\/www.slovaklinesmagazin.sk\/cms\/wp-json\/wp\/v2\/users\/7"}],"replies":[{"embeddable":true,"href":"https:\/\/www.slovaklinesmagazin.sk\/cms\/wp-json\/wp\/v2\/comments?post=79180"}],"version-history":[{"count":2,"href":"https:\/\/www.slovaklinesmagazin.sk\/cms\/wp-json\/wp\/v2\/posts\/79180\/revisions"}],"predecessor-version":[{"id":79188,"href":"https:\/\/www.slovaklinesmagazin.sk\/cms\/wp-json\/wp\/v2\/posts\/79180\/revisions\/79188"}],"wp:featuredmedia":[{"embeddable":true,"href":"https:\/\/www.slovaklinesmagazin.sk\/cms\/wp-json\/wp\/v2\/media\/79186"}],"wp:attachment":[{"href":"https:\/\/www.slovaklinesmagazin.sk\/cms\/wp-json\/wp\/v2\/media?parent=79180"}],"wp:term":[{"taxonomy":"category","embeddable":true,"href":"https:\/\/www.slovaklinesmagazin.sk\/cms\/wp-json\/wp\/v2\/categories?post=79180"},{"taxonomy":"post_tag","embeddable":true,"href":"https:\/\/www.slovaklinesmagazin.sk\/cms\/wp-json\/wp\/v2\/tags?post=79180"}],"curies":[{"name":"wp","href":"https:\/\/api.w.org\/{rel}","templated":true}]}}