{"id":79538,"date":"2017-06-27T15:32:08","date_gmt":"2017-06-27T13:32:08","guid":{"rendered":"http:\/\/slovaklinesmagazin.sk\/cms\/?p=79538"},"modified":"2017-06-27T15:32:48","modified_gmt":"2017-06-27T13:32:48","slug":"79538","status":"publish","type":"post","link":"https:\/\/www.slovaklinesmagazin.sk\/cms\/2017\/06\/79538\/","title":{"rendered":"Fotograf Filip Kulisev vystavoval svoje diela na Severnom p\u00f3le"},"content":{"rendered":"<p>Bratislava\/Murmansk 22. j\u00fana (TASR) &#8211; Fotograf a cestovate\u013e Filip Kulisev mal v stredu 21. j\u00fana v\u00fdstavu na doteraz najnetradi\u010dnej\u0161om mieste. Svoje diela uk\u00e1zal na najsevernej\u0161om bode plan\u00e9ty, priamo na Severnom p\u00f3le.\u00a0<em>&#8222;Ak berieme, \u017ee oba p\u00f3ly, Mari\u00e1nska priekopa a Mount Everest s\u00fa hrani\u010dn\u00fdmi bodmi na\u0161ej plan\u00e9ty, tak Severn\u00fd p\u00f3l je prv\u00fd z nich, ktor\u00fd sa mi podarilo nav\u0161t\u00edvi\u0165.&#8220;<\/em>\u00a0uviedol pre TASR Filip Kulisev. Na Severnom p\u00f3le vystavil 22 diel, medzi ktor\u00fdmi boli zast\u00fapen\u00e9 v\u0161etky kontinenty.<\/p>\n<p style=\"text-align: center;\"><img loading=\"lazy\" decoding=\"async\" class=\"aligncenter\" src=\"http:\/\/slovaklinesmagazin.sk\/cms\/wp-content\/uploads\/2017\/06\/Z2B0674-1024x683.jpg\" width=\"852\" height=\"568\" \/><\/p>\n<p>Do v\u00fdberu sa dostali n\u00e1rodn\u00e9 parky z Tanz\u00e1nie, Havajsk\u00fdch ostrovov, neuverite\u013en\u00fd pr\u00edrodn\u00fd v\u00fd ;tvor v tvare srdca v mangrovn\u00edkov\u00fdch porastoch Novej Kaled\u00f3nie \u010di pr\u00edrodn\u00e9 kr\u00e1sy seversk\u00fdch oblast\u00ed Gr\u00f3nska, Islandu a \u0160picbergov. Nech\u00fdbalo ani Slovensko, ktor\u00e9 bolo zast\u00fapen\u00e9 Spi\u0161sk\u00fdm hradom. Na najsevernej\u0161om bode Zeme dokonca podpisoval limitovan\u00fa verziu svojej poslednej knihy Element. Kulisev nav\u0161t\u00edvil Severn\u00fd p\u00f3l v r\u00e1mci exped\u00edcie organizovanej spolo\u010dnos\u0165ou Poseidon Expeditions.<\/p>\n<p><em>&#8222;Severn\u00fd p\u00f3l je magick\u00e9 miesto. Pri\u0161li sme po\u010das najdlh\u0161ieho d\u0148a na svete, ktor\u00fd trv\u00e1 presne pol roka. Potom ho na rovnak\u00e9 obdobie vystrieda pol\u00e1rna noc. Zauj\u00edmavos\u0165ou miesta, kde sa stret\u00e1vaj\u00fa v\u0161etky poludn\u00edky, je aj to, \u017ee kamko\u013evek sa z neho vyberiete, idete na juh,&#8220;<\/em>\u00a0kon\u0161tatoval fotograf a cestovate\u013e, ktor\u00fd sa na Severn\u00fd p\u00f3l dostal s najsilnej\u0161\u00edm a najv\u00e4\u010d\u0161\u00edm jadrov\u00fdm \u013eadoborcom na svete \u201c50 Years of Victory\u201d.<\/p>\n<p>Tento kolos m\u00e1 impozantn\u00e9 rozmery. Pri d\u013a\u017eke 160 metrov dok\u00e1\u017eu dva jadrov\u00e9 reaktory vyvin\u00fa\u0165 silu 75.000 kon\u00ed.\u00a0<em>&#8222;Medzi oboma trupmi lode je voda, ktor\u00fa mo\u017eno v\u010faka d\u00f4myselnej kon\u0161trukcii pod\u013ea potreby pre\u010derp\u00e1va\u0165 do r\u00f4znych jej \u010dast\u00ed, a tak zlep\u0161i\u0165 \u013eadoborn\u00e9 schopnosti. Lo\u010f m\u00e1 netradi\u010dn\u00fd, ly\u017eicov\u00fd tvar a dok\u00e1\u017ee vlastnou v\u00e1hou prelomi\u0165 \u013ead hrub\u00fd a\u017e osem metrov. Okrem toho ju kon\u0161trukt\u00e9ri zostrojili tak, aby nepretr\u017eite fungovala \u0161tyri roky. To ma upokojilo, ak by sme v\u0161etko nestihli po\u010das pl\u00e1novan\u00fdch 12 dn\u00ed,&#8220;<\/em>\u00a0poznamenal s t\u00fdm, \u017ee kr\u00e1tky pobyt na Severnom p\u00f3le okorenili aj nev\u0161edn\u00e9 plaveck\u00e9 v\u00fdkony.\u00a0<em>&#8222;Aj na Severnom p\u00f3le sa d\u00e1 k\u00fapa\u0165. Voda mala 1,8 \u00b0C pod nulou a vysk\u00fa\u0161ala ju aj moja man\u017eelka Zuzka,&#8220;<\/em>\u00a0dodal Filip.<\/p>\n<p style=\"text-align: center;\"><img loading=\"lazy\" decoding=\"async\" class=\"aligncenter\" src=\"http:\/\/slovaklinesmagazin.sk\/cms\/wp-content\/uploads\/2017\/06\/Z2B0740-1024x515.jpg\" width=\"851\" height=\"428\" \/><\/p>\n<p style=\"text-align: left;\">Viceprezident spolo\u010dnosti Poseidon Expedition Jan Bryde je nad\u0161en\u00fd spolupr\u00e1cou s Filipom a Zuzanou. <em>&#8222;<\/em><em>Mal som to pote\u0161enie stretn\u00fa\u0165 sa s Filipom a Zuzanou minul\u00fd rok a po tom, \u010do som videl ich fantastick\u00fa pr\u00e1cu a spoznal ich \u00fa\u017easn\u00e9 osobnosti<\/em><em> dohodli sme sa na viacer\u00fdch spolo\u010dn\u00fdch projektoch. Filip bude foti\u0165 pol\u00e1rne oblasti v Arkt\u00edde a Antarkt\u00edde na na\u0161ich exped\u00edciach. Tieto fotografie budeme prezentova\u0165 na v\u00fdstav\u00e1ch po celom svete. <\/em><em>Poseidon Expeditions je ve\u013emi hrd\u00fd a te\u0161\u00edme sa na na\u0161u spolupr\u00e1cu<\/em><em>&#8220;\u00a0<\/em>dodal Bryde.<\/p>\n<p>Filip Kulisev, Master QEP, FBIPP, sa za uplynul\u00e9 desa\u0165ro\u010die prepracoval do svetovej \u0161pi\u010dky vo fotografovan\u00ed pr\u00edrodn\u00fdch scen\u00e9ri\u00ed. Absolvoval takmer 200 individu\u00e1lnych v\u00fdstav na Slovensku a po celom svete. Vydal osem kn\u00edh, ktor\u00e9 ukazuj\u00fa n\u00e1dheru, rozmanitos\u0165 pr\u00edrody a rozpr\u00e1vaj\u00fa aj jeho pr\u00edbehy z ciest. Ako jeden z dvoch fotografov na svete z\u00edskal najvy\u0161\u0161\u00ed eur\u00f3psky titul Master QEP (Qualified European Professional Photographer) v kateg\u00f3rii pr\u00edroda a z\u00e1rove\u0148 aj najvy\u0161\u0161\u00ed titul Fellowship od britsk\u00e9ho in\u0161tit\u00fatu profesion\u00e1lnych fotografov. H\u013ead\u00e1 kr\u00e1sne a unik\u00e1tne miesta na Zemi, ktor\u00e9 prostredn\u00edctvom fotografi\u00ed prin\u00e1\u0161a milovn\u00edkom pr\u00edrody na Slovensku aj vo svete. Chce tak prispie\u0165 k ochrane biodiverzity a pr\u00edrodn\u00e9ho bohatstva plan\u00e9ty. Patr\u00ed k milovn\u00edkom pr\u00edrody a podporuje aktivity na jej ochranu aj pre bud\u00face gener\u00e1cie.<\/p>\n<p style=\"text-align: center;\"><img loading=\"lazy\" decoding=\"async\" class=\"aligncenter\" src=\"http:\/\/slovaklinesmagazin.sk\/cms\/wp-content\/uploads\/2017\/06\/0M4A7306-1024x561.jpg\" width=\"852\" height=\"467\" \/><\/p>\n","protected":false},"excerpt":{"rendered":"<p>Bratislava\/Murmansk 22. j\u00fana (TASR) &#8211; Fotograf a cestovate\u013e Filip Kulisev mal v stredu 21. j\u00fana v\u00fdstavu na doteraz najnetradi\u010dnej\u0161om mieste. Svoje diela uk\u00e1zal na najsevernej\u0161om bode plan\u00e9ty, priamo na Severnom p\u00f3le.\u00a0&#8222;Ak berieme, \u017ee oba p\u00f3ly, Mari\u00e1nska priekopa a Mount Everest s\u00fa hrani\u010dn\u00fdmi bodmi na\u0161ej plan\u00e9ty, tak Severn\u00fd p\u00f3l je prv\u00fd z nich, ktor\u00fd sa mi [&hellip;]<\/p>\n","protected":false},"author":7,"featured_media":79539,"comment_status":"closed","ping_status":"closed","sticky":false,"template":"","format":"standard","meta":{"footnotes":""},"categories":[13,5,48],"tags":[],"class_list":["post-79538","post","type-post","status-publish","format-standard","has-post-thumbnail","hentry","category-real-estate","category-celebrity-magazine","category-umenie-a-kultura","eq-blocks"],"_links":{"self":[{"href":"https:\/\/www.slovaklinesmagazin.sk\/cms\/wp-json\/wp\/v2\/posts\/79538","targetHints":{"allow":["GET"]}}],"collection":[{"href":"https:\/\/www.slovaklinesmagazin.sk\/cms\/wp-json\/wp\/v2\/posts"}],"about":[{"href":"https:\/\/www.slovaklinesmagazin.sk\/cms\/wp-json\/wp\/v2\/types\/post"}],"author":[{"embeddable":true,"href":"https:\/\/www.slovaklinesmagazin.sk\/cms\/wp-json\/wp\/v2\/users\/7"}],"replies":[{"embeddable":true,"href":"https:\/\/www.slovaklinesmagazin.sk\/cms\/wp-json\/wp\/v2\/comments?post=79538"}],"version-history":[{"count":2,"href":"https:\/\/www.slovaklinesmagazin.sk\/cms\/wp-json\/wp\/v2\/posts\/79538\/revisions"}],"predecessor-version":[{"id":79544,"href":"https:\/\/www.slovaklinesmagazin.sk\/cms\/wp-json\/wp\/v2\/posts\/79538\/revisions\/79544"}],"wp:featuredmedia":[{"embeddable":true,"href":"https:\/\/www.slovaklinesmagazin.sk\/cms\/wp-json\/wp\/v2\/media\/79539"}],"wp:attachment":[{"href":"https:\/\/www.slovaklinesmagazin.sk\/cms\/wp-json\/wp\/v2\/media?parent=79538"}],"wp:term":[{"taxonomy":"category","embeddable":true,"href":"https:\/\/www.slovaklinesmagazin.sk\/cms\/wp-json\/wp\/v2\/categories?post=79538"},{"taxonomy":"post_tag","embeddable":true,"href":"https:\/\/www.slovaklinesmagazin.sk\/cms\/wp-json\/wp\/v2\/tags?post=79538"}],"curies":[{"name":"wp","href":"https:\/\/api.w.org\/{rel}","templated":true}]}}