{"id":79562,"date":"2017-06-30T09:20:01","date_gmt":"2017-06-30T07:20:01","guid":{"rendered":"http:\/\/slovaklinesmagazin.sk\/cms\/?p=79562"},"modified":"2017-06-30T09:20:01","modified_gmt":"2017-06-30T07:20:01","slug":"sutaz-do-skoly-na-bicykli-pozna-vitazov","status":"publish","type":"post","link":"https:\/\/www.slovaklinesmagazin.sk\/cms\/2017\/06\/sutaz-do-skoly-na-bicykli-pozna-vitazov\/","title":{"rendered":"S\u00fa\u0165a\u017e Do \u0161koly na bicykli pozn\u00e1 v\u00ed\u0165azov"},"content":{"rendered":"<p><strong>Viac ako 6400 \u017eiakov matersk\u00fdch, z\u00e1kladn\u00fdch a\u00a0stredn\u00fdch \u0161k\u00f4l sa akt\u00edvne z\u00fa\u010dastnilo 2. ro\u010dn\u00edka celon\u00e1rodnej kampane Do \u0161koly na bicykli. Jej cie\u013eom je pril\u00e1ka\u0165 mlad\u00fa gener\u00e1ciu hravou formou k\u00a0\u010dastej\u0161iemu vyu\u017e\u00edvaniu tohto dopravn\u00e9ho prostriedku. \u017diaci a\u00a0\u0161tudenti po\u010das s\u00fa\u0165a\u017ee, ktor\u00e1 trvala od 12. do 16. j\u00fana, urobili 21\u00a0602 j\u00e1zd a\u00a0najazdili 50-tis\u00edc kilometrov. Podobne, ako pri kampani Do pr\u00e1ce na bicykli, aj tento projekt l\u00e1mal rekordn\u00e9 \u010d\u00edsla, \u010di u\u017e v\u00a0po\u010dte najazden\u00fdch kilometrov alebo v po\u010dte z\u00fa\u010dastnen\u00fdch.<\/strong><\/p>\n<p style=\"text-align: center;\"><a href=\"http:\/\/slovaklinesmagazin.sk\/cms\/wp-content\/uploads\/2017\/06\/Foto_2.jpg\"><img decoding=\"async\" class=\"aligncenter\" src=\"http:\/\/slovaklinesmagazin.sk\/cms\/wp-content\/uploads\/2017\/06\/Foto_2.jpg\" \/><\/a><\/p>\n<p>\u201eKampa\u0148 uk\u00e1zala, \u017ee z\u00e1ujem mladej gener\u00e1cie o\u00a0tento zdrav\u00fd druh dopravy je ve\u013ek\u00fd. Tak\u00e9to s\u00fa\u0165a\u017ee s\u00fa d\u00f4le\u017eit\u00e9, lebo poukazuj\u00fa aj na to, \u017ee komunik\u00e1cie zdie\u013eame spolo\u010dne \u2013 motoristi, prostriedky verejnej dopravy, chodci, cyklisti. Je preto d\u00f4le\u017eit\u00e9, aby sme sa na cest\u00e1ch navz\u00e1jom re\u0161pektovali,\u201c povedal minister dopravy a\u00a0v\u00fdstavby SR Arp\u00e1d \u00c9rsek.<\/p>\n<p style=\"text-align: center;\"><a href=\"http:\/\/slovaklinesmagazin.sk\/cms\/wp-content\/uploads\/2017\/06\/Foto_1.jpg\"><img loading=\"lazy\" decoding=\"async\" class=\"aligncenter\" src=\"http:\/\/slovaklinesmagazin.sk\/cms\/wp-content\/uploads\/2017\/06\/Foto_1.jpg\" width=\"994\" height=\"559\" \/><\/a><\/p>\n<p>Akt\u00edvne zapojenie \u017eiakov spo\u010d\u00edvalo jednak v\u00a0samotnej jazde na bicykli do \u0161koly, ale tie\u017e v\u00a0kreslen\u00ed n\u00e1vrhov zobrazuj\u00facich okolie \u0161koly, ktor\u00e9 je priate\u013esk\u00e9 pre cyklistov a\u00a0pe\u0161\u00edch. V\u00a0r\u00e1mci kateg\u00f3rie \u201eakt\u00edvne doch\u00e1dzanie na bicykli do \u0161koly\u201c zv\u00ed\u0165azili \u017eiaci z\u00a0Borsk\u00e9ho Mikul\u00e1\u0161a, ktor\u00ed vykonali a\u017e 1161 j\u00e1zd.<br \/>\nNa druhom mieste, s\u00a0po\u010dtom j\u00e1zd 763, skon\u010dili \u0161kol\u00e1ci z\u00a0Ve\u013ek\u00e9ho \u0160ari\u0161a, ako tretia skon\u010dila Z\u00e1kladn\u00e1 \u0161kola v Belu\u0161i s\u00a0viac ako 670 jazdami. V\u00a0s\u00fa\u0165a\u017ei aktiv\u00edt a\u00a0n\u00e1vrhov, ktor\u00e9 boli ohodnoten\u00e9 po\u010dtom lajkov na Facebooku, zv\u00ed\u0165azili \u0161kol\u00e1ci z\u00a0M\u00fatneho, na druhom mieste sa umiestnila Z\u00e1kladn\u00e1 \u0161kola v obci Udavsk\u00e9. N\u00e1vrh \u017eiakov z\u00a0Kluknavy z\u00edskal tretie miesto.<\/p>\n<p style=\"text-align: center;\"><a href=\"http:\/\/slovaklinesmagazin.sk\/cms\/wp-content\/uploads\/2017\/06\/Foto_4.jpg\"><img decoding=\"async\" class=\"aligncenter\" src=\"http:\/\/slovaklinesmagazin.sk\/cms\/wp-content\/uploads\/2017\/06\/Foto_4.jpg\" \/><\/a><\/p>\n<p>Rezort dopravy, ktor\u00fd je s\u00fa\u010dasne vyhlasovate\u013eom tejto s\u00fa\u0165a\u017ee, odovzd\u00e1 v\u00ed\u0165azom ceny v\u00a0podobe cyklistick\u00fdch stojanov a\u00a0bicyklov pre najakt\u00edvnej\u0161\u00edch \u017eiakov.<\/p>\n","protected":false},"excerpt":{"rendered":"<p>Viac ako 6400 \u017eiakov matersk\u00fdch, z\u00e1kladn\u00fdch a\u00a0stredn\u00fdch \u0161k\u00f4l sa akt\u00edvne z\u00fa\u010dastnilo 2. ro\u010dn\u00edka celon\u00e1rodnej kampane Do \u0161koly na bicykli. Jej cie\u013eom je pril\u00e1ka\u0165 mlad\u00fa gener\u00e1ciu hravou formou k\u00a0\u010dastej\u0161iemu vyu\u017e\u00edvaniu tohto dopravn\u00e9ho prostriedku. \u017diaci a\u00a0\u0161tudenti po\u010das s\u00fa\u0165a\u017ee, ktor\u00e1 trvala od 12. do 16. j\u00fana, urobili 21\u00a0602 j\u00e1zd a\u00a0najazdili 50-tis\u00edc kilometrov. Podobne, ako pri kampani Do pr\u00e1ce [&hellip;]<\/p>\n","protected":false},"author":7,"featured_media":79563,"comment_status":"closed","ping_status":"closed","sticky":false,"template":"","format":"standard","meta":{"footnotes":""},"categories":[56,14,44],"tags":[],"class_list":["post-79562","post","type-post","status-publish","format-standard","has-post-thumbnail","hentry","category-priroda","category-sport","category-zdravie","eq-blocks"],"_links":{"self":[{"href":"https:\/\/www.slovaklinesmagazin.sk\/cms\/wp-json\/wp\/v2\/posts\/79562","targetHints":{"allow":["GET"]}}],"collection":[{"href":"https:\/\/www.slovaklinesmagazin.sk\/cms\/wp-json\/wp\/v2\/posts"}],"about":[{"href":"https:\/\/www.slovaklinesmagazin.sk\/cms\/wp-json\/wp\/v2\/types\/post"}],"author":[{"embeddable":true,"href":"https:\/\/www.slovaklinesmagazin.sk\/cms\/wp-json\/wp\/v2\/users\/7"}],"replies":[{"embeddable":true,"href":"https:\/\/www.slovaklinesmagazin.sk\/cms\/wp-json\/wp\/v2\/comments?post=79562"}],"version-history":[{"count":1,"href":"https:\/\/www.slovaklinesmagazin.sk\/cms\/wp-json\/wp\/v2\/posts\/79562\/revisions"}],"predecessor-version":[{"id":79567,"href":"https:\/\/www.slovaklinesmagazin.sk\/cms\/wp-json\/wp\/v2\/posts\/79562\/revisions\/79567"}],"wp:featuredmedia":[{"embeddable":true,"href":"https:\/\/www.slovaklinesmagazin.sk\/cms\/wp-json\/wp\/v2\/media\/79563"}],"wp:attachment":[{"href":"https:\/\/www.slovaklinesmagazin.sk\/cms\/wp-json\/wp\/v2\/media?parent=79562"}],"wp:term":[{"taxonomy":"category","embeddable":true,"href":"https:\/\/www.slovaklinesmagazin.sk\/cms\/wp-json\/wp\/v2\/categories?post=79562"},{"taxonomy":"post_tag","embeddable":true,"href":"https:\/\/www.slovaklinesmagazin.sk\/cms\/wp-json\/wp\/v2\/tags?post=79562"}],"curies":[{"name":"wp","href":"https:\/\/api.w.org\/{rel}","templated":true}]}}