{"id":79916,"date":"2017-08-14T13:19:25","date_gmt":"2017-08-14T11:19:25","guid":{"rendered":"http:\/\/slovaklinesmagazin.sk\/cms\/?p=79916"},"modified":"2017-08-14T13:19:49","modified_gmt":"2017-08-14T11:19:49","slug":"honda-odhalila-sviezi-vzhlad-a-moznost-volby-noveho-motora-pre-jazz","status":"publish","type":"post","link":"https:\/\/www.slovaklinesmagazin.sk\/cms\/2017\/08\/honda-odhalila-sviezi-vzhlad-a-moznost-volby-noveho-motora-pre-jazz\/","title":{"rendered":"HONDA ODHALILA SVIE\u017dI VZH\u013dAD A MO\u017dNOS\u0164 VO\u013dBY NOV\u00c9HO MOTORA PRE JAZZ"},"content":{"rendered":"<p>\u0160portovej\u0161ie \u0161t\u00fdlov\u00e9 \u00fapravy exteri\u00e9ru a nov\u00e9 \u0161pecifik\u00e1cie triedy Dynamic &#8211;\u00a0Jazz je prv\u00fdkr\u00e1t dostupn\u00fd s benz\u00ednov\u00fdm motorom s v\u00fdkonom 130\u00a0kon\u00ed &#8211;\u00a0Zachov\u00e1va si bezkonkuren\u010dn\u00fa v\u0161estrannos\u0165 a prvotriedny priestor pre cestuj\u00facich<\/p>\n<p>Nov\u00fd vzh\u013ead automobilu Honda Jazz bol odhalen\u00fd e\u0161te pred frankfurtsk\u00fdm autosal\u00f3nom 2017. Okrem \u0161t\u00fdlov\u00fdch \u00faprav exteri\u00e9ru a dizajnu interi\u00e9ru sa nov\u00fd Jazz bude prv\u00fdkr\u00e1t v Eur\u00f3pe dod\u00e1va\u0165 aj s 1,5-litrov\u00fdm benz\u00ednov\u00fdm motorom i-VTEC s v\u00fdkonom 130\u00a0kon\u00ed (96\u00a0kW).<\/p>\n<p style=\"text-align: center;\"><a href=\"http:\/\/slovaklinesmagazin.sk\/cms\/wp-content\/uploads\/2017\/08\/112159_HONDA_REVEALS_FRESH_LOOK_AND_NEW_ENGINE_OPTION_FOR_JAZZ_SUPERMINI.jpg\"><img decoding=\"async\" class=\"aligncenter\" src=\"http:\/\/slovaklinesmagazin.sk\/cms\/wp-content\/uploads\/2017\/08\/112159_HONDA_REVEALS_FRESH_LOOK_AND_NEW_ENGINE_OPTION_FOR_JAZZ_SUPERMINI.jpg\" \/><\/a><\/p>\n<p>Zmenami exteri\u00e9ru sa Jazz zara\u010fuje do najnov\u0161ieho \u0161t\u00fdlu rodiny Honda vr\u00e1tane pou\u017eitia mot\u00edvu kr\u00eddla na svetlometoch a prednej maske. Ostro tvarovan\u00fd predn\u00fd n\u00e1razn\u00edk m\u00e1 okolo vzduchov\u00fdch prieduchov agres\u00edvnej\u0161ie kont\u00fary. Plyt\u0161ie sekcie zadnej masky s\u00fa nad lichobe\u017en\u00edkovou spodnou sekciu prepojen\u00e9 lesklou \u010diernou ozdobnou li\u0161tou. Moderniz\u00e1cia prvkov exteri\u00e9ru je doplnen\u00e1 mo\u017enos\u0165ou v\u00fdberu novej metal\u00edzy Skyride Blue.<\/p>\n<p style=\"text-align: center;\"><a href=\"http:\/\/slovaklinesmagazin.sk\/cms\/wp-content\/uploads\/2017\/08\/112162_HONDA_REVEALS_FRESH_LOOK_AND_NEW_ENGINE_OPTION_FOR_JAZZ_SUPERMINI.jpg\"><img decoding=\"async\" class=\"aligncenter\" src=\"http:\/\/slovaklinesmagazin.sk\/cms\/wp-content\/uploads\/2017\/08\/112162_HONDA_REVEALS_FRESH_LOOK_AND_NEW_ENGINE_OPTION_FOR_JAZZ_SUPERMINI.jpg\" \/><\/a><\/p>\n<p>V benz\u00ednovom motore Hondy sa sn\u00fabi vysok\u00fd v\u00fdkon 130\u00a0kon\u00ed s n\u00edzkou spotrebou paliva a motor sp\u013a\u0148a pr\u00edsne emisn\u00e9 normy Euro\u00a06. Jeho spotreba dosahuje <strong>5,4<\/strong>\u00a0l\/100\u00a0km a emisie CO<sub>2<\/sub> od <strong>124<\/strong>\u00a0g\/km s volite\u013enou automatickou prevodovkou CVT. Samotn\u00fd syst\u00e9m CVT bol prepracovan\u00fd tak, aby pri zr\u00fdch\u013eovan\u00ed poskytoval line\u00e1rnej\u0161iu a kultivovanej\u0161iu odozvu.<\/p>\n<p style=\"text-align: center;\"><a href=\"http:\/\/slovaklinesmagazin.sk\/cms\/wp-content\/uploads\/2017\/08\/112164_HONDA_REVEALS_FRESH_LOOK_AND_NEW_ENGINE_OPTION_FOR_JAZZ_SUPERMINI.jpg\"><img decoding=\"async\" class=\"aligncenter\" src=\"http:\/\/slovaklinesmagazin.sk\/cms\/wp-content\/uploads\/2017\/08\/112164_HONDA_REVEALS_FRESH_LOOK_AND_NEW_ENGINE_OPTION_FOR_JAZZ_SUPERMINI.jpg\" \/><\/a><\/p>\n<p>Benz\u00ednov\u00fd motor s v\u00fdkonom 130 kon\u00ed sa dod\u00e1va v r\u00e1mci novej triedy Dynamic, ktor\u00e1 sa vyzna\u010duje ten\u0161\u00edm predn\u00fdm predelom pod spodnou maskou a difuz\u00e9rom s trojit\u00fdm usmer\u0148ova\u010dom k zadn\u00e9mu n\u00e1razn\u00edku. Oba tieto prvky s\u00fa ukon\u010den\u00e9 \u0161portovou \u010dervenou zv\u00fdraz\u0148uj\u00facou linkou. Do v\u00fdbavy triedy Dynamic patria aj svetlomety LED, predn\u00e9 hmlov\u00e9 svetl\u00e1, obruby bo\u010dn\u00fdch prahov, spojler zadn\u00fdch dver\u00ed a leskl\u00e9 \u010dierne zliatinov\u00e9 disky 185\/55 R16. Interi\u00e9r je vybaven\u00fd jedine\u010dn\u00fdm pr\u00fa\u017ekovan\u00fdm \u010dal\u00fanen\u00edm. Volant a\u00a0radiaca p\u00e1ka s\u00fa potiahnut\u00e9 ko\u017eou. V\u0161etko je zv\u00fdraznen\u00e9 oran\u017eov\u00fdm \u0161vom.<\/p>\n<p style=\"text-align: center;\"><a href=\"http:\/\/slovaklinesmagazin.sk\/cms\/wp-content\/uploads\/2017\/08\/112161_HONDA_REVEALS_FRESH_LOOK_AND_NEW_ENGINE_OPTION_FOR_JAZZ_SUPERMINI.jpg\"><img decoding=\"async\" class=\"aligncenter\" src=\"http:\/\/slovaklinesmagazin.sk\/cms\/wp-content\/uploads\/2017\/08\/112161_HONDA_REVEALS_FRESH_LOOK_AND_NEW_ENGINE_OPTION_FOR_JAZZ_SUPERMINI.jpg\" \/><\/a><\/p>\n<p>Nov\u00e1 Honda Jazz si uchov\u00e1va v\u00fdnimo\u010dn\u00fa v\u0161estrannos\u0165 predch\u00e1dzaj\u00faceho modelu vr\u00e1tane bato\u017einov\u00e9ho priestoru s objemom 354\u00a0litrov (a\u017e 897\u00a0litrov pri sklopen\u00fdch zadn\u00fdch sedadl\u00e1ch) a prvotriedneho priestoru pre cestuj\u00facich. Syst\u00e9m Magic Seat od spolo\u010dnosti Honda s mimoriadne praktick\u00fdm delen\u00edm v pomere 60:40 umo\u017e\u0148uje vytvori\u0165 r\u00f4zne konfigur\u00e1cie n\u00e1kladu, pri\u010dom maxim\u00e1lna d\u013a\u017eka n\u00e1kladu je 2\u00a0480\u00a0mm a jeho maxim\u00e1lna v\u00fd\u0161ka je 1\u00a0280\u00a0mm.<\/p>\n<p style=\"text-align: center;\"><a href=\"http:\/\/slovaklinesmagazin.sk\/cms\/wp-content\/uploads\/2017\/08\/112165_HONDA_REVEALS_FRESH_LOOK_AND_NEW_ENGINE_OPTION_FOR_JAZZ_SUPERMINI.jpg\"><img decoding=\"async\" class=\"aligncenter\" src=\"http:\/\/slovaklinesmagazin.sk\/cms\/wp-content\/uploads\/2017\/08\/112165_HONDA_REVEALS_FRESH_LOOK_AND_NEW_ENGINE_OPTION_FOR_JAZZ_SUPERMINI.jpg\" \/><\/a><\/p>\n<p>Medzi \u0161tandardn\u00e9 vybavenie Jazzu patr\u00ed tempomat, vyhrievan\u00e9 sedadl\u00e1, automatick\u00e9 svetlomety a bezpe\u010dnostn\u00fd syst\u00e9m City-Brake Active. Vy\u0161\u0161ie triedy s\u00fa vybaven\u00e9 7-palcov\u00fdm informa\u010dno-z\u00e1bavn\u00fdm syst\u00e9mom Honda Connect, zadnou parkovacou kamerou, bezk\u013e\u00fa\u010dov\u00fdm odomykan\u00edm a \u0161tartovan\u00edm, ako aj pokro\u010dil\u00fdmi bezpe\u010dnostn\u00fdmi technol\u00f3giami ako je upozornenie pred \u010delnou kol\u00edziou, upozornenie na vybo\u010denie z jazdn\u00e9ho pruhu a rozpozn\u00e1vanie dopravn\u00fdch zna\u010diek.<\/p>\n<p style=\"text-align: center;\"><a href=\"http:\/\/slovaklinesmagazin.sk\/cms\/wp-content\/uploads\/2017\/08\/112166_HONDA_REVEALS_FRESH_LOOK_AND_NEW_ENGINE_OPTION_FOR_JAZZ_SUPERMINI.jpg\"><img decoding=\"async\" class=\"aligncenter\" src=\"http:\/\/slovaklinesmagazin.sk\/cms\/wp-content\/uploads\/2017\/08\/112166_HONDA_REVEALS_FRESH_LOOK_AND_NEW_ENGINE_OPTION_FOR_JAZZ_SUPERMINI.jpg\" \/><\/a><\/p>\n<p>Benz\u00ednov\u00fd motor i-VTEC s objemom 1,3\u00a0litra a v\u00fdkonom 102\u00a0kon\u00ed sa bude okrem novej triedy Dynamic aj na\u010falej dod\u00e1va\u0165 do v\u0161etk\u00fdch modelov Honda Jazz.<\/p>\n<p>&nbsp;<\/p>\n<p>&nbsp;<\/p>\n","protected":false},"excerpt":{"rendered":"<p>\u0160portovej\u0161ie \u0161t\u00fdlov\u00e9 \u00fapravy exteri\u00e9ru a nov\u00e9 \u0161pecifik\u00e1cie triedy Dynamic &#8211;\u00a0Jazz je prv\u00fdkr\u00e1t dostupn\u00fd s benz\u00ednov\u00fdm motorom s v\u00fdkonom 130\u00a0kon\u00ed &#8211;\u00a0Zachov\u00e1va si bezkonkuren\u010dn\u00fa v\u0161estrannos\u0165 a prvotriedny priestor pre cestuj\u00facich Nov\u00fd vzh\u013ead automobilu Honda Jazz bol odhalen\u00fd e\u0161te pred frankfurtsk\u00fdm autosal\u00f3nom 2017. Okrem \u0161t\u00fdlov\u00fdch \u00faprav exteri\u00e9ru a dizajnu interi\u00e9ru sa nov\u00fd Jazz bude prv\u00fdkr\u00e1t v Eur\u00f3pe dod\u00e1va\u0165 [&hellip;]<\/p>\n","protected":false},"author":7,"featured_media":79917,"comment_status":"closed","ping_status":"closed","sticky":false,"template":"","format":"standard","meta":{"footnotes":""},"categories":[4,11,42],"tags":[],"class_list":["post-79916","post","type-post","status-publish","format-standard","has-post-thumbnail","hentry","category-automobily","category-news","category-tech","eq-blocks"],"_links":{"self":[{"href":"https:\/\/www.slovaklinesmagazin.sk\/cms\/wp-json\/wp\/v2\/posts\/79916","targetHints":{"allow":["GET"]}}],"collection":[{"href":"https:\/\/www.slovaklinesmagazin.sk\/cms\/wp-json\/wp\/v2\/posts"}],"about":[{"href":"https:\/\/www.slovaklinesmagazin.sk\/cms\/wp-json\/wp\/v2\/types\/post"}],"author":[{"embeddable":true,"href":"https:\/\/www.slovaklinesmagazin.sk\/cms\/wp-json\/wp\/v2\/users\/7"}],"replies":[{"embeddable":true,"href":"https:\/\/www.slovaklinesmagazin.sk\/cms\/wp-json\/wp\/v2\/comments?post=79916"}],"version-history":[{"count":2,"href":"https:\/\/www.slovaklinesmagazin.sk\/cms\/wp-json\/wp\/v2\/posts\/79916\/revisions"}],"predecessor-version":[{"id":79925,"href":"https:\/\/www.slovaklinesmagazin.sk\/cms\/wp-json\/wp\/v2\/posts\/79916\/revisions\/79925"}],"wp:featuredmedia":[{"embeddable":true,"href":"https:\/\/www.slovaklinesmagazin.sk\/cms\/wp-json\/wp\/v2\/media\/79917"}],"wp:attachment":[{"href":"https:\/\/www.slovaklinesmagazin.sk\/cms\/wp-json\/wp\/v2\/media?parent=79916"}],"wp:term":[{"taxonomy":"category","embeddable":true,"href":"https:\/\/www.slovaklinesmagazin.sk\/cms\/wp-json\/wp\/v2\/categories?post=79916"},{"taxonomy":"post_tag","embeddable":true,"href":"https:\/\/www.slovaklinesmagazin.sk\/cms\/wp-json\/wp\/v2\/tags?post=79916"}],"curies":[{"name":"wp","href":"https:\/\/api.w.org\/{rel}","templated":true}]}}