{"id":79976,"date":"2017-08-31T13:00:02","date_gmt":"2017-08-31T11:00:02","guid":{"rendered":"http:\/\/slovaklinesmagazin.sk\/cms\/?p=79976"},"modified":"2017-08-31T13:00:02","modified_gmt":"2017-08-31T11:00:02","slug":"dni-slovenskej-kultury-v-luhacoviciach-tento-rok-s-lasicom-a-hubom","status":"publish","type":"post","link":"https:\/\/www.slovaklinesmagazin.sk\/cms\/2017\/08\/dni-slovenskej-kultury-v-luhacoviciach-tento-rok-s-lasicom-a-hubom\/","title":{"rendered":"Dni slovenskej kult\u00fary v Luha\u010doviciach, tento rok s Lasicom a\u00a0Hubom"},"content":{"rendered":"<p><strong>O trad\u00edci\u00e1ch \u010desko-slovenskej vz\u00e1jomnosti v\u00a0Luha\u010doviciach nakr\u00fatil Tran\u010d\u00edk film<\/strong><\/p>\n<p>Akciov\u00e1 spolo\u010dnos\u0165 K\u00fapele (L\u00e1zn\u011b) Luha\u010dovice pripravila v t\u00fd\u017edni od 6. do 9. septembra 2017 u\u017e 5. ro\u010dn\u00edk Dn\u00ed slovenskej kult\u00fary, ktor\u00e9 s\u00fa jedn\u00fdm z vrcholov kult\u00farneho leta. Po\u010das nieko\u013ek\u00fdch dn\u00ed sa tu predstavia umelci zo Slovenska &#8211; slovensk\u00e9 osobnosti Milan Lasica a\u00a0Martin Huba, ru\u017eombersk\u00fd folkl\u00f3rny s\u00fabor Liptov a d\u00e1msky sal\u00f3nny orchester Afrodit\u00e9. Tento rok sa priaznivci filmu m\u00f4\u017eu te\u0161i\u0165 v stredu 6. 9. 2017 o\u00a019.30 v\u00a0Mestskom dome kult\u00fary Elektra na \u201e<strong>Svetl\u00e9 miesto<\/strong>\u201c. Je to film o hist\u00f3rii \u010deskoslovensk\u00fdch vz\u0165ahov v\u00a0Luha\u010doviciach, ktor\u00fd re\u017e\u00edroval Du\u0161an Tran\u010d\u00edk.<\/p>\n<p style=\"text-align: center;\">\n<p>Vo \u0161tvrtok 7. 9. 2017 o 19.30 v K\u00fape\u013enom divadle pote\u0161\u00ed n\u00e1v\u0161tevn\u00edkov hra \u201e<strong>Star\u00ed majstri<\/strong>\u201c. Dvaja bratia, posledn\u00ed potomkovia sl\u00e1vnej divadelnej rodiny, sa nemaj\u00fa radi. Dalo by sa poveda\u0165, \u017ee sa nezn\u00e1\u0161aj\u00fa. S\u00fa sl\u00e1vni, \u00faspe\u0161n\u00ed, av\u0161ak vo veku, kedy sa role nehrn\u00fa. Prij\u00edmaj\u00fa teda ponuku na hru o dvoch bratoch, ktor\u00ed sa nen\u00e1vidia. Sledujeme prv\u00e9 sk\u00fa\u0161ky, premi\u00e9ru, nekone\u010dn\u00e9 z\u00e1jazdov\u00e9 turn\u00e9 aj z\u00e1vere\u010dn\u00e9 predstavenie. Bez toho si to uvedomuj\u00fa, za\u010dn\u00fa sa zbli\u017eova\u0165. Zlos\u0165 a probl\u00e9my z minulosti sa men\u00ed na bratsk\u00fa l\u00e1sku. Len\u017ee \u010do je divadeln\u00e1 hra a \u010do je vlastne realita? Hraj\u00fa: Milan Lasica a Martin Huba.<\/p>\n<p style=\"text-align: center;\"><img loading=\"lazy\" decoding=\"async\" class=\"aligncenter\" src=\"http:\/\/slovaklinesmagazin.sk\/cms\/wp-content\/uploads\/2017\/08\/STARI-MAJSTRI-fotoCtibor-Bachraty-01_1575x1050-1024x683.jpg\" width=\"849\" height=\"566\" \/>STAR\u00cd MAJSTRI foto Ctibor Bachrat\u00fd<br \/>\n<img loading=\"lazy\" decoding=\"async\" class=\"aligncenter\" src=\"http:\/\/slovaklinesmagazin.sk\/cms\/wp-content\/uploads\/2017\/08\/STARI-MAJSTRI-fotoCtibor-Bachraty-03_750x1050-731x1024.jpg\" width=\"848\" height=\"1188\" \/>STAR\u00cd MAJSTRI foto Ctibor Bachrat\u00fd<\/p>\n<p><img loading=\"lazy\" decoding=\"async\" class=\"aligncenter\" src=\"http:\/\/slovaklinesmagazin.sk\/cms\/wp-content\/uploads\/2017\/08\/STARI-MAJSTRI-fotoCtibor-Bachraty-04_1470x1050-1024x731.jpg\" width=\"842\" height=\"601\" \/>STAR\u00cd MAJSTRI foto Ctibor Bachrat\u00fd<\/p>\n<p><img loading=\"lazy\" decoding=\"async\" class=\"aligncenter\" src=\"http:\/\/slovaklinesmagazin.sk\/cms\/wp-content\/uploads\/2017\/08\/STARI-MAJSTRI-fotoCtibor-Bachraty-20_1576x1050-1-1024x682.jpg\" width=\"834\" height=\"556\" \/>STAR\u00cd MAJSTRI foto Ctibor Bachrat\u00fd<\/p>\n<p>V\u00a0piatok 8. 9. 2017 o 16.00 na K\u00fape\u013enom n\u00e1mest\u00ed vyst\u00fapi <strong>Folkl\u00f3rny S\u00fabor Liptov<\/strong> z\u00a0Ru\u017eomberka. V piatok\u00a09. 9. 2017 o 19.30 v\u00a0K\u00fape\u013enom divadle pote\u0161\u00ed vyst\u00fapenie <strong>d\u00e1mskeho sal\u00f3nneho orchestra Afrodit\u00e9<\/strong>, s filmov\u00fdmi a muzik\u00e1lov\u00fdmi mel\u00f3diami. \u00da\u010dinkuj\u00fa: husle- Petra \u0160alamonov\u00e1; viola &#8211; J\u00falia Urdov\u00e1; violon\u010delo &#8211; Ivana Zem\u00e1nekov\u00e1; klav\u00edr &#8211; X\u00e9nia Maskalikov\u00e1; flauta &#8211; Michaela Mudro\u0148ov\u00e1<\/p>\n<p style=\"text-align: center;\"><img decoding=\"async\" class=\"aligncenter\" src=\"http:\/\/slovaklinesmagazin.sk\/cms\/wp-content\/uploads\/2017\/08\/Afrod\u00edt\u00e9.jpg\" \/><br \/>\nAfrodit\u00e9<\/p>\n<p>Neodmyslite\u013enou s\u00fa\u010das\u0165ou Dn\u00ed slovensk\u00fdch kult\u00fary je tie\u017e Kuch\u00e1rska kniha starej mamy. Pod t\u00fdmto n\u00e1zvom sa skr\u00fdvaj\u00fa l\u00e1kav\u00e9 slovensk\u00e9 \u0161peciality, ktor\u00e9 opakovane pripravia v ALEXANDRIA **** Spa &amp; Wellness hoteli.<\/p>\n<p>&nbsp;<\/p>\n<p><strong>Svetl\u00e9 miesto (r\u00e9\u017eia: Du\u0161an Tran\u010d\u00edk)<\/strong><\/p>\n<p><strong>\u00a0<\/strong><\/p>\n<p>Film o osobnostiach politick\u00e9ho, kult\u00farneho a spolo\u010densk\u00e9ho \u017eivota na moravsko-slovenskom pomedz\u00ed, kde sa za\u010diatkom 20. storo\u010dia odohralo historick\u00e9 zbl\u00ed\u017eenie \u010cechov a Slov\u00e1kov. Luha\u010dovice sa stali prv\u00fdm k\u00fape\u013en\u00fdm mestom v Rak\u00fasko-Uhorsku, ktor\u00e9 bolo v \u010desk\u00fdch ruk\u00e1ch a hl\u00e1silo sa k slovanskej kult\u00fare. Zi\u0161lo sa tu nieko\u013eko v\u00fdrazn\u00fdch osobnost\u00ed, ktor\u00e9 spojili svoje schopnosti a intelekt, aby za nieko\u013eko sez\u00f3n vybudovali modern\u00e9 k\u00fapele v slovanskom duchu. Slovensk\u00e9 zast\u00fapenie bolo reprezentat\u00edvne: spr\u00e1vcom k\u00fape\u013eov bol Cyril Holuby, v\u00fdznamn\u00fa \u00falohu zohral k\u00fape\u013en\u00fd lek\u00e1r Pavel Blaho, ktor\u00fd bol nesk\u00f4r \u010dlenom do\u010dasnej vl\u00e1dy prvej \u010cSR so s\u00eddlom v Skalici a zasl\u00fa\u017eil sa o \u00fa\u010das\u0165 Slov\u00e1kov v novom \u0161t\u00e1topr\u00e1vnom usporiadan\u00ed. A do tretice&#8230; origin\u00e1lnu pe\u010da\u0165 k\u00fape\u013eom dali stavby Du\u0161ana Jurkovi\u010da, ktor\u00fd svoje mot\u00edvy \u010derpal zo slovenskej \u013eudovej architekt\u00fary. V jeho Slov\u00e1ckej b\u00fade, ktor\u00e1 po rozpade \u0161t\u00e1tu vyhorela, bola okrem in\u00e9ho prv\u00fdkr\u00e1t vysloven\u00e1 my\u0161lienka \u010deskoslovensk\u00e9ho n\u00e1roda. Do filmu je zaraden\u00fdch mno\u017estvo arch\u00edvnych fotografi\u00ed a filmov\u00fdch materi\u00e1lov, ktor\u00e9 v predkladanom kontexte neboli dosia\u013e zverejnen\u00e9. Film je pripomenut\u00edm st\u00e9ho v\u00fdro\u010dia zalo\u017eenia spolo\u010dn\u00e9ho \u0161t\u00e1tu a \u0161tvr\u0165storo\u010dia od jeho rozpadu. (Zdroj: Art Film Fest, premi\u00e9ra 22.6.2017)<\/p>\n<p>&nbsp;<\/p>\n<p>Viac inform\u00e1ci\u00ed je na <a href=\"http:\/\/www.LazneLuhacovice.cz\">www.LazneLuhacovice.cz<\/a>\u00a0 a <a href=\"http:\/\/www.HotelAlexandria.cz\">www.HotelAlexandria.cz<\/a><\/p>\n<p style=\"text-align: center;\"><strong><a href=\"http:\/\/slovaklinesmagazin.sk\/cms\/wp-content\/uploads\/2017\/08\/0021.jpg\"><img decoding=\"async\" class=\"aligncenter\" src=\"http:\/\/slovaklinesmagazin.sk\/cms\/wp-content\/uploads\/2017\/08\/0021.jpg\" \/><\/a><\/strong>Jurkovi\u010dov dom v Luha\u010doviciach<\/p>\n<p>Foto na titulke:<br \/>\nCtibor Bachrat\u00fd<br \/>\nSTARI MAJSTRI<\/p>\n","protected":false},"excerpt":{"rendered":"<p>O trad\u00edci\u00e1ch \u010desko-slovenskej vz\u00e1jomnosti v\u00a0Luha\u010doviciach nakr\u00fatil Tran\u010d\u00edk film Akciov\u00e1 spolo\u010dnos\u0165 K\u00fapele (L\u00e1zn\u011b) Luha\u010dovice pripravila v t\u00fd\u017edni od 6. do 9. septembra 2017 u\u017e 5. ro\u010dn\u00edk Dn\u00ed slovenskej kult\u00fary, ktor\u00e9 s\u00fa jedn\u00fdm z vrcholov kult\u00farneho leta. Po\u010das nieko\u013ek\u00fdch dn\u00ed sa tu predstavia umelci zo Slovenska &#8211; slovensk\u00e9 osobnosti Milan Lasica a\u00a0Martin Huba, ru\u017eombersk\u00fd folkl\u00f3rny s\u00fabor Liptov [&hellip;]<\/p>\n","protected":false},"author":7,"featured_media":79977,"comment_status":"closed","ping_status":"closed","sticky":false,"template":"","format":"standard","meta":{"footnotes":""},"categories":[13,47,11,53,48],"tags":[],"class_list":["post-79976","post","type-post","status-publish","format-standard","has-post-thumbnail","hentry","category-real-estate","category-film","category-news","category-ponuky","category-umenie-a-kultura","eq-blocks"],"_links":{"self":[{"href":"https:\/\/www.slovaklinesmagazin.sk\/cms\/wp-json\/wp\/v2\/posts\/79976","targetHints":{"allow":["GET"]}}],"collection":[{"href":"https:\/\/www.slovaklinesmagazin.sk\/cms\/wp-json\/wp\/v2\/posts"}],"about":[{"href":"https:\/\/www.slovaklinesmagazin.sk\/cms\/wp-json\/wp\/v2\/types\/post"}],"author":[{"embeddable":true,"href":"https:\/\/www.slovaklinesmagazin.sk\/cms\/wp-json\/wp\/v2\/users\/7"}],"replies":[{"embeddable":true,"href":"https:\/\/www.slovaklinesmagazin.sk\/cms\/wp-json\/wp\/v2\/comments?post=79976"}],"version-history":[{"count":1,"href":"https:\/\/www.slovaklinesmagazin.sk\/cms\/wp-json\/wp\/v2\/posts\/79976\/revisions"}],"predecessor-version":[{"id":79985,"href":"https:\/\/www.slovaklinesmagazin.sk\/cms\/wp-json\/wp\/v2\/posts\/79976\/revisions\/79985"}],"wp:featuredmedia":[{"embeddable":true,"href":"https:\/\/www.slovaklinesmagazin.sk\/cms\/wp-json\/wp\/v2\/media\/79977"}],"wp:attachment":[{"href":"https:\/\/www.slovaklinesmagazin.sk\/cms\/wp-json\/wp\/v2\/media?parent=79976"}],"wp:term":[{"taxonomy":"category","embeddable":true,"href":"https:\/\/www.slovaklinesmagazin.sk\/cms\/wp-json\/wp\/v2\/categories?post=79976"},{"taxonomy":"post_tag","embeddable":true,"href":"https:\/\/www.slovaklinesmagazin.sk\/cms\/wp-json\/wp\/v2\/tags?post=79976"}],"curies":[{"name":"wp","href":"https:\/\/api.w.org\/{rel}","templated":true}]}}