{"id":80043,"date":"2017-09-11T10:19:48","date_gmt":"2017-09-11T08:19:48","guid":{"rendered":"http:\/\/slovaklinesmagazin.sk\/cms\/?p=80043"},"modified":"2017-09-11T10:29:09","modified_gmt":"2017-09-11T08:29:09","slug":"advent-na-romantickom-ryne","status":"publish","type":"post","link":"https:\/\/www.slovaklinesmagazin.sk\/cms\/2017\/09\/advent-na-romantickom-ryne\/","title":{"rendered":"ADVENT NA ROMANTICKOM R\u00ddNE"},"content":{"rendered":"<p>Advent \u2013 n\u00e1dhern\u00fd \u010das o\u010dak\u00e1vania bl\u00ed\u017eiacich sa Vianoc. Nemo\u017eno si ho predstavi\u0165 bez roz\u017eiaren\u00fdch viano\u010dn\u00fdch trhov a\u00a0\u0161peci\u00e1lnych adventn\u00fdch plavieb.<\/p>\n<p>V\u00e1biv\u00fa v\u00f4\u0148u pun\u010du, varen\u00e9ho v\u00edna a dom\u00e1cich \u0161pecial\u00edt m\u00e1te predo dvermi \u2013 ako vo viano\u010dnej dedinke v\u00a0bratislavskom Starom meste. Ale ne\u017eelali ste si u\u017e za\u017ei\u0165 po\u010das t\u00fdchto jedine\u010dn\u00fdch t\u00fd\u017ed\u0148ov nie\u010do nov\u00e9, nie\u010do naozaj mimoriadne? M\u00e1me pre v\u00e1s tip: Zara\u010fte ni\u017e\u0161\u00ed r\u00fdchlostn\u00fd stupe\u0148! Ponorte sa do predviano\u010dn\u00e9ho lesku miest na brehoch romantick\u00e9ho R\u00fdna. Ako hos\u0165 pl\u00e1vaj\u00faceho luxusn\u00e9ho hotela 4*+ MS Amadeus Classic. Adventn\u00e1 plavba z Kol\u00edna do Mainzu trv\u00e1 \u0161tyri dni. Lietadlom sa dostanete do D\u00fcsseldorfu. Po kr\u00e1tkom transfere autobusom v Kol\u00edne nast\u00fapite na lo\u010f MS Amadeus Classic. Budete ma\u0165 pritom dostatok \u010dasu, aby ste si mohli prezrie\u0165 star\u00e9 mesto a nav\u0161t\u00edvi\u0165 impozantn\u00fd Kol\u00ednsky d\u00f3m.<\/p>\n<p><strong>PREDVIANO\u010cN\u00c1 N\u00c1LADA<\/strong><\/p>\n<p>Starobyl\u00e9 mest\u00e1 Andernach, Koblenz a Mainz, ktor\u00e9 zalo\u017eili Rimania, sa ka\u017edoro\u010dne premenia na \u017eiariv\u00e9 predviano\u010dn\u00e9 raje. Mesto Andernach, ktor\u00e9 m\u00e1 u\u017e viac ne\u017e 2000 rokov, patr\u00ed medzi najstar\u0161ie nemeck\u00e9 mest\u00e1 a m\u00e1 preto mno\u017estvo pam\u00e4tihodnost\u00ed. Symbolom mesta je \u201eOkr\u00fahla ve\u017ea\u201c z 15. storo\u010dia. Mesto Koblenz, ktor\u00e9 je pribli\u017ene rovnako star\u00e9, v\u00a0ni\u010dom nezaost\u00e1va za Andernachom, \u010do sa t\u00fdka pam\u00e4tihodnost\u00ed. Hlavnou atrakciou je prv\u00e1 lanovka v Nemecku s tromi lanami, ktor\u00e1 sp\u00e1ja star\u00e9 mesto Koblenzu ponad R\u00fdn s\u00a0pevnos\u0165ou Ehrenbreitstein.<\/p>\n<p><strong>SVETOV\u00c9 DEDI\u010cSTVO UNESCO<\/strong><\/p>\n<p>Jedine\u010dn\u00fdm z\u00e1\u017eitkom je plavba romantick\u00fdm \u00fadol\u00edm hornej \u010dasti stredn\u00e9ho R\u00fdna. Pribli\u017ene 30 stredovek\u00fdch hradov, hradn\u00fdch zr\u00facan\u00edn a z\u00e1mkov vytv\u00e1ra spolu s pr\u00edrodn\u00fdmi kr\u00e1sami Por\u00fdnia romantick\u00fa kult\u00farnu krajinu, ktor\u00e1 bola zap\u00edsan\u00e1 do zoznamu svetov\u00e9ho dedi\u010dstva UNESCO. Mno\u017estvo historick\u00fdch stavieb a pamiatok sved\u010d\u00ed o\u00a0bohatej hist\u00f3rii mesta Mainz, ktor\u00e9 pred viac ako 2000 rokmi zalo\u017eili Rimania. Tr\u017en\u00e9 n\u00e1mestie (Marktplatz) s bohato zdoben\u00fdmi renesan\u010dn\u00fdmi fas\u00e1dami a d\u00f3mom je dokonalou kulisou svetozn\u00e1meho viano\u010dn\u00e9ho trhu. V meste Mainz sa na\u0161a plavba aj kon\u010d\u00ed. Spiato\u010dn\u00e1 cesta do Viedne sa uskuto\u010dn\u00ed komfortn\u00fdm luxusn\u00fdm autobusom.<\/p>\n<p><em>Advent na romantickom R\u00fdne z Kol\u00edna do Mainzu na lodi MS Amadeus Classic s letom z Viedne do D\u00fcsseldorfu a\u00a0spiato\u010dnou cestou autobusom z Mainzu do Viedne.<\/em><\/p>\n<p><strong>Term\u00edn<\/strong>: 1. dec. &#8211; 4. dec. 2017<\/p>\n<p><strong>S\u00fahrnn\u00e1 cena:<\/strong> od 449,- \u20ac<\/p>\n","protected":false},"excerpt":{"rendered":"<p>Advent \u2013 n\u00e1dhern\u00fd \u010das o\u010dak\u00e1vania bl\u00ed\u017eiacich sa Vianoc. Nemo\u017eno si ho predstavi\u0165 bez roz\u017eiaren\u00fdch viano\u010dn\u00fdch trhov a\u00a0\u0161peci\u00e1lnych adventn\u00fdch plavieb. V\u00e1biv\u00fa v\u00f4\u0148u pun\u010du, varen\u00e9ho v\u00edna a dom\u00e1cich \u0161pecial\u00edt m\u00e1te predo dvermi \u2013 ako vo viano\u010dnej dedinke v\u00a0bratislavskom Starom meste. Ale ne\u017eelali ste si u\u017e za\u017ei\u0165 po\u010das t\u00fdchto jedine\u010dn\u00fdch t\u00fd\u017ed\u0148ov nie\u010do nov\u00e9, nie\u010do naozaj mimoriadne? M\u00e1me pre [&hellip;]<\/p>\n","protected":false},"author":7,"featured_media":80047,"comment_status":"closed","ping_status":"closed","sticky":false,"template":"","format":"standard","meta":{"footnotes":""},"categories":[13,11,52,56],"tags":[],"class_list":["post-80043","post","type-post","status-publish","format-standard","has-post-thumbnail","hentry","category-real-estate","category-news","category-outdoor","category-priroda","eq-blocks"],"_links":{"self":[{"href":"https:\/\/www.slovaklinesmagazin.sk\/cms\/wp-json\/wp\/v2\/posts\/80043","targetHints":{"allow":["GET"]}}],"collection":[{"href":"https:\/\/www.slovaklinesmagazin.sk\/cms\/wp-json\/wp\/v2\/posts"}],"about":[{"href":"https:\/\/www.slovaklinesmagazin.sk\/cms\/wp-json\/wp\/v2\/types\/post"}],"author":[{"embeddable":true,"href":"https:\/\/www.slovaklinesmagazin.sk\/cms\/wp-json\/wp\/v2\/users\/7"}],"replies":[{"embeddable":true,"href":"https:\/\/www.slovaklinesmagazin.sk\/cms\/wp-json\/wp\/v2\/comments?post=80043"}],"version-history":[{"count":2,"href":"https:\/\/www.slovaklinesmagazin.sk\/cms\/wp-json\/wp\/v2\/posts\/80043\/revisions"}],"predecessor-version":[{"id":80050,"href":"https:\/\/www.slovaklinesmagazin.sk\/cms\/wp-json\/wp\/v2\/posts\/80043\/revisions\/80050"}],"wp:featuredmedia":[{"embeddable":true,"href":"https:\/\/www.slovaklinesmagazin.sk\/cms\/wp-json\/wp\/v2\/media\/80047"}],"wp:attachment":[{"href":"https:\/\/www.slovaklinesmagazin.sk\/cms\/wp-json\/wp\/v2\/media?parent=80043"}],"wp:term":[{"taxonomy":"category","embeddable":true,"href":"https:\/\/www.slovaklinesmagazin.sk\/cms\/wp-json\/wp\/v2\/categories?post=80043"},{"taxonomy":"post_tag","embeddable":true,"href":"https:\/\/www.slovaklinesmagazin.sk\/cms\/wp-json\/wp\/v2\/tags?post=80043"}],"curies":[{"name":"wp","href":"https:\/\/api.w.org\/{rel}","templated":true}]}}