{"id":80051,"date":"2017-09-11T10:31:29","date_gmt":"2017-09-11T08:31:29","guid":{"rendered":"http:\/\/slovaklinesmagazin.sk\/cms\/?p=80051"},"modified":"2017-09-11T10:31:29","modified_gmt":"2017-09-11T08:31:29","slug":"caro-adventu-na-brehoch-dunaja","status":"publish","type":"post","link":"https:\/\/www.slovaklinesmagazin.sk\/cms\/2017\/09\/caro-adventu-na-brehoch-dunaja\/","title":{"rendered":"\u010cARO ADVENTU NA BREHOCH DUNAJA"},"content":{"rendered":"<p>N\u00e1v\u0161teva viano\u010dn\u00fdch trhov je nie\u010do ve\u013emi sviato\u010dn\u00e9 a v\u00fdnimo\u010dn\u00e9. M\u00f4\u017eeme v\u00e1m tento rok pon\u00faknu\u0165 nie\u010do mimoriadne? \u010co by ste povedali na adventn\u00fa plavbu po Dunaji k p\u00fatnick\u00fdm miestam a kl\u00e1\u0161torom a na viano\u010dn\u00e9 trhy v Rak\u00fasku a Bavorsku?<\/p>\n<p>V\u00e1biv\u00fa v\u00f4\u0148u pun\u010du, varen\u00e9ho v\u00edna a\u00a0slovensk\u00fdch \u0161pecial\u00edt m\u00e1te predo dvermi \u2013 ako vo viano\u010dnej dedinke v bratislavskom Starom meste. Ale nechceli ste u\u017e aspo\u0148 na chv\u00ed\u013eu unikn\u00fa\u0165 predviano\u010dn\u00e9mu zhonu a u\u017ei\u0165 si zop\u00e1r kr\u00e1snych dn\u00ed? Ide\u00e1lne sa na to hodia plavby lo\u010fou po\u010das adventu, napr\u00edklad plavby k trom kl\u00e1\u0161torom z Viedne do Regensburgu na palube lode 4*+ MS Princezn\u00e1 Sissi.<\/p>\n<p><strong>WACHAU \u2013 SVETOV\u00c9 KULT\u00daRNE DEDI\u010cSTVO UNESCO<\/strong><\/p>\n<p>V meste Krems, ktor\u00e9 je br\u00e1nou do regi\u00f3nu Wachau, lo\u010f zakotv\u00ed na v\u00fdlet do benedikt\u00ednskeho kl\u00e1\u0161tora Stift G\u00f6ttweig. Tento barokov\u00fd klenot je duchovn\u00fdm centrom Doln\u00e9ho Rak\u00faska. Potom nasleduje plavba regi\u00f3nom Wachau, ktor\u00fd patr\u00ed medzi najkraj\u0161ie rie\u010dne \u00fadolia Eur\u00f3py a je zap\u00edsan\u00fd do svetov\u00e9ho kult\u00farneho dedi\u010dstva UNESCO<\/p>\n<p>Enns patr\u00ed medzi najstar\u0161ie mest\u00e1 Rak\u00faska a je v\u00fdchodiskom na v\u00fdlet k barokov\u00e9mu kl\u00e1\u0161toru sv. Flori\u00e1na. Predviano\u010dnou atrakciou Linzu, hlavn\u00e9ho mesta spolkovej krajiny Horn\u00e9 Rak\u00fasko, je tradi\u010dn\u00fd viano\u010dn\u00fd trh. \u010eal\u0161\u00ed v\u00fdlet sa uskuto\u010dn\u00ed do Engelhartszellu do trapistick\u00e9ho kl\u00e1\u0161tora Engelszell. Kl\u00e1\u0161torn\u00fd kostol s ve\u017eou vysokou 76 m patr\u00ed medzi \u0161t\u00fdlovo naj\u010distej\u0161ie sakr\u00e1lne rokokov\u00e9 stavby v Rak\u00fasku.<\/p>\n<p><strong>\u201eJE\u017dI\u0160KOVA PO\u0160TA\u201c<\/strong><\/p>\n<p>V bavorskom meste Passau, meste troch riek, v\u00e1s nadchn\u00fa nielen mnoh\u00e9 pam\u00e4tihodnosti, ale aj viano\u010dn\u00fd trh v starom meste. V Regensburgu sa plavba kon\u010d\u00ed. V dobre zachovanom stredovekom starom meste otvoril svoje br\u00e1ny tradi\u010dn\u00fd viano\u010dn\u00fd trh. Na spiato\u010dnej ceste komfortn\u00fdm luxusn\u00fdm autobusom v\u00e1s \u010dak\u00e1 jeden z vrcholov programu \u2013 n\u00e1v\u0161teva romantick\u00e9ho mesta Steyr s\u00a0n\u00e1dhern\u00fdm viano\u010dn\u00fdm trhom. Zo svetozn\u00e1mej \u201eJe\u017ei\u0161kovej po\u0161ty\u201c sa ka\u017ed\u00fd rok odo\u0161l\u00fa desa\u0165tis\u00edce viano\u010dn\u00fdch pozdravov do cel\u00e9ho sveta.<\/p>\n<p><strong>HOVOR\u00cdME PO SLOVENSKY<\/strong><\/p>\n<p>V neposlednom rade treba pouk\u00e1za\u0165 na perfektn\u00fd servis person\u00e1lu na palube lode MS Princezn\u00e1 Sissi, ktor\u00fd hovor\u00ed po slovensky, a na n\u00e1dhern\u00fa okolit\u00fa krajinu, ktor\u00e1 v\u00e1m po\u010das tejto plavby pon\u00faka prekr\u00e1sne scen\u00e9rie. Plavba k trom kl\u00e1\u0161torom po\u010das adventu z Viedne do Regensburgu na lodi MS Princezn\u00e1 Sissi s\u00a0n\u00e1vratom autobusom do Viedne.<\/p>\n<p><strong>Term\u00edn:<\/strong> 28. nov. &#8211; 1. dec. 2017<\/p>\n<p><strong>S\u00fahrnn\u00e1 cena:<\/strong> od 349,- \u20ac<\/p>\n","protected":false},"excerpt":{"rendered":"<p>N\u00e1v\u0161teva viano\u010dn\u00fdch trhov je nie\u010do ve\u013emi sviato\u010dn\u00e9 a v\u00fdnimo\u010dn\u00e9. M\u00f4\u017eeme v\u00e1m tento rok pon\u00faknu\u0165 nie\u010do mimoriadne? \u010co by ste povedali na adventn\u00fa plavbu po Dunaji k p\u00fatnick\u00fdm miestam a kl\u00e1\u0161torom a na viano\u010dn\u00e9 trhy v Rak\u00fasku a Bavorsku? V\u00e1biv\u00fa v\u00f4\u0148u pun\u010du, varen\u00e9ho v\u00edna a\u00a0slovensk\u00fdch \u0161pecial\u00edt m\u00e1te predo dvermi \u2013 ako vo viano\u010dnej dedinke v bratislavskom [&hellip;]<\/p>\n","protected":false},"author":7,"featured_media":80052,"comment_status":"closed","ping_status":"closed","sticky":false,"template":"","format":"standard","meta":{"footnotes":""},"categories":[13,46,45,11,52,56],"tags":[],"class_list":["post-80051","post","type-post","status-publish","format-standard","has-post-thumbnail","hentry","category-real-estate","category-gastronomia","category-nas-tip","category-news","category-outdoor","category-priroda","eq-blocks"],"_links":{"self":[{"href":"https:\/\/www.slovaklinesmagazin.sk\/cms\/wp-json\/wp\/v2\/posts\/80051","targetHints":{"allow":["GET"]}}],"collection":[{"href":"https:\/\/www.slovaklinesmagazin.sk\/cms\/wp-json\/wp\/v2\/posts"}],"about":[{"href":"https:\/\/www.slovaklinesmagazin.sk\/cms\/wp-json\/wp\/v2\/types\/post"}],"author":[{"embeddable":true,"href":"https:\/\/www.slovaklinesmagazin.sk\/cms\/wp-json\/wp\/v2\/users\/7"}],"replies":[{"embeddable":true,"href":"https:\/\/www.slovaklinesmagazin.sk\/cms\/wp-json\/wp\/v2\/comments?post=80051"}],"version-history":[{"count":1,"href":"https:\/\/www.slovaklinesmagazin.sk\/cms\/wp-json\/wp\/v2\/posts\/80051\/revisions"}],"predecessor-version":[{"id":80053,"href":"https:\/\/www.slovaklinesmagazin.sk\/cms\/wp-json\/wp\/v2\/posts\/80051\/revisions\/80053"}],"wp:featuredmedia":[{"embeddable":true,"href":"https:\/\/www.slovaklinesmagazin.sk\/cms\/wp-json\/wp\/v2\/media\/80052"}],"wp:attachment":[{"href":"https:\/\/www.slovaklinesmagazin.sk\/cms\/wp-json\/wp\/v2\/media?parent=80051"}],"wp:term":[{"taxonomy":"category","embeddable":true,"href":"https:\/\/www.slovaklinesmagazin.sk\/cms\/wp-json\/wp\/v2\/categories?post=80051"},{"taxonomy":"post_tag","embeddable":true,"href":"https:\/\/www.slovaklinesmagazin.sk\/cms\/wp-json\/wp\/v2\/tags?post=80051"}],"curies":[{"name":"wp","href":"https:\/\/api.w.org\/{rel}","templated":true}]}}