{"id":80062,"date":"2017-09-13T14:07:25","date_gmt":"2017-09-13T12:07:25","guid":{"rendered":"http:\/\/slovaklinesmagazin.sk\/cms\/?p=80062"},"modified":"2017-09-13T14:15:15","modified_gmt":"2017-09-13T12:15:15","slug":"v-septembri-sa-uskutocni-9-rocnik-medzinarodnej-klavirnej-sutaze-johanna-nepomuka-hummela","status":"publish","type":"post","link":"https:\/\/www.slovaklinesmagazin.sk\/cms\/2017\/09\/v-septembri-sa-uskutocni-9-rocnik-medzinarodnej-klavirnej-sutaze-johanna-nepomuka-hummela\/","title":{"rendered":"V septembri sa uskuto\u010dn\u00ed 9. ro\u010dn\u00edk medzin\u00e1rodnej klav\u00edrnej s\u00fa\u0165a\u017ee Johanna Nepomuka Hummela\u00a0"},"content":{"rendered":"<p>Tret\u00ed septembrov\u00fd t\u00fd\u017ede\u0148 sa v\u00a0Bratislave stretn\u00fa mlad\u00ed klaviristi z r\u00f4znych k\u00fatov\u00a0 sveta\u00a0 a zabojuj\u00fa\u00a0 o prvenstvo na <strong>9. ro\u010dn\u00edku medzin\u00e1rodnej klav\u00edrnej s\u00fa\u0165a\u017ee Johanna Nepomuka Hummela.<\/strong><\/p>\n<p><!--more--><br \/>\nHummel, rod\u00e1k z Bratislavy, \u0161tudoval u Mozarta, Albrechtsbergera, Salieriho a Haydna.\u00a0 Po\u010das svojho \u017eivota bol\u00a0 pova\u017eovan\u00fd za jedn\u00e9ho z najv\u00e4\u010d\u0161\u00edch skladate\u013eov a klaviristov Eur\u00f3py.\u00a0\u00a0 Vynikol predov\u0161etk\u00fdm v oblasti virtu\u00f3znej klav\u00edrnej hudby.<\/p>\n<p>Prezident s\u00fa\u0165a\u017ee a gener\u00e1lny riadite\u013e <strong>Slovenskej filharm\u00f3nie\u00a0 Marian Lap\u0161ansk\u00fd<\/strong> pred nadch\u00e1dzaj\u00facim\u00a0 ro\u010dn\u00edkom povedal: \u201e<em>S\u00a0pote\u0161en\u00edm sledujem, \u017ee Hummelova tvorba sa te\u0161\u00ed rast\u00facej ob\u013eube medzi v\u00fdkonn\u00fdmi umelcami \u010di komorn\u00fdmi s\u00fabormi a\u00a0\u010doraz viac dirigentov si diela klasicistick\u00e9ho majstra zara\u010fuje do svojho reperto\u00e1ru. Skladate\u013eovej hudbe sa intenz\u00edvne sna\u017eia vd\u00fdchnu\u0165 \u017eivot najm\u00e4 mlad\u00ed klaviristi zo v\u0161etk\u00fdch kon\u010d\u00edn sveta\u201c. <\/em><\/p>\n<p><em>\u00a0<\/em><\/p>\n<p>Medzin\u00e1rodn\u00e1 klav\u00edrna s\u00fa\u0165a\u017e\u00a0 sa bude kona\u0165 v <strong>bratislavskej Redute<\/strong> od\u00a0 <strong>pondelka \u00a018.<\/strong>\u00a0 do <strong>soboty 23. septembra 2017. <\/strong><\/p>\n<p>&nbsp;<\/p>\n<p><strong>Prv\u00e9 tri\u00a0 kol\u00e1<\/strong>\u00a0 sa uskuto\u010dnia v <strong>Malej s\u00e1le Slovenskej filharm\u00f3nie<\/strong> a bud\u00fa\u00a0 pr\u00edstupn\u00e9 verejnosti <strong>ZDARMA .<\/strong><\/p>\n<ol>\n<li>kolo 18. \u2013 19. september<\/li>\n<li>kolo 20. \u2013 21. \u00a0september<\/li>\n<li>kolo 22. september<\/li>\n<\/ol>\n<p>&nbsp;<\/p>\n<p><strong>Fin\u00e1le<\/strong> a <strong>Sl\u00e1vnostn\u00e9 vyhl\u00e1senie laure\u00e1tov,<\/strong> odovzd\u00e1vanie cien a koncert v\u00ed\u0165azov sa uskuto\u010dnia v <strong>sobotu\u00a0 23. septembra<\/strong> o <strong>16.00<\/strong> a <strong>19.00 h<\/strong> v <strong>Koncertnej sieni Slovenskej filharm\u00f3nie.<\/strong> Traja \u00a0\u00a0\u00a0finalisti sa predstavia v\u00a0sobotn\u00e9 popoludnie\u00a0 \u00a0s orchestrom <strong>Slovensk\u00e1 filharm\u00f3nia<\/strong> a st\u00e1lym hos\u0165uj\u00facim dirigentom SF <strong>Rastislavom \u0160t\u00farom.<\/strong> Zabojuj\u00fa o prvenstvo, o ktorom rozhodne medzin\u00e1rodn\u00e1 porota zlo\u017een\u00e1 z prest\u00ed\u017enych klaviristov a pedag\u00f3gov \/predseda &#8211; Pavel Gililov <em>Nemecko, <\/em>\u010dlenovia \u2013 Andrea Bonatta, <em>Taliansko,<\/em> Eva Cahov\u00e1, <em>Slovensk\u00e1 republika,<\/em> Martin Kas\u00edk, <em>\u010cesk\u00e1 republika,<\/em> Marian Lap\u0161ansk\u00fd, <em>Slovensk\u00e1 republika,<\/em> Eliso Virsaladze, <em>Gruz\u00ednsko,<\/em> Andrey Yaroshinsky, <em>Rusko\/.<\/em><\/p>\n<p>&nbsp;<\/p>\n<p><strong>Vstupenky<\/strong> na sobotn\u00e9 sl\u00e1vnostn\u00e9 popoludnie a ve\u010der s\u00fa v predaji v Pokladnici Slovenskej filharm\u00f3nie, online predaj a rezerv\u00e1cie na <a href=\"http:\/\/www.navstevnik.sk\">www.navstevnik.sk<\/a> a \u00a0v sieti Ticketportal.<\/p>\n<p>&nbsp;<\/p>\n<ol start=\"9\">\n<li><strong> medzin\u00e1rodn\u00e1 klav\u00edrna s\u00fa\u0165a\u017e J. N. Hummela <\/strong>sa uskuto\u010dn\u00ed pod z\u00e1\u0161titou ministra kult\u00fary Slovenskej republiky Marka Ma\u010fari\u010da.<\/li>\n<\/ol>\n<p>&nbsp;<\/p>\n<p><strong><a href=\"http:\/\/www.filharmonia.sk\">www.filharmonia.sk<\/a><\/strong><\/p>\n","protected":false},"excerpt":{"rendered":"<p>Tret\u00ed septembrov\u00fd t\u00fd\u017ede\u0148 sa v\u00a0Bratislave stretn\u00fa mlad\u00ed klaviristi z r\u00f4znych k\u00fatov\u00a0 sveta\u00a0 a zabojuj\u00fa\u00a0 o prvenstvo na 9. ro\u010dn\u00edku medzin\u00e1rodnej klav\u00edrnej s\u00fa\u0165a\u017ee Johanna Nepomuka Hummela.<\/p>\n","protected":false},"author":7,"featured_media":0,"comment_status":"closed","ping_status":"closed","sticky":false,"template":"","format":"standard","meta":{"footnotes":""},"categories":[45,11,53,48],"tags":[],"class_list":["post-80062","post","type-post","status-publish","format-standard","hentry","category-nas-tip","category-news","category-ponuky","category-umenie-a-kultura","eq-blocks"],"_links":{"self":[{"href":"https:\/\/www.slovaklinesmagazin.sk\/cms\/wp-json\/wp\/v2\/posts\/80062","targetHints":{"allow":["GET"]}}],"collection":[{"href":"https:\/\/www.slovaklinesmagazin.sk\/cms\/wp-json\/wp\/v2\/posts"}],"about":[{"href":"https:\/\/www.slovaklinesmagazin.sk\/cms\/wp-json\/wp\/v2\/types\/post"}],"author":[{"embeddable":true,"href":"https:\/\/www.slovaklinesmagazin.sk\/cms\/wp-json\/wp\/v2\/users\/7"}],"replies":[{"embeddable":true,"href":"https:\/\/www.slovaklinesmagazin.sk\/cms\/wp-json\/wp\/v2\/comments?post=80062"}],"version-history":[{"count":1,"href":"https:\/\/www.slovaklinesmagazin.sk\/cms\/wp-json\/wp\/v2\/posts\/80062\/revisions"}],"predecessor-version":[{"id":80063,"href":"https:\/\/www.slovaklinesmagazin.sk\/cms\/wp-json\/wp\/v2\/posts\/80062\/revisions\/80063"}],"wp:attachment":[{"href":"https:\/\/www.slovaklinesmagazin.sk\/cms\/wp-json\/wp\/v2\/media?parent=80062"}],"wp:term":[{"taxonomy":"category","embeddable":true,"href":"https:\/\/www.slovaklinesmagazin.sk\/cms\/wp-json\/wp\/v2\/categories?post=80062"},{"taxonomy":"post_tag","embeddable":true,"href":"https:\/\/www.slovaklinesmagazin.sk\/cms\/wp-json\/wp\/v2\/tags?post=80062"}],"curies":[{"name":"wp","href":"https:\/\/api.w.org\/{rel}","templated":true}]}}