{"id":80064,"date":"2017-09-13T14:17:41","date_gmt":"2017-09-13T12:17:41","guid":{"rendered":"http:\/\/slovaklinesmagazin.sk\/cms\/?p=80064"},"modified":"2017-09-13T14:17:52","modified_gmt":"2017-09-13T12:17:52","slug":"predaj-vstupeniek","status":"publish","type":"post","link":"https:\/\/www.slovaklinesmagazin.sk\/cms\/2017\/09\/predaj-vstupeniek\/","title":{"rendered":"PREDAJ VSTUPENIEK"},"content":{"rendered":"<p>V\u00a0t\u00fdchto d\u0148och \u00a0je mo\u017en\u00e9 zak\u00fapi\u0165 si vstupenky na tri vybran\u00e9 koncerty \u00a069. sez\u00f3ny Slovenskej filharm\u00f3nie.<\/p>\n<p><strong><u>sobota 23. september 2017<\/u><\/strong><\/p>\n<p>Koncertn\u00e1 sie\u0148 SF, 16.00 a\u00a019.00 h<\/p>\n<p><strong>Fin\u00e1le 9. ro\u010dn\u00edka Medzin\u00e1rodnej klav\u00edrnej s\u00fa\u0165a\u017ee J. N. Hummela<\/strong><\/p>\n<p><strong>16.00 \u2013 18.00<\/strong>\u00a0\u00a0 Koncerty pre klav\u00edr a orchester<\/p>\n<p>spolu\u00fa\u010dinkuje Slovensk\u00e1 filharm\u00f3nia pod taktovkou st\u00e1leho hos\u0165uj\u00faceho dirigenta SF Rastislava \u0160t\u00fara<\/p>\n<p><strong>19.00<\/strong> Sl\u00e1vnostn\u00e9 vyhl\u00e1senie laure\u00e1tov, odovzd\u00e1vanie cien a koncert v\u00ed\u0165azov<\/p>\n<p><strong>Na prv\u00e9 tri kol\u00e1 s\u00fa\u0165a\u017ee, ktor\u00e9 sa uskuto\u010dnia od pondelka do piatku (18. \u2013 22. septembra 2017) v\u00a0Malej s\u00e1le SF je vstup pre verejnos\u0165 VO\u013dN\u00dd. <\/strong><\/p>\n<p>vstupn\u00e9 6\u20ac<\/p>\n<p>\u0161tudenti, d\u00f4chodcovia a \u0164ZP so 40% z\u013eavou<\/p>\n<p>&#8230;&#8230;&#8230;&#8230;&#8230;&#8230;&#8230;&#8230;&#8230;&#8230;&#8230;&#8230;&#8230;&#8230;&#8230;&#8230;&#8230;&#8230;&#8230;&#8230;&#8230;&#8230;&#8230;&#8230;&#8230;&#8230;&#8230;&#8230;&#8230;&#8230;&#8230;&#8230;&#8230;&#8230;&#8230;&#8230;&#8230;&#8230;..<\/p>\n<p><strong><u>sobota 21. okt\u00f3ber 2017<\/u><\/strong><\/p>\n<p>St\u013apov\u00e1 sie\u0148 SF, 16.00 h<\/p>\n<p><strong>KONCERT BEZ BARI\u00c9R <\/strong><\/p>\n<p><strong>Slovensk\u00fd komorn\u00fd orchester<\/strong><\/p>\n<p><strong>Ewald Danel, <\/strong>um. ved\u00faci,\u00a0 husle<\/p>\n<p><strong>Alexandrea Soumm <\/strong>husle<\/p>\n<p>U\u017e po \u0161iestykr\u00e1t zaradili \u010dlenovia <strong>Slovensk\u00e9ho komorn\u00e9ho orchestra<\/strong> s umeleck\u00fdm ved\u00facim <strong>Ewaldom Danelom<\/strong>\u00a0 do dramaturgie svojich koncertov popoludnie pre\u00a0 zdravotne postihnut\u00fdch.\u00a0 <strong>Koncert bez bari\u00e9r<\/strong> sa uskuto\u010dn\u00ed v <strong>sobotu 21. okt\u00f3bra o 16-tej<\/strong> v <strong>St\u013apovej sieni Slovenskej filharm\u00f3nie<\/strong>.\u00a0 S\u00f3listkou sobotn\u00e9ho popoludnia bude mlad\u00e1 hus\u013eov\u00e1 virtu\u00f3zka <strong>Alexandra Soumm<\/strong>, rod\u00e1\u010dka z Moskvy. \u017dia\u010dka renomovan\u00e9ho pedag\u00f3ga vo Viedni Borisa Kuschnira zv\u00ed\u0165azila roku 2004 na S\u00fa\u0165a\u017ei Eurov\u00edzie. \u017dije v Par\u00ed\u017ei, kde spolu s priate\u013ekami zalo\u017eila neziskov\u00fa organiz\u00e1ciu Esperanz\u2019Arts, ktorej poslan\u00edm je spr\u00edstupni\u0165 v\u0161etky druhy umenia de\u0165om a \u013eu\u010fom v \u0161kol\u00e1ch, nemocniciach, v\u00e4zniciach a \u00fatulkoch pre \u013eud\u00ed bez domova. <strong>Bezbari\u00e9rov\u00fd vstup\u00a0\u00a0 je zabezpe\u010den\u00fd z\u00a0Medenej ulice \u010d. 3, slu\u017eobn\u00fd vchod SF.<\/strong><\/p>\n<p>vstupn\u00e9\u00a0 8\u20ac, 2\u20ac \u0164ZP<\/p>\n<p><strong><u>sobota 25. november 2017<\/u><\/strong><\/p>\n<p>Koncertn\u00e1 sie\u0148 SF, 18.00 h<\/p>\n<p><strong>Raper Vivaldi<\/strong><\/p>\n<p><strong>THE CLASSICAL MUSIC MANIACS<\/strong><\/p>\n<p><strong>J.E.RU\u017dI\u010cKA,<\/strong> um. ved\u00faci, husle\u00a0 a <strong>M. SPIRIT,<\/strong> raper<\/p>\n<p>Komorn\u00fd orchester\u00a0 The Classical Music Maniacs s umeleck\u00fdm ved\u00facim Jarol\u00edmom Emmanuelom Ru\u017ei\u010dkom, koncertn\u00fdm majstrom SF,\u00a0 pripravili v cykle Junior zauj\u00edmav\u00fd medzi\u017e\u00e1nrov\u00fd projekt s n\u00e1zvom Raper Vivaldi. Komorn\u00fd ans\u00e1mbel vyst\u00fapi v Koncertnej sieni Slovenskej filharm\u00f3nie\u00a0 s na\u0161im najzn\u00e1mej\u0161\u00edm raperom Mikom Spiritom. Po viacer\u00fdch \u00faspe\u0161n\u00fdch projektoch sa mlad\u00fd drav\u00fd hudobn\u00edci pok\u00fasia spoji\u0165 klasick\u00fd reperto\u00e1r s rapom. V sobotu 25. novembra o 18-tej.<\/p>\n<p>vstupn\u00e9 11\u20ac, 8\u20ac<\/p>\n<p>\u0161tudenti, d\u00f4chodcovia a \u0164ZP so 40% z\u013eavou<\/p>\n<p><strong>PREDAJ VSTUPENIEK NA JEDNOTLIV\u00c9 KONCERTY V SEZ\u00d3NE 2017\/2018 ZA\u010cNE V PONDELOK 9. OKT\u00d3BRA 2017.<\/strong><\/p>\n","protected":false},"excerpt":{"rendered":"<p>V\u00a0t\u00fdchto d\u0148och \u00a0je mo\u017en\u00e9 zak\u00fapi\u0165 si vstupenky na tri vybran\u00e9 koncerty \u00a069. sez\u00f3ny Slovenskej filharm\u00f3nie. sobota 23. september 2017 Koncertn\u00e1 sie\u0148 SF, 16.00 a\u00a019.00 h Fin\u00e1le 9. ro\u010dn\u00edka Medzin\u00e1rodnej klav\u00edrnej s\u00fa\u0165a\u017ee J. N. Hummela 16.00 \u2013 18.00\u00a0\u00a0 Koncerty pre klav\u00edr a orchester spolu\u00fa\u010dinkuje Slovensk\u00e1 filharm\u00f3nia pod taktovkou st\u00e1leho hos\u0165uj\u00faceho dirigenta SF Rastislava \u0160t\u00fara 19.00 Sl\u00e1vnostn\u00e9 [&hellip;]<\/p>\n","protected":false},"author":7,"featured_media":80065,"comment_status":"closed","ping_status":"closed","sticky":false,"template":"","format":"standard","meta":{"footnotes":""},"categories":[45,11,53,48],"tags":[],"class_list":["post-80064","post","type-post","status-publish","format-standard","has-post-thumbnail","hentry","category-nas-tip","category-news","category-ponuky","category-umenie-a-kultura","eq-blocks"],"_links":{"self":[{"href":"https:\/\/www.slovaklinesmagazin.sk\/cms\/wp-json\/wp\/v2\/posts\/80064","targetHints":{"allow":["GET"]}}],"collection":[{"href":"https:\/\/www.slovaklinesmagazin.sk\/cms\/wp-json\/wp\/v2\/posts"}],"about":[{"href":"https:\/\/www.slovaklinesmagazin.sk\/cms\/wp-json\/wp\/v2\/types\/post"}],"author":[{"embeddable":true,"href":"https:\/\/www.slovaklinesmagazin.sk\/cms\/wp-json\/wp\/v2\/users\/7"}],"replies":[{"embeddable":true,"href":"https:\/\/www.slovaklinesmagazin.sk\/cms\/wp-json\/wp\/v2\/comments?post=80064"}],"version-history":[{"count":2,"href":"https:\/\/www.slovaklinesmagazin.sk\/cms\/wp-json\/wp\/v2\/posts\/80064\/revisions"}],"predecessor-version":[{"id":80067,"href":"https:\/\/www.slovaklinesmagazin.sk\/cms\/wp-json\/wp\/v2\/posts\/80064\/revisions\/80067"}],"wp:featuredmedia":[{"embeddable":true,"href":"https:\/\/www.slovaklinesmagazin.sk\/cms\/wp-json\/wp\/v2\/media\/80065"}],"wp:attachment":[{"href":"https:\/\/www.slovaklinesmagazin.sk\/cms\/wp-json\/wp\/v2\/media?parent=80064"}],"wp:term":[{"taxonomy":"category","embeddable":true,"href":"https:\/\/www.slovaklinesmagazin.sk\/cms\/wp-json\/wp\/v2\/categories?post=80064"},{"taxonomy":"post_tag","embeddable":true,"href":"https:\/\/www.slovaklinesmagazin.sk\/cms\/wp-json\/wp\/v2\/tags?post=80064"}],"curies":[{"name":"wp","href":"https:\/\/api.w.org\/{rel}","templated":true}]}}