{"id":80068,"date":"2017-09-13T14:24:01","date_gmt":"2017-09-13T12:24:01","guid":{"rendered":"http:\/\/slovaklinesmagazin.sk\/cms\/?p=80068"},"modified":"2017-09-13T14:24:01","modified_gmt":"2017-09-13T12:24:01","slug":"69-koncertna-sezona-slovenskej-filharmonie-20172018","status":"publish","type":"post","link":"https:\/\/www.slovaklinesmagazin.sk\/cms\/2017\/09\/69-koncertna-sezona-slovenskej-filharmonie-20172018\/","title":{"rendered":"69. koncertn\u00e1 sez\u00f3na Slovenskej filharm\u00f3nie 2017\/2018"},"content":{"rendered":"<p><strong>Slovensk\u00e1 filharm\u00f3nia<\/strong> otvor\u00ed v\u00a0septembri <strong>69. koncertn\u00fa sez\u00f3nu 2017\/2018, <\/strong>ktor\u00e1 potrv\u00e1 do <strong>19. j\u00fana 2018.<\/strong><\/p>\n<p><a href=\"http:\/\/www.slovenskafilharmonia.sk\" target=\"_blank\" rel=\"noopener\"><img decoding=\"async\" class=\"aligncenter\" src=\"http:\/\/slovaklinesmagazin.sk\/cms\/wp-content\/uploads\/2017\/09\/Slovenska-filharmonia.jpg\" \/><\/a><\/p>\n<p><strong>\u00a0<\/strong>Tret\u00ed septembrov\u00fd t\u00fd\u017ede\u0148<strong> (18. \u2013 23. septembra) <\/strong>sa v <strong>bratislavskej Redute\u00a0 <\/strong>uskuto\u010dn\u00ed <strong>9. ro\u010dn\u00edk Medzin\u00e1rodnej klav\u00edrnej s\u00fa\u0165a\u017ee Johanna Nepomuka Hummela <\/strong>a\u00a0<strong>53. ro\u010dn\u00edk Medzin\u00e1rodn\u00e9ho hudobn\u00e9ho festivalu Bratislavsk\u00e9 hudobn\u00e9 sl\u00e1vnosti.\u00a0 (28. september \u2013 15. okt\u00f3ber).<\/strong><\/p>\n<p>Na post \u0161\u00e9fdirigenta Slovenskej filharm\u00f3nie nast\u00fapi maestro James Judd, ktor\u00fd uvedie so Slovenskou filharm\u00f3niou Otv\u00e1rac\u00ed koncert 53. ro\u010dn\u00edka BHS (28. septembra) a\u00a0Otv\u00e1racie koncerty 69. sez\u00f3ny SF (26. a\u00a027. okt\u00f3bra). Post\u00a0 st\u00e1lych hos\u0165uj\u00facich dirigentov Slovenskej filharm\u00f3nie zast\u00e1vaj\u00fa na\u010falej &#8211;\u00a0 \u010desk\u00fd dirigent Leo\u0161 Sv\u00e1rovsk\u00fd a\u00a0 slovensk\u00fd dirigent Rastislav \u0160t\u00far, ktor\u00fd je aj\u00a0 hlavn\u00fd dirigent Opery SND.<\/p>\n<p>Koncerty v\u0161etk\u00fdch abonentn\u00fdch cyklov sa uskuto\u010dnia v\u00a0priestoroch bratislavskej <strong>Reduty, <\/strong>s\u00eddla<strong> Slovenskej filharm\u00f3nie &#8211; <\/strong>v <strong>Koncertnej sieni<\/strong> a <strong>Malej s\u00e1le SF. <\/strong>Koncerty cyklu <strong>Hudba v\u00a0chr\u00e1moch<\/strong> sa bud\u00fa kona\u0165 v\u00a0bratislavsk\u00fdch kostoloch: v\u00a0Kostole Cirkvi bratskej na Cukrovej ulici, v\u00a0Kostole Najsv\u00e4tej\u0161ieho spasite\u013ea (Jezuiti) \u00a0a v Katedr\u00e1le sv. Martina.<\/p>\n<p><strong>6<\/strong><strong>9<\/strong><strong>. koncertn\u00e1 sez\u00f3na 201<\/strong><strong>7<\/strong><strong>\/201<\/strong><strong>8<\/strong> pon\u00faka abonentom a\u00a0n\u00e1v\u0161tevn\u00edkom<\/p>\n<p><strong>14 koncertn\u00fdch cyklov<\/strong> \u2013 Symfonicko &#8211; vok\u00e1lny, <strong><em>cyklus A\/B;<\/em><\/strong> Hudba troch storo\u010d\u00ed: <strong><em>cyklus D\/E;<\/em><\/strong> Popul\u00e1rne koncerty, <strong><em>cyklus C;<\/em><\/strong> Mimoriadne koncerty, <strong><em>cyklus M;<\/em><\/strong> Rodinn\u00e9 koncerty<strong><em>, cyklus R;<\/em><\/strong> Hudobn\u00e1 akad\u00e9mia Slovenskej filharm\u00f3nie vr\u00e1tane Filharmonickej \u0161k\u00f4lky, \u00a0<strong><em>cyklus HA;<\/em><\/strong> Junior koncerty, <strong><em>cyklus J;<\/em><\/strong> Organov\u00e9 koncerty, <strong><em>cyklus O,<\/em><\/strong> Koncerty\u00a0 Slovensk\u00e9ho komorn\u00e9ho orchestra, <strong><em>cyklus SKO;<\/em><\/strong> Hudba v\u00a0chr\u00e1moch, <strong><em>cyklus S, <\/em><\/strong>Hudobn\u00e1 mozaika, <strong><em>cyklus HM;<\/em><\/strong>\u00a0 Star\u00e1 hudba, <strong><em>cyklus SH;<\/em><\/strong> Hudba a\u00a0slovo , <strong><em>cyklus HS <\/em><\/strong><em>a\u00a0<\/em> koncertn\u00fd cyklus v\u00a0Malej s\u00e1le SF Klav\u00edr a\u00a0klaviristi<em>,<strong> cyklus K.\u00a0\u00a0 <\/strong><\/em><\/p>\n<ul>\n<li><strong>Slovensk\u00e1 filharm\u00f3nia<\/strong> sa predstav\u00ed pod taktovkou \u0161\u00e9fdirigenta SF <strong>Jamesa Judda<\/strong> na <strong>7<\/strong><strong> dvojiciach koncertov hlavn\u00fdch abonentn\u00fdch cyklov<\/strong> (26., 27. okt\u00f3ber 2017, 2., 3. november 2017, 22., 23. marec 2018, 28., 29. marec 2018, 12., 13. apr\u00edl 2018, 19., 20. apr\u00edl 2018, 31. m\u00e1j a\u00a01. j\u00fan 2018).<\/li>\n<li>Spolo\u010dne s\u00a0na\u0161imi telesami \u0161\u00e9fdirigent SF uvedie koncert na festivale Pra\u017esk\u00e1 jar, venovan\u00fd 100. v\u00fdro\u010diu zalo\u017eenia \u010ceskoslovenskej republiky. Zaznie na \u0148om \u010desko-slovensk\u00fd program \u00a0poslednej koncertnej dvojice symfonick\u00e9ho cyklu D\/E 69. sez\u00f3ny SF. \u00a0Diela Zde\u0148ka Fibicha, Anton\u00edna Dvo\u0159\u00e1ka a\u00a0Eugena Sucho\u0148a.<\/li>\n<li>Udalos\u0165ou <strong>6<\/strong><strong>9<\/strong><strong>. koncertnej sez\u00f3ny Slovenskej filharm\u00f3nie<\/strong> bude dvojn\u00e1sobn\u00e9 \u00fa\u010dinkovanie maestra <strong>Pinchasa Steinberga,<\/strong> ktor\u00fd bude hos\u0165om filharmonickej sez\u00f3ny op\u00e4\u0165 po \u0161tyroch rokoch, v\u00a0novembri 2017 a\u00a0janu\u00e1ri 2018. V\u00a0janu\u00e1ri 2018 sa Slovensk\u00e1 filharm\u00f3nia predstav\u00ed\u00a0 pod taktovkou hviezdneho \u00a0<strong>Juraja Val\u010duhu, <\/strong>ktor\u00fd tentokr\u00e1t uvedie <strong>Trojkr\u00e1\u013eov\u00fd koncert.<\/strong> \u00a0\u00a0Na jednej z\u00a0m\u00e1jov\u00fdch symfonick\u00fdch dvoj\u00edc sa predstav\u00ed ako s\u00f3lista nemeck\u00fd \u00a0bezruk\u00fd hr\u00e1\u010d na lesnom rohu <strong>Felix Klieser,<\/strong> ktor\u00fd svoj n\u00e1stroj obsluhuje nohami. \u00a0Vo febru\u00e1ri \u00a0filharmonici vyst\u00fapia s Emmanuelm Villaumom, b\u00fdval\u00fdm \u0161\u00e9fdirigentom SF.<\/li>\n<\/ul>\n<p><strong>v<\/strong><strong>\u00a0r\u00e1mci koncertnej sez\u00f3ny\u00a0 <\/strong><strong>zaznej\u00fa <\/strong><strong>viacer\u00e9 diela slovensk\u00fdch autorov: <\/strong><\/p>\n<p><strong>\u013dubica \u010cekovsk\u00e1\u00a0\u00a0 \u00a0\u00a0<\/strong>Palingenia (slovensk\u00e1 premi\u00e9ra)<\/p>\n<p>Koleda<\/p>\n<p><strong>J\u00e1n Levoslav Bella<\/strong>\u00a0\u00a0 Jaroslav a\u00a0Laura, koncertn\u00e1 \u00e1ria<\/p>\n<p>Osud a\u00a0ide\u00e1l, symfonick\u00e1 b\u00e1se\u0148<\/p>\n<p><strong>Alexander Moyzes<\/strong>\u00a0\u00a0 Partita na poctu Majstra Pavla z\u00a0Levo\u010de, op. 67<\/p>\n<p><strong>Egon Kr\u00e1k<\/strong> \u00a0\u00a0\u00a0\u00a0\u00a0\u00a0\u00a0\u00a0\u00a0\u00a0\u00a0\u00a0\u00a0\u00a0\u00a0Message (premi\u00e9ra)<\/p>\n<p><strong>Eugen Sucho\u0148<\/strong>\u00a0\u00a0 \u00a0\u00a0\u00a0\u00a0\u00a0\u00a0\u00a0\u017dalm zeme podkarpatskej, kant\u00e1ta op. 12, ESD 65<\/p>\n<p>Symfonick\u00e1 fant\u00e1zia na BACH pre organ, sl\u00e1\u010dikov\u00e9 a\u00a0bicie<\/p>\n<p>n\u00e1stroje, ESD 93<\/p>\n<p><strong>\u013dubo\u0161 Bern\u00e1th \/ Tom\u00e1\u0161 Sur\u00fd<\/strong>\u00a0\u00a0 Pole pastierov, mal\u00e1 viano\u010dn\u00e1 kant\u00e1ta (premi\u00e9ra)<\/p>\n<p>&nbsp;<\/p>\n<ul>\n<li>Aj<strong> v\u00a069. koncertnej sez\u00f3ne <\/strong>sa bud\u00fa kona\u0165 po vybran\u00fdch \u0161iestich piatkov\u00fdch koncertoch<strong>\u00a0 besedy <\/strong>\u00a0s\u00a0hos\u0165uj\u00facimi i\u00a0dom\u00e1cimi dirigentmi, s\u00f3listami \u010di skladate\u013emi. Stretnutia sa uskuto\u010dnia v\u017edy 15 min\u00fat po koncerte a bud\u00fa moderovan\u00e9 (8. 12. 2017, 19. 1., 2. 2., 27. 4., 11. 5., 1. 6. 2018).<\/li>\n<li>Po\u010das 69. sez\u00f3ny sa v\u0161etky teles\u00e1 <strong>Slovenskej filharm\u00f3nie<\/strong>\u00a0 \/ <strong>SF, SFZ<\/strong> a\u00a0<strong>SKO <\/strong>\/ predstavia\u00a0 na zahrani\u010dn\u00fdch koncertn\u00fdch p\u00f3di\u00e1ch. <strong>Slovensk\u00e1 filharm\u00f3nia<\/strong> \u2013 <strong>Nemecko, \u010cesk\u00e1 republika Japonsko, Slovensk\u00fd filharmonick\u00fd zbor<\/strong> \u2013 <strong>Monaco, Rak\u00fasko, Taliansko, \u010cesk\u00e1 republika Nemecko, Slovensk\u00fd komorn\u00fd orchester \u010cesk\u00e1 republika, Japonsko.<\/strong><\/li>\n<li><strong>Z\u00e1znamy vybran\u00fdch koncertov<\/strong> s\u00fa zverejnen\u00e9 na domovskej str\u00e1nke <strong>www.filharmonia.sk\n<p><\/strong><\/li>\n<li>V <strong>pondelok 18 septembra <\/strong>sa<strong> za\u010dne <\/strong>vo\u013en\u00fd predaj abonentiek pre v\u0161etk\u00fdch z\u00e1ujemcov a\u00a0v\u00a0<strong>pondelok 9. okt\u00f3bra<\/strong> predaj vstupeniek na jednotliv\u00e9 koncerty v sez\u00f3ne 2017\/2018. Do <strong>\u0161tvrtku 14. septembra<\/strong> trv\u00e1 prednostn\u00fd predaj (v\u00fdmena) abonentiek pre abonentov z\u00a0minulej koncertnej sez\u00f3ny.<\/li>\n<li>Celosez\u00f3nny bulletin na 69. koncertn\u00fa sez\u00f3nu SF je v predaji v Pokladnici SF.<\/li>\n<li>Pokladnica Slovenskej filharm\u00f3nie, Reduta, N\u00e1m. Eugena Sucho\u0148a 1, Bratislava, otvoren\u00e1 Po: 9 \u2013 14.00, Ut \u2013 Pia: 13.00 \u2013 19.00. rezerv\u00e1cie 02\/20475233, e mail: vstupenky@filharmonia.sk<\/li>\n<li>Po\u010das celej koncertnej sez\u00f3ny je mo\u017en\u00e9 vyu\u017e\u00edva\u0165 pohodln\u00fd online predaj vstupeniek na webovej str\u00e1nke www.filharmonia.sk &#8211; cez syst\u00e9m N\u00c1V\u0160TEVN\u00cdK.sk.<\/li>\n<\/ul>\n<h1><u>Hlavn\u00e9 abonentn\u00e9 cykly v\u00a0Koncertnej sieni SF<\/u><\/h1>\n<p>&nbsp;<\/p>\n<h1>\u25ba Symfonicko-vok\u00e1lny cyklus A\/B<\/h1>\n<p>2 x 12 abonentn\u00fdch\u00a0 koncertov o\u00a019.00 h v\u017edy vo \u0161tvrtok a\u00a0v\u00a0piatok (okrem 28. 03. 2018 v\u00a0stredu) v\u00a0Koncertnej sieni Slovenskej filharm\u00f3nie<\/p>\n<p>&nbsp;<\/p>\n<p><strong>\u25ba Hudba troch storo\u010d\u00ed D\/E<\/strong><\/p>\n<p>2 x 12 abonentn\u00fdch koncertov o\u00a019.00 h v\u017edy vo \u0161tvrtok a\u00a0v\u00a0piatok v Koncertnej sieni Slovenskej filharm\u00f3nie<\/p>\n<p>&nbsp;<\/p>\n<p><strong>\u25ba Popul\u00e1rny cyklus\u00a0 C<\/strong><\/p>\n<p>5 abonentn\u00fdch koncertov\u00a0 o\u00a019.00 h v\u017edy vo \u0161tvrtok v\u00a0Koncertnej sieni Slovenskej filharm\u00f3nie<\/p>\n<p>&nbsp;<\/p>\n<p>Orchester <strong>Slovensk\u00e1 filharm\u00f3nia<\/strong> a\u00a0<strong>Slovensk\u00fd filharmonick\u00fd zbor<\/strong> sa v\u00a0hlavnom <strong>Symfonicko-vok\u00e1lnom<\/strong> cykle <strong>A\/B, <\/strong>\u00a0cykle<strong> Hudba troch storo\u010d\u00ed D\/E <\/strong>\u00a0a\u00a0v\u00a0<strong>Popul\u00e1rnom cykle<\/strong> <strong>C <\/strong>predstavia pod taktovkou <strong>osemn\u00e1stich \u00a0dirigentov. <\/strong><\/p>\n<p>&nbsp;<\/p>\n<p><strong><u>Symfonicko-vok\u00e1lny cyklus A\/B<\/u><\/strong><\/p>\n<p>&nbsp;<\/p>\n<p>V r\u00e1mci Symfonicko-vok\u00e1lneho cyklu \u00a0priv\u00edtame v\u00a0sez\u00f3ne nieko\u013eko v\u00fdznamn\u00fdch osobnost\u00ed svetov\u00e9ho koncertn\u00e9ho umenia: popri novom \u0161\u00e9fdirigentovi, britskom maestrovi Jamesovi Juddovi, sa pred orchester SF po prv\u00fdkr\u00e1t postav\u00ed \u00a0rak\u00fasky dirigent Sascha G\u00f6tzel, hos\u0165uj\u00faci dirigent Viedenskej \u0161t\u00e1tnej opery a\u00a0hlavn\u00fd hos\u0165uj\u00faci dirigent Kanagawa Philharmonic Orchestra v\u00a0Japonsku, Wayne Marshall, \u0161\u00e9f Kol\u00ednskeho rozhlasov\u00e9ho orchestra,\u00a0 ktor\u00fd sa predstav\u00ed \u00a0nielen ako dirigent, ale s\u00fa\u010dasne aj ako s\u00f3lov\u00fd klavirista a\u00a0 po\u013esk\u00fd dirigent Lukasz Borowicz, ktor\u00fd v\u00a0Bratislave hos\u0165oval v\u00a0roku 2007 na festivale Melos-\u00c9thos. Z\u00a0pravideln\u00fdch host\u00ed sa za dirigentsk\u00fd pult postavia Leo\u0161 Sv\u00e1rovsk\u00fd, Petr Altrichter, \u00a0Piotr Gribanov, Ernst Theis, Kaspar Zehnder a\u00a0b\u00fdval\u00fd \u0161\u00e9fdirigent SF Emmanuel Villaume. \u00a0\u00a0Zo s\u00f3listov, preva\u017ene klaviristov, treba spomen\u00fa\u0165 bulharsk\u00e9ho virtu\u00f3za Evgeniho Bozhanova, ktor\u00fd hos\u0165oval v\u00a0Bratislave po\u010das 47. ro\u010dn\u00edka Bratislavsk\u00fdch hudobn\u00fdch sl\u00e1vnost\u00ed, \u00a0Ameri\u010dana Andrewa von Oeyena, sk\u00fasen\u00e9ho anglick\u00e9ho svetobe\u017en\u00edka Stephena Hougha, Nemca Hinricha Alpersa, Mateja Arend\u00e1rika, ob\u013e\u00faben\u00e9ho huslistu Dalibora Karvaya a\u00a0mlad\u00e9ho bezruk\u00e9ho hr\u00e1\u010da na lesnom rohu Felixa Kliesera, ktor\u00fd svoj n\u00e1stroj obsluhuje nohami. Zo spev\u00e1kov priv\u00edtame napr\u00edklad izraelsk\u00fa sopranistku Chen Reiss, nemeck\u00e9ho tenoristu Dominika Wortiga, Simonu Houdu-\u0160aturov\u00fa, barytonistu Pavla Remen\u00e1ra a\u00a0mnoh\u00fdch \u010fal\u0161\u00edch.<\/p>\n<p>&nbsp;<\/p>\n<p><strong><u>Hudba troch storo\u010d\u00ed D\/E<\/u><\/strong><\/p>\n<p>V tomto cykle bude dominova\u0165 legend\u00e1rny izraelsk\u00fd dirigent \u00a0\u00a0Pinchas Steinberg, ktor\u00fd do Bratislavy zav\u00edta hne\u010f dvakr\u00e1t. Na svojom prvom koncerte uvedie zriedkavo hr\u00e1van\u00fa kant\u00e1tu F. Mendelssohna Bartholdyho\u00a0 Prv\u00e1 Valpurgina noc, na druhom koncerte, venovanom Medzin\u00e1rodn\u00e9mu d\u0148u pamiatky obet\u00ed holokaustu v janu\u00e1ri 2018,\u00a0 Sch\u00f6nbergov magick\u00fd opus Ten, kto pre\u017eil Var\u0161avu s charizmatick\u00fdm Jurajom Kukurom v \u00falohe rozpr\u00e1va\u010da.\u00a0 Aj n\u00e1v\u0161tevn\u00edci tohto cyklu si do s\u00fdtosti u\u017eij\u00fa \u0161\u00e9fdirigenta Jamesa Judda a\u00a0mnoh\u00fdch \u010fal\u0161\u00edch zahrani\u010dn\u00fdch umelcov &#8211; \u00a0bulharsk\u00e9ho dirigenta Pavla Baleffa, mlad\u00e9ho umelca Boiana Videnoffa, ktor\u00fd od roku 2010 p\u00f4sob\u00ed na poste umeleck\u00e9ho a gener\u00e1lneho riadite\u013ea Mannheimsk\u00fdch filharmonikov, \u00a0pravideln\u00e9ho hos\u0165a koncertn\u00fdch sez\u00f3n Alexandra Rahbariho a na\u0161ich st\u00e1lych hos\u0165uj\u00facich dirigentov Leo\u0161a Sv\u00e1rovsk\u00e9ho \u010di Rastislava \u0160t\u00fara.\u00a0 Pod taktovkou\u00a0 petrohradsk\u00e9ho rod\u00e1ka\u00a0 Daniela Raiskina zaznie po prv\u00fdkr\u00e1t v Bratislave\u00a0 \u0160ostakovi\u010dova 4. symf\u00f3nia. Marian Lap\u0161ansk\u00fd, gener\u00e1lny riadite\u013e SF, bude s\u00f3listom 2. klav\u00edrneho koncertu P. I. \u010cajkovsk\u00e9ho, franc\u00fazsky pianista Jean-Fr\u00e9deric Neuburger zahr\u00e1 s\u00f3lov\u00fd part Beethovenovho 4. klav\u00edrneho koncertu.\u00a0 Z huslistov priv\u00edtame rusk\u00fa virtu\u00f3zku Alenu Baevu, v\u00ed\u0165azku Medzin\u00e1rodnej hus\u013eovej s\u00fa\u0165a\u017ee Sendai (Japonsko 2007), finalistku Medzin\u00e1rodnej hus\u013eovej s\u00fa\u0165a\u017ee Queen Elisabeth (Brusel 2005),\u00a0 v\u00ed\u0165azku Medzin\u00e1rodnej hus\u013eovej s\u00fa\u0165a\u017ee N. Paganiniho v\u00a0Moskve, rusk\u00e9ho huslistu \u00a0\u00a0Mikhaila Ovrutsk\u00e9ho, dr\u017eite\u013ea viacer\u00fdch medzin\u00e1rodn\u00fdch ocenen\u00ed. Violon\u010delisti bud\u00fa zast\u00fapen\u00ed Ma\u010farom Istv\u00e1nom V\u00e1rdaiom, Nemcom Julianom Steckelom a\u00a0 Franc\u00fazom Sebastienom Hurtaudom, o\u00a0ktorom americk\u00fd \u010dasopis \u201eFanfare Magazine\u201c nap\u00edsal: \u201eumelec je du\u0161ou Rostropovi\u010d, technikou Feuermann\u201c. V\u00a0Slovenskej filharm\u00f3nii uvedie Sebastien Hurtaud z\u00e1bavn\u00fd Koncert pre violon\u010delo a dychov\u00fd orchester Friedricha Guldu. Hos\u0165ova\u0165 bude aj hudobn\u00e1 rodina \u010ci\u017emarovi\u010dovcov (otec, syn a bratranec) pri predveden\u00ed s\u00f3lov\u00fdch partov Beethovenovho Trojkoncertu pre husle, violon\u010delo, klav\u00edr a\u00a0orchester C dur, op. 56.\u00a0 Na z\u00e1ver zaznie \u010desko-slovensk\u00fd program v podan\u00ed Jamesa Judda, s ktor\u00fdm sa na\u0161e teles\u00e1, orchester a\u00a0zbor, \u00a0v j\u00fani 2018 pri pr\u00edle\u017eitosti 100. v\u00fdro\u010dia zalo\u017eenia \u010ceskoslovenska predstavia aj na festivale Pra\u017esk\u00e1 jar.<\/p>\n<p><strong><u>Popul\u00e1rny cyklus C<\/u><\/strong><\/p>\n<p>V Popul\u00e1rnom cykle, zameranom na \u0161irok\u00fa vrstvu na\u0161ich dlhoro\u010dn\u00fdch abonentov, bud\u00fa \u00fa\u010dinkova\u0165 dirigenti Jesus Medina z\u00a0Mexika, ktor\u00fd uvedie program preva\u017ene z diel juhoamerick\u00fdch autorov, Daejin Kim z K\u00f3rey a Poliak Jacek Rogala. Zo s\u00f3listov priv\u00edtame klaviristov Mariana Sobulu, ktor\u00fd prednesie s\u00f3lov\u00fd part unik\u00e1tneho klav\u00edrneho koncertu I. Paderewsk\u00e9ho a \u00a0Rema Urasina.\u00a0 Z huslistov to bud\u00fa traja mlad\u00ed slovensk\u00ed interpreti Dalibor Karvay, Milan Pa\u013ea a Miroslav Ambro\u0161. \u0164a\u017eisko cyklu \u00a0tvoria zn\u00e1me symfonick\u00e9 diela\u00a0 &#8211; Symf\u00f3nia \u010d. 5 c mol Osudov\u00e1, op. 67 Ludwiga van Beethovena, symfonick\u00e1 b\u00e1se\u0148 Finlandia Jeana Sibelia,\u00a0 \u010di Symf\u00f3nia \u010d. 6 h mol Patetick\u00e1, op. 74 Piotra I\u013eji\u010da \u010cajkovsk\u00e9ho.<\/p>\n<p><strong><u>Dramaturgick\u00e9 zauj\u00edmavosti <\/u><\/strong><\/p>\n<p>Mnoh\u00e9 z\u00a0diel, ktor\u00e9 s\u00fa zaraden\u00e9 v\u00a0hlavn\u00fdch koncertn\u00fdch cykloch zaznej\u00fa v\u00a0r\u00e1mci sez\u00f3ny Slovenskej filharm\u00f3nie po prv\u00fdkr\u00e1t \u2013 orient\u00e1lna fant\u00e1zia op. 18 Islamey Milija Balakireva, Piese\u0148 o\u00a0odvekej t\u00fa\u017ebe op. 10 \u010d. 1 Miecyslawa Karlowicza, Koncert pre violon\u010delo a\u00a0dychov\u00fd orchester Friedricha Guldu, po takmer sto rokoch bude uveden\u00e1 v\u00a0Bratislave koncertn\u00e1 \u00e1ria Jaroslav a\u00a0Laura J\u00e1na Levoslava Bellu, zaraden\u00e9 je aj novoobjaven\u00e9 dielo Igora Stravinsk\u00e9ho Pohrebn\u00fd spev, op. 5, dielo, ktor\u00e9 skladate\u013e skomponoval pri pr\u00edle\u017eitosti \u00a0\u00famrtia svojho prv\u00e9ho pedag\u00f3ga Nikolaja Rimsk\u00e9ho-Korsakova.\u00a0\u00a0 Dramaturgickou zauj\u00edmavos\u0165ou je aj zaradenie zriedkavo hr\u00e1vanej kant\u00e1ty F. Mendelssohna Bartholdyho\u00a0 Prv\u00e1 Valpurgina noc a\u00a0 Sch\u00f6nbergovho\u00a0 opusu Ten, kto pre\u017eil Var\u0161avu s charizmatick\u00fdm Jurajom Kukurom v \u00falohe rozpr\u00e1va\u010da. V\u00a0premi\u00e9re zaznej\u00fa diela dvoch slovensk\u00fdch skladate\u013eov Palingenia \u013dubice \u010cekovskej\u00a0 a\u00a0 Message Egona Kr\u00e1ka.<\/p>\n<p><strong><u>Mimoriadne koncerty<\/u><\/strong><\/p>\n<p>15 koncertov \u00a0v\u00a0Koncertnej sieni Slovenskej filharm\u00f3nie a\u00a0v\u00a0St\u013apovej sieni Slovenskej filharm\u00f3nie.<\/p>\n<p>&nbsp;<\/p>\n<p>\u25a0 23. 09. 2017 \u00a0\u00a0\u00a0Fin\u00e1le 9. ro\u010dn\u00edka Medzin\u00e1rodnej klav\u00edrnej s\u00fa\u0165a\u017ee J. N. Hummela<\/p>\n<p>\u25a0 21. 10. 2017\u00a0 \u00a0\u00a0Koncert bez bari\u00e9r<\/p>\n<p>\u25a0 10. 12. 2016 \u00a0\u00a0\u00a0Viano\u010dn\u00fd koncert Slovensk\u00e9ho komorn\u00e9ho orchestra<\/p>\n<p>a\u00a0Spev\u00e1ckeho zboru L\u00fa\u010dnica<\/p>\n<p>\u25a0 20.,21., 22. 12. 2017 Viano\u010dn\u00e9 koncerty Slovenskej filharm\u00f3nie<\/p>\n<p>a\u00a0Bratislavsk\u00e9ho chlap\u010densk\u00e9ho zboru<\/p>\n<p>\u25a0 31. 12. 2017 \u00a0\u00a0\u00a0Silvestrovsk\u00fd koncert<\/p>\n<p>\u25a0 01. 01. 2018 Sl\u00e1vnostn\u00fd koncert k\u00a025. v\u00fdro\u010diu vzniku Slovenskej republiky<\/p>\n<p>pod z\u00e1\u0161titou prezidenta SR Andreja Kisku<\/p>\n<p>\u25a0 06. 01. 2018 \u00a0\u00a0\u00a0\u00a0\u00a0\u00a0Trojkr\u00e1\u013eov\u00fd koncert<\/p>\n<p>\u25a0 16. 02. 2018 \u00a0\u00a0SFZ a\u00a0cappella koncert: Gioachino Rossini Petite messe solennelle<\/p>\n<p>\u25a0 05., 06., 07. 04. 2018 \u00a0\u00a0Filmov\u00e1 hudba<\/p>\n<p>\u25a0 11. 04. 2018 \u00a0\u00a0\u00a0\u00a0Thesaurus hebrejsk\u00fdch orient\u00e1lnych mel\u00f3dii 16. \u2013 19. storo\u010dia<\/p>\n<p>&nbsp;<\/p>\n<p>Aj tento cyklus charakterizuje pestr\u00e1 programov\u00e1 zostava, ktor\u00fa otvor\u00ed koncert finalistov 9. ro\u010dn\u00edka Medzin\u00e1rodnej klav\u00edrnej s\u00fa\u0165a\u017ee J. N. Hummela. Nasleduj\u00fa tradi\u010dn\u00e9 viano\u010dn\u00e9 koncerty pod taktovkou Rastislava \u0160t\u00fara s \u00fa\u010das\u0165ou ob\u013e\u00faben\u00e9ho Bratislavsk\u00e9ho chlap\u010densk\u00e9ho zboru. Namiesto tradi\u010dn\u00e9ho Novoro\u010dn\u00e9ho koncertu odznie silvestrovsk\u00fd program v posledn\u00fd de\u0148 roku dvakr\u00e1t o\u00a016.00 a\u00a019.00 h. Na Nov\u00fd rok m\u00e1me napl\u00e1novan\u00fd sl\u00e1vnostn\u00fd koncert k 25. v\u00fdro\u010diu vzniku \u00a0Slovenskej republiky s dielami Ludwiga van Beethovena a Eugena Sucho\u0148a. N\u00e1\u0161 dirigentsk\u00fd svetobe\u017en\u00edk Juraj Val\u010duha sa predstav\u00ed\u00a0 na Trojkr\u00e1\u013eovom koncerte, v programe ktor\u00e9ho bud\u00fa dominova\u0165 skladby Nina Rotu, Georgea Gershwina a Leonarda Bernsteina.\u00a0 Nebud\u00fa ch\u00fdba\u0165 ani ob\u013e\u00faben\u00e9 koncerty filmovej hudby, tentokr\u00e1t pod taktovkou hos\u0165uj\u00faceho dirigenta Adriana Prabavu.\u00a0 A napokon to bude koncert s\u00faboru pre star\u00fa hudbu \u00a0Solamente naturali\u00a0 so zauj\u00edmav\u00fdm projektom Thesaurus hebrejsk\u00fdch orient\u00e1lnych mel\u00f3di\u00ed 16.- 19. storo\u010dia, ktor\u00fd umelci realizovali aj na rovnomennom CD.<\/p>\n<p>Koncerty pre mlad\u00fdch<\/p>\n<p>Slovensk\u00e1 filharm\u00f3nia pon\u00faka viacer\u00e9 podujatia pre mlad\u00fdch n\u00e1v\u0161tevn\u00edkov bratislavskej Reduty \u2013 z\u00a0organizovan\u00fdch cyklov v\u00a0doobed\u0148aj\u0161\u00edch hodin\u00e1ch pokra\u010duj\u00fa \u00a0Hudobn\u00e9 akad\u00e9mie pre matersk\u00e9 \u0161koly \u00a0a \u017eiakov bratislavsk\u00fdch a\u00a0mimobratislavsk\u00fdch \u0161k\u00f4l.<\/p>\n<p>Pripraven\u00e9 s\u00fa \u00a02 programy pre najmen\u0161\u00edch, ktor\u00e9 sa bud\u00fa kona\u0165 v\u00a0\u0161tyroch frekvenci\u00e1ch v\u00a0Malej s\u00e1le SF. Bratislavsk\u00fa Redutu nav\u0161t\u00edvi v\u00a0decembri a\u00a0marci 280 \u0161k\u00f4lkarov. <strong>Hudobn\u00fa akad\u00e9miu pre matersk\u00e9 \u0161koly<\/strong> pripravuj\u00fa v\u00a0spolupr\u00e1ci so SF <strong>Posluch\u00e1\u010di Katedry Hudobnej v\u00fdchovy Pedagogickej fakulty UK v\u00a0Bratislave. <\/strong>Ide o\u00a0organizovan\u00e9 koncerty v\u00a0doobed\u0148aj\u0161\u00edch hodin\u00e1ch. Koncerty pre najmen\u0161\u00edch moderuje <strong>Tom\u00e1\u0161 Boro\u0161<\/strong>.<\/p>\n<p>Pre \u017eiakov z\u00e1kladn\u00fdch \u0161k\u00f4l s\u00fa pripraven\u00e9 \u0161tyri v\u00fdchovn\u00e9 koncerty <strong>Hudobn\u00e1 akad\u00e9mia Slovenskej filharm\u00f3nie \/cyklus HA\/ v\u00a0dvoch frekvenci\u00e1ch,<\/strong> v\u017edy v piatok o 9.30 a 11.30 h v<strong>\u00a0 Koncertnej sieni Slovenskej filharm\u00f3nie.<\/strong><\/p>\n<p>Pre rodiny s\u00a0de\u0165mi pon\u00fakame ob\u013e\u00faben\u00e9 Rodinn\u00e9 koncerty \/cyklus R\/ \u00a0\u0161tyri\u00a0 sobotn\u00e9 popoludnia.<\/p>\n<p>Koncerty <strong>cyklu R<\/strong> a\u00a0<strong>HASF<\/strong> pre mlad\u00fdch n\u00e1v\u0161tevn\u00edkov moderuje dlhoro\u010dn\u00fd spolupracovn\u00edk ml\u00e1de\u017en\u00edckych projektov SF <strong>Martin Vanek. <\/strong><\/p>\n<p>&nbsp;<\/p>\n<p>T\u00edned\u017eeri sa m\u00f4\u017eu te\u0161i\u0165 na 5 koncertov <strong>cyklu Junior.<\/strong><\/p>\n<p>Koncerty usporad\u00favan\u00e9 v r\u00e1mci tohto cyklu sa riadia svojim mottom \u201emlad\u00ed mlad\u00fdm\u201c &#8211;\u00a0 mlad\u00ed \u013eudia nesedia len v h\u013eadisku, mlad\u00ed \u013eudia \u00fa\u010dinkuj\u00fa aj na p\u00f3diu. T\u00e1to skuto\u010dnos\u0165 je mo\u017en\u00e1 v\u010faka trvalej spolupr\u00e1ci Slovenskej filharm\u00f3nie so \u0161tudentmi Bratislavsk\u00e9ho konzervat\u00f3ria a Hudobno-tane\u010dnej fakulty Vysokej \u0161koly m\u00fazick\u00fdch umen\u00ed v Bratislave. \u0160tudenti t\u00fdchto \u0161k\u00f4l si spolu so svojimi umeleck\u00fdmi ved\u00facimi pravidelne pripravuj\u00fa program vlastn\u00fdch koncertov, ktor\u00e9 s pozit\u00edvnou odozvou prezentuj\u00fa na p\u00f3diu Slovenskej filharm\u00f3nie. Z\u00a0hos\u0165uj\u00facich ml\u00e1de\u017en\u00edckych orchestrov sa 18. apr\u00edla 2018 predstav\u00ed vynikaj\u00faci ml\u00e1de\u017en\u00edcky Wiener Jeunesse orchester. Cyklus od\u0161tartuje v\u00a0novembri medzi\u017e\u00e1nrov\u00fd projekt komorn\u00e9ho zoskupenia \u00a0The Classical Music Maniacs s umeleck\u00fdm ved\u00facim Jarol\u00edmom Emmanuelom Ru\u017ei\u010dkom, koncertn\u00fdm majstrom SF a na\u0161im najzn\u00e1mej\u0161\u00edm raperom Majkom Spiritom. Po viacer\u00fdch \u00faspe\u0161n\u00fdch projektoch sa mlad\u00ed drav\u00ed hudobn\u00edci pok\u00fasia spoji\u0165 klasick\u00fd reperto\u00e1r s rapom. Koncert Raper Vivaldi sa uskuto\u010dn\u00ed v sobotu 25. novembra o\u00a018.00 h v Koncertnej sieni Slovenskej filharm\u00f3nie.<\/p>\n<p>&nbsp;<\/p>\n<p>Organov\u00e9 koncerty<\/p>\n<p>4 abonentn\u00e9 koncerty v\u00a0Koncertnej sieni Slovenskej filharm\u00f3nie v\u017edy v\u00a0nede\u013eu o\u00a016.00 h<\/p>\n<p>Aj v tejto koncertnej sez\u00f3ne pokra\u010duje s\u00e9ria organov\u00fdch recit\u00e1lov vo vybran\u00e9 nede\u013en\u00e9 popoludnia, v r\u00e1mci ktor\u00fdch sa na \u0161tyroch \u00a0koncertoch predstavia popredn\u00ed dom\u00e1ci a\u00a0zahrani\u010dn\u00ed\u00a0 interpreti &#8211; rak\u00faski organisti Wolfgang Capek, zakladate\u013e organov\u00e9ho festivalu v St. Augustin Kirche vo Viedni a prof. Ebenbauer so zameran\u00edm na hudbu autorov nemeckej a franc\u00fazskej proveniencie. Nemec Tomasz Adam Nowak, v\u00ed\u0165az viacer\u00fdch medzin\u00e1rodn\u00fdch s\u00fa\u0165a\u017e\u00ed sa\u00a0 rad\u00ed medzi interpretov, \u010dasto prezentuj\u00facich pozoruhodn\u00e9 vlastn\u00e9\u00a0 organov\u00e9 transkripcie, ako aj transkripcie svetov\u00fdch autorov. V r\u00e1mci roka \u010desko-slovenskej vz\u00e1jomnosti prinesie charizmatick\u00fd Ale\u0161 B\u00e1rta do Bratislavy aj z\u00e1van \u010deskej trad\u00edcie.<\/p>\n<p>Komorn\u00e9\u00a0 cykly Slovenskej filharm\u00f3nie<\/p>\n<p>\u25baCyklus Slovensk\u00e9ho komorn\u00e9ho orchestra<\/p>\n<p>7 abonentn\u00fdch koncertov v\u00a0nede\u013eu o\u00a016.00 h v\u00a0\u00a0Malej s\u00e1le Slovenskej filharm\u00f3nie \u00a0a\u00a0Koncertnej sieni SF<\/p>\n<p>\u25ba Hudba v chr\u00e1moch<\/p>\n<p>4\u00a0 koncerty v\u00a0nede\u013eu v\u00a0bratislavsk\u00fdch kostoloch<\/p>\n<p>Kostol Cirkvi bratskej na Cukrovej ulici,\u00a0 Kostol Najsv\u00e4tej\u0161ieho spasite\u013ea (Jezuiti), \u00a0Katedr\u00e1la sv. Martina<\/p>\n<p>\u25ba Hudobn\u00e1 mozaika<\/p>\n<p>8 abonentn\u00fdch koncertov,\u00a0 v\u017edy v\u00a0utorok o\u00a019.00 h v\u00a0Malej s\u00e1le SF<\/p>\n<p><strong>\u25ba Star\u00e1 hudba <\/strong><\/p>\n<p>4 abonentn\u00e9 koncerty, v\u017edy v\u00a0utorok o\u00a019.00 h \u00a0v\u00a0\u00a0Malej s\u00e1le Slovenskej filharm\u00f3nie<\/p>\n<p>(okrem 19. 12. 2017 \u2013 Koncertn\u00e1 sie\u0148 Slovenskej filharm\u00f3nie )<\/p>\n<p><strong>\u25ba Hudba a slovo <\/strong><\/p>\n<p>3 koncerty, v\u017edy v\u00a0utorok o\u00a019.00 h \u00a0v\u00a0\u00a0Malej s\u00e1le Slovenskej filharm\u00f3nie<\/p>\n<p>\u25ba<strong>Klav\u00edr a\u00a0klaviristi<\/strong><\/p>\n<p>7 abonentn\u00fdch koncertov, v\u017edy v\u00a0utorok o\u00a019.00 h v\u00a0Malej s\u00e1le Slovenskej filharm\u00f3nie<\/p>\n<h4><u>Cyklus Slovensk\u00e9ho komorn\u00e9ho orchestra <\/u><\/h4>\n<p>N\u00e1\u0161 legend\u00e1rny s\u00fabor pokra\u010duje v dlhoro\u010dnej trad\u00edcii komorn\u00fdch koncertov, ktor\u00e9 publiku pon\u00faka zhruba raz mesa\u010dne. V r\u00e1mci cyklu SKO odznie pre milovn\u00edkov komornej hudby\u00a0 sedem koncertov s programom, siahaj\u00facim od Johanna Sebastiana Bacha po Petra Breinera.\u00a0 Ako s\u00f3listi vyst\u00fapia vynikaj\u00faca franc\u00fazska huslistka Alexandra Soumm, n\u00e1\u0161 Dalibor Karvay, \u010desk\u00fd interpret Bohuslav Matou\u0161ek a klarinetista Jozef Eli\u00e1\u0161, 1. klarinetista orchestra Slovensk\u00e1 filharm\u00f3nia.<\/p>\n<p>Zlat\u00fdm klincom cyklu bude na\u0161tudovanie kompletu Bachov\u00fdch Brandenbursk\u00fdch koncertov pod veden\u00edm dirigenta a flautistu Kaspara Zehndera.<\/p>\n<p><strong><em>S\u00f3listi:<\/em><\/strong><\/p>\n<p><strong>Husle \u00a0<\/strong>Ewald Danel, Alexandra Soumm, Dalibor Karvay, Bohuslav Matou\u0161ek<\/p>\n<p><strong>Viola\u00a0\u00a0 <\/strong>Juraj Madari, Martin Petr\u00edk, Peter Zwiebel<\/p>\n<p><strong>Klav\u00edr<\/strong> Jana Nagy-Juh\u00e1sz<\/p>\n<p><strong>Flauta \u00a0<\/strong>Kaspar Zehnder<strong>\u00a0\u00a0\u00a0\u00a0\u00a0\u00a0\u00a0 <\/strong><\/p>\n<p><strong>Klarinet\u00a0\u00a0 <\/strong>Jozef Eli\u00e1\u0161<\/p>\n<p><strong><u>Hudobn\u00e1 mozaika<\/u><\/strong><\/p>\n<p>8 abonentn\u00fdch komorn\u00fdch koncertov, v\u017edy v\u00a0utorok o\u00a019.00 h v\u00a0<strong>Malej s\u00e1le Slovenskej filharm\u00f3nie.<\/strong><\/p>\n<p>Na koncertoch sa predstavia komorn\u00e9 teles\u00e1 r\u00f4zneho obsadenia.\u00a0 S\u00fa\u010das\u0165ou <strong>Hudobnej mozaiky<\/strong> s\u00fa\u00a0 s\u00f3lov\u00e9 recit\u00e1ly, komorn\u00e9 du\u00e1, tri\u00e1, \u00a0koncerty sl\u00e1\u010dikov\u00fdch kvartet a\u00a0koncerty v\u00a0spolupr\u00e1ci s\u00a0letnou akad\u00e9miou <strong>International Holland Music Sessions. Decembrov\u00fd koncert zaznie pri pr\u00edle\u017eitosti 110. v\u00fdro\u010dia \u00famrtia Edvarda Griega\u00a0 (5. 12. 2017).<\/strong><\/p>\n<p><strong>\u00a0<\/strong><\/p>\n<h5>S\u00f3listi:<\/h5>\n<p>Klav\u00edr\u00a0 \u00a0Andrei Banciu, Signe Bakke, Einar Rottingen, Torleif Torgersen,<\/p>\n<p>Sophiko Simsive, Bram de Vree, Yuliana Rumiatseva, Yihui Liu, Lukasz<\/p>\n<p>Chrzeszczyk, Togrul Huseynli<\/p>\n<p>Husle\u00a0\u00a0 \u00a0Joana Cristina Goicea, Ricardo Odriozola, Alexandra van Beveren, Oleksandr<\/p>\n<p>Korniev<\/p>\n<p>Violon\u010delo\u00a0\u00a0 Paul Stavridis, Marta Kordykiewicz<\/p>\n<p><strong>Spev \u00a0\u00a0\u00a0\u00a0\u00a0\u00a0\u00a0\u00a0\u00a0\u00a0\u00a0\u00a0<\/strong>Hilde Haraldsen Sveen, <em>sopr\u00e1n<\/em><\/p>\n<p><strong>\u00a0<\/strong><\/p>\n<p><strong>Trio Arezio<\/strong><\/p>\n<p><strong>Trio Alba<\/strong><\/p>\n<p><strong>Slovensk\u00e9 dychov\u00e9 kvitneto<\/strong><\/p>\n<p><strong>\u00a0<\/strong><\/p>\n<p><strong><u>Star\u00e1 hudba<\/u><\/strong><\/p>\n<p>4 abonentn\u00e9 komorn\u00e9 koncerty v\u017edy v\u00a0utorok o\u00a019.00 v\u00a0Malej s\u00e1le SF\u00a0 (okrem 19. 12. 2017 \u2013 Koncertn\u00e1 sie\u0148 SF)<\/p>\n<p>V\u00a0r\u00e1mci\u00a0 cyklu <strong>Star\u00e1 hudba<\/strong> sa uskuto\u010dnia koncerty slovensk\u00fdch\u00a0 s\u00faborov pre star\u00fa hudbu &#8211; <strong>Solamente naturali <\/strong>\u00a0<em>\/um. ved\u00faci Milo\u0161 Valent\/,\u00a0<\/em><strong>\u00a0Musica aeterna \/<\/strong><em>um. ved\u00faci Peter Zaj\u00ed\u010dek\/ <\/em><strong>a\u00a0 Il Cuore Barocco.<\/strong> <strong>\u00a0<\/strong>Cyklus otvor\u00ed komorn\u00e9 zdru\u017eenie<strong> Collegium Wartberg <\/strong>(<em>um. ved\u00faci J\u00e1n Krigovsk\u00fd<\/em>) s\u00a0dielami bratislavsk\u00e9ho rod\u00e1ka <strong>Johanna Nepomuka Hummela. <\/strong>Koncert zaznie pri pr\u00edle\u017eitosti 180. v\u00fdro\u010dia \u00famrtia skladate\u013ea.<\/p>\n<p><strong>\u00a0<\/strong><\/p>\n<p><strong>\u25ba Hudba a\u00a0slovo <\/strong><\/p>\n<p>3\u00a0 komorn\u00e9 koncerty v\u017edy v\u00a0utorok o\u00a019.00 h v\u00a0Malej s\u00e1le Slovenskej filharm\u00f3nie<\/p>\n<p>V r\u00e1mci koncertn\u00e9ho cyklu odznej\u00fa tri komorn\u00e9 koncerty. Na prvom z nich liter\u00e1t a dramatik Silvester Lavr\u00edk za sprievodu Lotz tria prednesie uk\u00e1\u017eky z diela slovensk\u00e9ho renesan\u010dn\u00e9ho autora Hugol\u00edna Gavlovi\u010da Valask\u00e1 \u0161kola mrav\u00fav stodola.\u00a0 \u010clen \u010dinohry SND Mari\u00e1n Gei\u0161berg pre\u010d\u00edta v\u00fd\u0148atky z posthumn\u00fdch memo\u00e1rov J\u00e1na Roznera, brilantn\u00e9ho slovensk\u00e9ho liter\u00e1rneho a divadeln\u00e9ho kritika, po roku 1968 \u017eij\u00faceho v Mn\u00edchove.\u00a0 Prozaik Michal Hvoreck\u00fd pre\u010d\u00edta uk\u00e1\u017eky z majstrovskej knihy esej\u00ed 1913 od Floriana Illiesa a hudobn\u00e9 postrehy Juliana Barnesa.<\/p>\n<p><strong><em>\u00a0<\/em><\/strong><\/p>\n<p><strong><em>S\u00f3listi:<\/em><\/strong><\/p>\n<p><strong>Klav\u00edr\u00a0\u00a0 <\/strong>Peter Pa\u017eick\u00fd<\/p>\n<p><strong>Spev <\/strong>Eva \u0160u\u0161kov\u00e1, <em>sopr\u00e1n<\/em><\/p>\n<p><strong>\u00a0<\/strong><\/p>\n<p><strong>Lotz trio<\/strong><\/p>\n<p><strong>Mucha Quartet<\/strong><\/p>\n<p><strong>Hovoren\u00e9 slovo\u00a0 <\/strong>Silvester Lavr\u00edk, Mari\u00e1n Gei\u0161berg, Michal Hvoreck\u00fd<\/p>\n<p>&nbsp;<\/p>\n<p><strong>\u25baKlav\u00edr a\u00a0klaviristi<\/strong><\/p>\n<p>7 abonentn\u00fdch koncertov v\u017edy v\u00a0 utorok o\u00a019.00 h\u00a0 v\u00a0Malej s\u00e1le SF<\/p>\n<p>V\u00a0<strong>69. koncertnej sez\u00f3ne<\/strong> pokra\u010duje \u00a0v\u00a0Malej s\u00e1le cyklus\u00a0 <strong>Klav\u00edr a\u00a0klaviristi. <\/strong>Tento cyklus pon\u00faka sedem klav\u00edrnych recit\u00e1lov v podan\u00ed \u0161pi\u010dkov\u00fdch s\u00f3listov <strong>Evgeniho Bozhanova<\/strong>, <strong>Andrewa von Oeyena, Evy C\u00e1hovej, Rema Urasina, Stephena Hougha, Andreya Yaroshinsk\u00e9ho<\/strong> a <strong>Adama Skoumala.<\/strong>\u00a0 \u0160tyria umelci sa\u00a0 predstavia v sez\u00f3ne z\u00e1rove\u0148 po boku orchestra Slovensk\u00e1 filharm\u00f3nia.<\/p>\n","protected":false},"excerpt":{"rendered":"<p>Slovensk\u00e1 filharm\u00f3nia otvor\u00ed v\u00a0septembri 69. koncertn\u00fa sez\u00f3nu 2017\/2018, ktor\u00e1 potrv\u00e1 do 19. j\u00fana 2018. \u00a0Tret\u00ed septembrov\u00fd t\u00fd\u017ede\u0148 (18. \u2013 23. septembra) sa v bratislavskej Redute\u00a0 uskuto\u010dn\u00ed 9. ro\u010dn\u00edk Medzin\u00e1rodnej klav\u00edrnej s\u00fa\u0165a\u017ee Johanna Nepomuka Hummela a\u00a053. ro\u010dn\u00edk Medzin\u00e1rodn\u00e9ho hudobn\u00e9ho festivalu Bratislavsk\u00e9 hudobn\u00e9 sl\u00e1vnosti.\u00a0 (28. september \u2013 15. okt\u00f3ber). Na post \u0161\u00e9fdirigenta Slovenskej filharm\u00f3nie nast\u00fapi maestro James [&hellip;]<\/p>\n","protected":false},"author":7,"featured_media":0,"comment_status":"closed","ping_status":"closed","sticky":false,"template":"","format":"standard","meta":{"footnotes":""},"categories":[45,11,5,53,48],"tags":[],"class_list":["post-80068","post","type-post","status-publish","format-standard","hentry","category-nas-tip","category-news","category-celebrity-magazine","category-ponuky","category-umenie-a-kultura","eq-blocks"],"_links":{"self":[{"href":"https:\/\/www.slovaklinesmagazin.sk\/cms\/wp-json\/wp\/v2\/posts\/80068","targetHints":{"allow":["GET"]}}],"collection":[{"href":"https:\/\/www.slovaklinesmagazin.sk\/cms\/wp-json\/wp\/v2\/posts"}],"about":[{"href":"https:\/\/www.slovaklinesmagazin.sk\/cms\/wp-json\/wp\/v2\/types\/post"}],"author":[{"embeddable":true,"href":"https:\/\/www.slovaklinesmagazin.sk\/cms\/wp-json\/wp\/v2\/users\/7"}],"replies":[{"embeddable":true,"href":"https:\/\/www.slovaklinesmagazin.sk\/cms\/wp-json\/wp\/v2\/comments?post=80068"}],"version-history":[{"count":1,"href":"https:\/\/www.slovaklinesmagazin.sk\/cms\/wp-json\/wp\/v2\/posts\/80068\/revisions"}],"predecessor-version":[{"id":80069,"href":"https:\/\/www.slovaklinesmagazin.sk\/cms\/wp-json\/wp\/v2\/posts\/80068\/revisions\/80069"}],"wp:attachment":[{"href":"https:\/\/www.slovaklinesmagazin.sk\/cms\/wp-json\/wp\/v2\/media?parent=80068"}],"wp:term":[{"taxonomy":"category","embeddable":true,"href":"https:\/\/www.slovaklinesmagazin.sk\/cms\/wp-json\/wp\/v2\/categories?post=80068"},{"taxonomy":"post_tag","embeddable":true,"href":"https:\/\/www.slovaklinesmagazin.sk\/cms\/wp-json\/wp\/v2\/tags?post=80068"}],"curies":[{"name":"wp","href":"https:\/\/api.w.org\/{rel}","templated":true}]}}