{"id":80081,"date":"2017-09-19T15:00:18","date_gmt":"2017-09-19T13:00:18","guid":{"rendered":"http:\/\/slovaklinesmagazin.sk\/cms\/?p=80081"},"modified":"2017-09-19T13:11:45","modified_gmt":"2017-09-19T11:11:45","slug":"dubajsky-sejk-pokrstil-v-australii-novu-knihu-o-slovensku-fotografa-filipa-kuliseva","status":"publish","type":"post","link":"https:\/\/www.slovaklinesmagazin.sk\/cms\/2017\/09\/dubajsky-sejk-pokrstil-v-australii-novu-knihu-o-slovensku-fotografa-filipa-kuliseva\/","title":{"rendered":"Dubajsk\u00fd \u0161ejk pokrstil v\u00a0Austr\u00e1lii nov\u00fa knihu o\u00a0Slovensku fotografa Filipa Kuliseva"},"content":{"rendered":"<p>Fotograf a\u00a0cestovate\u013e Filip Kulisev pokrstil dnes svoju nov\u00fa knihu \u00da\u017easn\u00e9 Slovensko v\u00a0Sydney po\u010das medzin\u00e1rodn\u00e9ho kongresu Feder\u00e1cie Svetovej obchodnej komory.<br \/>\nKrstn\u00fdm otcom \u00da\u017easn\u00e9ho Slovenska bol jej prezident Peter Mihok, anglick\u00fa verziu knihy zasa uviedol do \u017eivota dubajsk\u00fd \u0161ejk Hamad Buamim.<\/p>\n<p style=\"text-align: center;\"><a href=\"http:\/\/slovaklinesmagazin.sk\/cms\/wp-content\/uploads\/2017\/09\/DSC01992-Panorama.jpg\"><img decoding=\"async\" class=\"aligncenter\" src=\"http:\/\/slovaklinesmagazin.sk\/cms\/wp-content\/uploads\/2017\/09\/DSC01992-Panorama-1024x421.jpg\" \/><\/a><\/p>\n<p>Sl\u00e1vnos\u0165 sa konala v\u00a0novo otvorenom kongresom centre v\u00a0r\u00e1mci v\u00fdstavy Amazing Planet. \u201eJe pre m\u0148a c\u0165ou, \u017ee m\u00e1m pr\u00edle\u017eitos\u0165 ako jedin\u00fd fotograf vystavova\u0165 pri pr\u00edle\u017eitosti konania sa tohto prest\u00ed\u017eneho svetov\u00e9ho kongresu. Som r\u00e1d, \u017ee m\u00f4\u017eem pr\u00e1ve u\u00a0protino\u017ecov uk\u00e1za\u0165 mnoh\u00e9 kr\u00e1sne miesta, ktor\u00e9 m\u00e1me nielen na Slovensku, ale aj na v\u0161etk\u00fdch kontinentoch. Mysl\u00edm si, \u017ee ka\u017ed\u00fd z\u00a0deleg\u00e1tov konferencie si tam n\u00e1jde svoje ob\u013e\u00faben\u00e9 miesto\u201c povedal Filip Kulisev.<\/p>\n<p style=\"text-align: center;\"><a href=\"http:\/\/slovaklinesmagazin.sk\/cms\/wp-content\/uploads\/2017\/09\/DSC7478-2.jpg\"><img decoding=\"async\" class=\"aligncenter\" src=\"http:\/\/slovaklinesmagazin.sk\/cms\/wp-content\/uploads\/2017\/09\/DSC7478-2-1024x682.jpg\" \/><\/a><\/p>\n<p>Pr\u00ednos knihy ocenil aj slovensk\u00fd ve\u013evyslanec pre Austr\u00e1liu a\u00a0Nov\u00fd Z\u00e9land Igor Bartho. \u201eDovo\u013eujem si tvrdi\u0165, \u017ee kni\u017eka a\u00a0film Filipa Kuliseva \u00da\u017easn\u00e9 Slovensko, ako aj sprievodn\u00e9 v\u00fdstavy fotografi\u00ed v\u00a0Austr\u00e1lii a\u00a0na Novom Z\u00e9lande oslovia ve\u013ea Austr\u00e1l\u010danov a\u00a0Novoz\u00e9land\u010danov. \u010casto sa ma dom\u00e1ci p\u00fdtaj\u00fa, pre\u010do by mali nav\u0161t\u00edvi\u0165 Slovensko. Ja im v\u017edy r\u00e1d zopakujem, \u017ee na Slovensku m\u00e1me v\u0161etko \u2013 turistick\u00e9 chodn\u00edky, kr\u00e1snu pr\u00edrodu, lie\u010div\u00e9 pramene, hory, star\u00e9 hrady a\u00a0z\u00e1mky. A\u00a0to v\u0161etko je dostupn\u00e9 do troch hod\u00edn cesty autom. Ale oni si to nevedia ani predstavi\u0165 a\u00a0pochybuj\u00fa o\u00a0mojich slov\u00e1ch. V\u010faka Filipovi Kulisevovi im to budem m\u00f4c\u0165 uk\u00e1za\u0165. A ako sa hovor\u00ed, jedenkr\u00e1t vidie\u0165 je viac ako trikr\u00e1t po\u010du\u0165,\u201c kon\u0161tatoval Igor Bartho.<\/p>\n<p style=\"text-align: center;\"><a href=\"http:\/\/slovaklinesmagazin.sk\/cms\/wp-content\/uploads\/2017\/09\/DSC01999.jpg\"><img decoding=\"async\" class=\"aligncenter\" src=\"http:\/\/slovaklinesmagazin.sk\/cms\/wp-content\/uploads\/2017\/09\/DSC01999-1024x599.jpg\" \/><\/a><\/p>\n<p>Knihy sa krstili netradi\u010dne najjemnej\u0161\u00edm pieskom z\u00a0austr\u00e1lskej Whitehaven Beach, z\u00a0ktorej Filip v\u00a0minulosti predstavil viacero fotografi\u00ed. \u00a0\u201eWhitehaven Beach je jedna za najkraj\u0161\u00edch pl\u00e1\u017ei na svete. Nach\u00e1dza sa tu \u00faplne biely piesok s 98 percentn\u00fdm obsahom krem\u00edka. Jeho zrnk\u00e1 s\u00fa najmen\u0161ie na svete a preto mimoriadne vhodn\u00e9 na v\u00fdrobu skla do presn\u00fdch \u010falekoh\u013eadov. Pou\u017eil sa aj na v\u00fdrobu Hubblovho teleskopu,&#8220; vysvetlil Filip Kulisev.<\/p>\n<p>V\u00fdstava Amazing Planet v\u00a0Sydney potrv\u00e1 do 21. septembra. Po\u010das nej sa bude premieta\u0165 aj kr\u00e1tky film Amazing Slovakia, ktor\u00fd mal svetov\u00fa premi\u00e9ru pred dvomi t\u00fd\u017ed\u0148ami v\u00a0Bratislave.<\/p>\n<p>Cestovate\u013e a\u00a0fotograf Filip Kulisev, Master QEP, FBIPP, sa za uplynul\u00e9 desa\u0165ro\u010die prepracoval do svetovej \u0161pi\u010dky vo fotografovan\u00ed pr\u00edrodn\u00fdch scen\u00e9ri\u00ed. Absolvoval takmer 200 individu\u00e1lnych v\u00fdstav na Slovensku a po celom svete. Vydal dev\u00e4\u0165 kn\u00edh, ktor\u00e9 ukazuj\u00fa n\u00e1dheru a rozmanitos\u0165 pr\u00edrody a rozpr\u00e1vaj\u00fa aj jeho pr\u00edbehy z ciest. Ako jeden z dvoch fotografov na svete z\u00edskal najvy\u0161\u0161\u00ed eur\u00f3psky titul Master QEP (Qualified European Professional Photographer) v kateg\u00f3rii pr\u00edroda a z\u00e1rove\u0148 aj najvy\u0161\u0161\u00ed titul Fellowship od Britsk\u00e9ho in\u0161tit\u00fatu profesion\u00e1lnych fotografov. H\u013ead\u00e1 kr\u00e1sne a unik\u00e1tne miesta na Zemi, ktor\u00e9 prostredn\u00edctvom fotografi\u00ed prin\u00e1\u0161a v\u0161etk\u00fdm milovn\u00edkom pr\u00edrody na Slovensku aj vo svete. Chce tak v prvom rade prispie\u0165 k ochrane biodiverzity a pr\u00edrodn\u00e9ho bohatstva plan\u00e9ty. Patr\u00ed k nad\u0161en\u00fdm milovn\u00edkom pr\u00edrody a podporuje aktivity na jej ochranu aj pre bud\u00face gener\u00e1cie.<\/p>\n<p>Fotografia na titulke:<\/p>\n<p>Peter Mihok, Filip Kulisev a Hamad Buamim krst Amazing Slovakia 19.9.2017 ICC-WCF Sydney<\/p>\n","protected":false},"excerpt":{"rendered":"<p>Fotograf a\u00a0cestovate\u013e Filip Kulisev pokrstil dnes svoju nov\u00fa knihu \u00da\u017easn\u00e9 Slovensko v\u00a0Sydney po\u010das medzin\u00e1rodn\u00e9ho kongresu Feder\u00e1cie Svetovej obchodnej komory. Krstn\u00fdm otcom \u00da\u017easn\u00e9ho Slovenska bol jej prezident Peter Mihok, anglick\u00fa verziu knihy zasa uviedol do \u017eivota dubajsk\u00fd \u0161ejk Hamad Buamim. Sl\u00e1vnos\u0165 sa konala v\u00a0novo otvorenom kongresom centre v\u00a0r\u00e1mci v\u00fdstavy Amazing Planet. \u201eJe pre m\u0148a c\u0165ou, \u017ee [&hellip;]<\/p>\n","protected":false},"author":7,"featured_media":80082,"comment_status":"closed","ping_status":"closed","sticky":false,"template":"","format":"standard","meta":{"footnotes":""},"categories":[13,5,48],"tags":[],"class_list":["post-80081","post","type-post","status-publish","format-standard","has-post-thumbnail","hentry","category-real-estate","category-celebrity-magazine","category-umenie-a-kultura","eq-blocks"],"_links":{"self":[{"href":"https:\/\/www.slovaklinesmagazin.sk\/cms\/wp-json\/wp\/v2\/posts\/80081","targetHints":{"allow":["GET"]}}],"collection":[{"href":"https:\/\/www.slovaklinesmagazin.sk\/cms\/wp-json\/wp\/v2\/posts"}],"about":[{"href":"https:\/\/www.slovaklinesmagazin.sk\/cms\/wp-json\/wp\/v2\/types\/post"}],"author":[{"embeddable":true,"href":"https:\/\/www.slovaklinesmagazin.sk\/cms\/wp-json\/wp\/v2\/users\/7"}],"replies":[{"embeddable":true,"href":"https:\/\/www.slovaklinesmagazin.sk\/cms\/wp-json\/wp\/v2\/comments?post=80081"}],"version-history":[{"count":1,"href":"https:\/\/www.slovaklinesmagazin.sk\/cms\/wp-json\/wp\/v2\/posts\/80081\/revisions"}],"predecessor-version":[{"id":80086,"href":"https:\/\/www.slovaklinesmagazin.sk\/cms\/wp-json\/wp\/v2\/posts\/80081\/revisions\/80086"}],"wp:featuredmedia":[{"embeddable":true,"href":"https:\/\/www.slovaklinesmagazin.sk\/cms\/wp-json\/wp\/v2\/media\/80082"}],"wp:attachment":[{"href":"https:\/\/www.slovaklinesmagazin.sk\/cms\/wp-json\/wp\/v2\/media?parent=80081"}],"wp:term":[{"taxonomy":"category","embeddable":true,"href":"https:\/\/www.slovaklinesmagazin.sk\/cms\/wp-json\/wp\/v2\/categories?post=80081"},{"taxonomy":"post_tag","embeddable":true,"href":"https:\/\/www.slovaklinesmagazin.sk\/cms\/wp-json\/wp\/v2\/tags?post=80081"}],"curies":[{"name":"wp","href":"https:\/\/api.w.org\/{rel}","templated":true}]}}