{"id":80098,"date":"2017-09-22T10:50:56","date_gmt":"2017-09-22T08:50:56","guid":{"rendered":"http:\/\/slovaklinesmagazin.sk\/cms\/?p=80098"},"modified":"2017-09-22T10:51:30","modified_gmt":"2017-09-22T08:51:30","slug":"europsky-tyzden-mobility","status":"publish","type":"post","link":"https:\/\/www.slovaklinesmagazin.sk\/cms\/2017\/09\/europsky-tyzden-mobility\/","title":{"rendered":"Eur\u00f3psky t\u00fd\u017ede\u0148 mobility"},"content":{"rendered":"<p><strong>Kvalitn\u00e9 a spo\u013eahliv\u00e9 slu\u017eby motivuj\u00fa cestuj\u00facich k\u00a0vyu\u017e\u00edvaniu verejnej dopravy<\/strong><\/p>\n<p><strong>\u00a0<\/strong><!--more--><\/p>\n<p><strong>Na \u00a0cestuj\u00facich autobusom \u010dakaj\u00fa tento rok pozit\u00edvne spr\u00e1vy. V\u00a0dvoch krajsk\u00fdch mest\u00e1ch sa z\u00e1sadne zv\u00fd\u0161i kvalita infra\u0161trukt\u00fary s\u00favisiacej s\u00a0autobusovou dopravou. V\u00a0Banskej Bystrici tento t\u00fd\u017ede\u0148 otvorili nov\u00fa autobusov\u00fa stanicu a\u00a0vy\u0161\u0161ieho komfortu pre autobusov\u00fdch cestuj\u00facich sa do\u010dk\u00e1 aj hlavn\u00e9 mesto Bratislava.<\/strong><\/p>\n<p>Od piatka 16. septembra a\u017e do 22. septembra prebieha Eur\u00f3psky t\u00fd\u017ede\u0148 mobility. Aktivitu podporuj\u00fa autobusov\u00ed dopravcovia zdru\u017een\u00ed v\u00a0Zv\u00e4ze autobusovej dopravy (ZAD), ktor\u00ed vn\u00edmaj\u00fa verejn\u00fa dopravu ako nevyhnutn\u00fa alternat\u00edvu vo\u010di st\u00e1le sa rozm\u00e1haj\u00facemu individu\u00e1lnemu automobilizmu.<\/p>\n<p>\u201e<em>Komfort cestovania vo vn\u00fatri autobusu \u010di integrovan\u00e9 syst\u00e9my dopravy s\u00a0preh\u013eadnou ponukou by mali by\u0165 u\u017e dnes samozrejmos\u0165ou. Potrebujeme v\u0161ak zvy\u0161ova\u0165 \u0161tandard ost\u00e1vaj\u00facej\u00a0 dopravnej infra\u0161trukt\u00fary v\u00a0celom hodnotovom re\u0165azci pre z\u00e1kazn\u00edka. V\u00a0t\u00fdchto d\u0148och za\u010dn\u00fa cestuj\u00facim sl\u00fa\u017ei\u0165 dva nov\u00e9 modern\u00e9 autobusov\u00e9 termin\u00e1ly, a to v\u00a0Banskej Bystrici a\u00a0Bratislave,\u201c <\/em>kon\u0161tatuje prezident Zv\u00e4zu autobusovej dopravy Peter S\u00e1dovsk\u00fd.<\/p>\n<p><strong>V\u00a0Banskej Bystrici o\u010dak\u00e1vaj\u00fa viac cestuj\u00facich<\/strong><\/p>\n<p>V\u00a0pr\u00edpade Banskej Bystrice je autobusov\u00e1 stanica otvoren\u00e1 od 21. septembra v\u00a0sk\u00fa\u0161obnej prev\u00e1dzke, pri\u010dom s\u00fa\u010das\u0165ou projektu pod n\u00e1zvom \u201eTerminal Vlak Bus Shopping\u201c je aj obchodn\u00e9 centrum. Nov\u00fd autobusov\u00fd termin\u00e1l v\u00a0Banskej Bystrici m\u00e1 23 n\u00e1stup\u00ed\u0161\u0165, ktor\u00e9 denne zabezpe\u010dia odchody pribli\u017ene 500 autobusov\u00fdch spojov dia\u013ekovej, pr\u00edmestskej a\u00a0mestskej dopravy.<\/p>\n<p>Doposia\u013e vyu\u017e\u00edvalo autobusov\u00fa stanicu 13-14 mili\u00f3nov cestuj\u00facich ro\u010dne. Nov\u00e1 stanica by mala pril\u00e1ka\u0165 v\u00e4\u010d\u0161\u00ed po\u010det cestuj\u00facich, ke\u010f\u017ee na nej bud\u00fa po novom zastavova\u0165 aj spoje MHD zo v\u0161etk\u00fdch mestsk\u00fdch \u010dast\u00ed Banskej Bystrice. V\u010faka prepojeniu s\u00a0mestskou verejnou dopravou cestuj\u00faci u\u0161etria sedem min\u00fat cesty, ktor\u00e9 boli potrebn\u00e9 na presun z\u00a0MHD na stanicu.<\/p>\n<p>Bezbari\u00e9rov\u00fd autobusov\u00fd termin\u00e1l je napojen\u00fd cez obchodn\u00fa z\u00f3nu na \u017eelezni\u010dn\u00fa stanicu, \u010do je \u010fal\u0161ou v\u00fdhodou. Nech\u00fdba priestrann\u00e1 \u010dak\u00e1re\u0148, preh\u013eadn\u00fd infosyst\u00e9m pre cestuj\u00facich vr\u00e1tane LCD obrazoviek \u010di dostupnosti Wi-Fi internetu.<\/p>\n<p><strong>N\u00e1hradn\u00e1 autobusov\u00e1 stanica u\u017e \u010doskoro<\/strong><\/p>\n<p>U\u017e onedlho sa cestuj\u00faci m\u00f4\u017eu te\u0161i\u0165 aj na nov\u00e9 priestory N\u00e1hradnej autobusovej stanice Nivy v Bratislave, ktor\u00e9 u\u017e teraz prines\u00fa vy\u0161\u0161\u00ed komfort a kvalitnej\u0161ie slu\u017eby. \u00a0Autobusov\u00fd termin\u00e1l sa nach\u00e1dza hne\u010f cez cestu na Bottovej ulici oproti s\u00fa\u010dasnej stanici a\u00a0v\u00a0prev\u00e1dzke bude po\u010das trojro\u010dn\u00e9ho prechodn\u00e9ho obdobia v\u00fdstavby projektu Stanica Nivy.<\/p>\n<p>N\u00e1hradn\u00e1 autobusov\u00e1 stanica plne nahrad\u00ed dopravn\u00e9 kapacity s\u00fa\u010dasn\u00fdch priestorov. Cestuj\u00faci bud\u00fa ma\u0165 k\u00a0dispoz\u00edcii preh\u013eadn\u00e9 inform\u00e1cie o spojoch v\u00a0elektronickej forme, oddychov\u00fa a\u00a0stravovaciu z\u00f3nu \u010di priestor na odlo\u017eenie bato\u017einy, cyklostojany, bezplatn\u00e9 toalety s preba\u013eovac\u00edm pultom a miesta na dobitie telef\u00f3nov. Ch\u00fdba\u0165 nebude verejn\u00e1 Wi-Fi sie\u0165.<\/p>\n<p>S\u00fa\u010dasn\u00e1 autobusov\u00e1 stanica bude do n\u00e1hradn\u00fdch priestorov pres\u0165ahovan\u00e1 v no\u010dn\u00fdch hodin\u00e1ch a cez v\u00edkend, aby bol minimalizovan\u00fd dopad na cestuj\u00facich. N\u00e1hradn\u00fa stanicu uved\u00fa do prev\u00e1dzky za\u010diatkom okt\u00f3bra. N\u00e1hradn\u00e1 autobusov\u00e1 stanica Nivy sa bude prev\u00e1dzkovan\u00e1 nieko\u013eko rokov a\u00a0po ukon\u010den\u00ed projektu\u00a0 Stanica Nivy sa priestory autobusovej stanice vr\u00e1tia na svoje predch\u00e1dzaj\u00face miesto..<\/p>\n<p><strong>Nov\u00e1 s\u00fa\u0165a\u017e l\u00e1ka cestuj\u00facich<\/strong><\/p>\n<p>Zv\u00e4z autobusovej dopravy z\u00e1rove\u0148 sp\u00fa\u0161\u0165a <a href=\"https:\/\/sutaz.skusbus.sk\/\">l\u00edstkov\u00fa lot\u00e9riu<\/a> pre autobusov\u00fdch cestuj\u00facich, ktor\u00ed bud\u00fa m\u00f4c\u0165 vyhra\u0165 zauj\u00edmav\u00e9 ceny.\u00a0 <em>\u201eAj takouto interakt\u00edvnou formou chceme motivova\u0165 cestuj\u00facich, aby preferovali verejn\u00fa dopravu v\u00a0ka\u017edodennom \u017eivote \u010di pri v\u00edkendov\u00fdch v\u00fdletoch,\u201c <\/em>popisuje P. S\u00e1dovsk\u00fd, prezident Zv\u00e4zu autobusovej dopravy.<\/p>\n<p>S\u00fa\u0165a\u017e je s\u00fa\u010das\u0165ou kampane Zv\u00e4zu autobusovej dopravy pod n\u00e1zvom \u201eSk\u00fas bus\u201c, pri\u010dom u\u017e \u0161tvrt\u00fd rok podporuje vyu\u017e\u00edvanie autobusu ako alternat\u00edvy vo\u010di osobn\u00fdm aut\u00e1m.<\/p>\n<p>Pre \u00fa\u010das\u0165 v\u00a0l\u00edstkovej lot\u00e9rii je potrebn\u00e9 nav\u0161t\u00edvi\u0165 web <a href=\"http:\/\/www.skusbus.sk\">www.skusbus.sk<\/a> a\u00a0vyplni\u0165 formul\u00e1r s\u00a0\u010d\u00edslom cestovn\u00e9ho l\u00edstka jedn\u00e9ho z\u00a0autobusov\u00fdch dopravcov, ktor\u00fd je \u010dlenom Zv\u00e4zu autobusovej dopravy.\u00a0 S\u00fa\u0165a\u017eiaci m\u00f4\u017ee zasla\u0165 neobmedzen\u00fd po\u010det cestovn\u00fdch l\u00edstkov, ktor\u00e9 s\u00fa platn\u00e9 v obdob\u00ed trvania s\u00fa\u0165a\u017ee, teda od 21. septembra do 14. decembra 2017.<\/p>\n<p>\u017drebovanie v\u00fdhercov l\u00edstkovej lot\u00e9rie prebehne v\u00a0troch kol\u00e1ch k 15.10.,15.11. a 15.12. Vy\u017erebovan\u00ed cestuj\u00faci bud\u00fa odmenen\u00ed kreditom na cestovanie autobusom, ktor\u00fd je odstup\u0148ovan\u00fd do v\u00fd\u0161ky 300 eur.\u00a0Jeden z\u00a0v\u00fdhercov z\u00edska v\u00edkendov\u00fd wellness pobyt v Z\u00e1mockom hoteli Galicia Nueva pre 2 osoby.<\/p>\n","protected":false},"excerpt":{"rendered":"<p>Kvalitn\u00e9 a spo\u013eahliv\u00e9 slu\u017eby motivuj\u00fa cestuj\u00facich k\u00a0vyu\u017e\u00edvaniu verejnej dopravy \u00a0<\/p>\n","protected":false},"author":7,"featured_media":0,"comment_status":"closed","ping_status":"closed","sticky":false,"template":"","format":"standard","meta":{"footnotes":""},"categories":[11],"tags":[],"class_list":["post-80098","post","type-post","status-publish","format-standard","hentry","category-news","eq-blocks"],"_links":{"self":[{"href":"https:\/\/www.slovaklinesmagazin.sk\/cms\/wp-json\/wp\/v2\/posts\/80098","targetHints":{"allow":["GET"]}}],"collection":[{"href":"https:\/\/www.slovaklinesmagazin.sk\/cms\/wp-json\/wp\/v2\/posts"}],"about":[{"href":"https:\/\/www.slovaklinesmagazin.sk\/cms\/wp-json\/wp\/v2\/types\/post"}],"author":[{"embeddable":true,"href":"https:\/\/www.slovaklinesmagazin.sk\/cms\/wp-json\/wp\/v2\/users\/7"}],"replies":[{"embeddable":true,"href":"https:\/\/www.slovaklinesmagazin.sk\/cms\/wp-json\/wp\/v2\/comments?post=80098"}],"version-history":[{"count":1,"href":"https:\/\/www.slovaklinesmagazin.sk\/cms\/wp-json\/wp\/v2\/posts\/80098\/revisions"}],"predecessor-version":[{"id":80099,"href":"https:\/\/www.slovaklinesmagazin.sk\/cms\/wp-json\/wp\/v2\/posts\/80098\/revisions\/80099"}],"wp:attachment":[{"href":"https:\/\/www.slovaklinesmagazin.sk\/cms\/wp-json\/wp\/v2\/media?parent=80098"}],"wp:term":[{"taxonomy":"category","embeddable":true,"href":"https:\/\/www.slovaklinesmagazin.sk\/cms\/wp-json\/wp\/v2\/categories?post=80098"},{"taxonomy":"post_tag","embeddable":true,"href":"https:\/\/www.slovaklinesmagazin.sk\/cms\/wp-json\/wp\/v2\/tags?post=80098"}],"curies":[{"name":"wp","href":"https:\/\/api.w.org\/{rel}","templated":true}]}}