{"id":80111,"date":"2017-10-02T12:25:50","date_gmt":"2017-10-02T10:25:50","guid":{"rendered":"http:\/\/slovaklinesmagazin.sk\/cms\/?p=80111"},"modified":"2017-10-02T12:28:41","modified_gmt":"2017-10-02T10:28:41","slug":"slavnostne-predstavenie-nahradnej-autobusovej-stanice-nivy","status":"publish","type":"post","link":"https:\/\/www.slovaklinesmagazin.sk\/cms\/2017\/10\/slavnostne-predstavenie-nahradnej-autobusovej-stanice-nivy\/","title":{"rendered":"Sl\u00e1vnostn\u00e9 predstavenie N\u00e1hradnej autobusovej stanice Nivy"},"content":{"rendered":"<p><strong>Autobusov\u00e1 stanica Mlynsk\u00e9 nivy v\u00a0Bratislave sa v\u00a0noci zo soboty 30. septembra na nede\u013eu 1. okt\u00f3bra pres\u0165ahovala \u201ecez cestu\u201c do ne\u010falek\u00fdch priestorov na Bottovej ulici. Dnes ju po prv\u00fd raz vyu\u017eili aj cestuj\u00faci, ktor\u00ed sa po\u010das pracovn\u00e9ho t\u00fd\u017ed\u0148a pres\u00favaj\u00fa do pr\u00e1ce \u010di \u0161koly.<\/strong><\/p>\n<p>Na N\u00e1hradnej autobusovej stanici Nivy na Bottovej ulici maj\u00fa cestuj\u00faci k dispoz\u00edcii modern\u00e9 elektronick\u00e9 zariadenia na vyh\u013ead\u00e1vanie spojov, Wi-Fi, bezplatn\u00e9 toalety, \u010di skrinky na \u00faschovu bato\u017e\u00edn. Samozrejmos\u0165ou s\u00fa pokladne, ktor\u00e9 poskytuj\u00fa predaj cestovn\u00fdch l\u00edstkov na dia\u013ekov\u00e9 a\u00a0medzin\u00e1rodn\u00e9 spoje, ale aj predaj \u010dipov\u00fdch kariet a\u00a0cestovn\u00fdch l\u00edstkov na Integrovan\u00fd dopravn\u00fd syst\u00e9m Bratislavsk\u00e9ho kraja (IDS BK). V priestoroch sa nach\u00e1dzaj\u00fa prev\u00e1dzky s ob\u010derstven\u00edm, potravinami, pek\u00e1re\u0148 \u010di novinov\u00fd st\u00e1nok. N\u00e1hradn\u00fa autobusov\u00fa stanicu Nivy si dnes pri\u0161li pozrie\u0165 aj predstavitelia samospr\u00e1v.<\/p>\n<p style=\"text-align: center;\"><a href=\"http:\/\/slovaklinesmagazin.sk\/cms\/wp-content\/uploads\/2017\/10\/IMG_20171002_103031.jpg\"><img decoding=\"async\" class=\"aligncenter\" src=\"http:\/\/slovaklinesmagazin.sk\/cms\/wp-content\/uploads\/2017\/10\/IMG_20171002_103031-1024x576.jpg\" \/><\/a><\/p>\n<p><em>\u201eN\u00e1hradn\u00e1 autobusov\u00e1 stanica na m\u0148a urobila pr\u00edjemn\u00fd dojem. Priestory stanice s\u00fa modern\u00e9\u00a0 a\u00a0pon\u00fakaj\u00fa pre cestuj\u00facich slu\u0161n\u00fd \u0161tandard. Ver\u00edm, \u017ee prestavba novej Stanice Nivy p\u00f4jde pod\u013ea pl\u00e1nu a\u00a0o\u00a0tri roky bude ma\u0165 Bratislava kone\u010dne autobusov\u00fa stanicu hodn\u00fa 21. storo\u010dia,\u201c<\/em> povedal prim\u00e1tor Bratislavy Ivo Nesrovnal.<\/p>\n<p><em>\u201cJe to historick\u00fd moment, kedy sa p\u00f4vodn\u00e1 stanica po 34 rokoch presunula do do\u010dasnej, ktor\u00e1 p\u00f4sob\u00ed dojmom, \u017ee by pokojne\u00a0mohla by\u0165 trval\u00e1. Je to profesion\u00e1lne uroben\u00e9 a\u00a0je to obrovsk\u00fd pr\u00eds\u013eub pre verejnos\u0165, \u017ee e\u0161te vy\u0161\u0161\u00ed \u0161tandard\u00a0bude ma\u0165\u00a0nov\u00e1 trval\u00e1 stanica, ktor\u00e1 vydr\u017e\u00ed desiatky rokov. Zo strany n\u00e1\u0161ho partnerstva so Slovak Lines to bol v\u00fdrazn\u00fd krok vpred a\u00a0treba poveda\u0165, \u017ee v\u00a0osemro\u010dnom partnerstve so Slovak Lines nem\u00e1me \u017eiadne vz\u00e1jomne nesplaten\u00e9 dlhy, maj\u00fa najmodernej\u0161ie autobusy a\u00a0teraz aj toto nov\u00e9 modernej\u0161ie z\u00e1zemie. Pre n\u00e1s bolo v\u017edy d\u00f4le\u017eit\u00e9, aby cestuj\u00faca verejnos\u0165 mohla cestova\u0165 na \u00farovni a\u00a0aby sme verejn\u00fa pr\u00edmestsk\u00fa dopravu urobili atrakt\u00edvnou,\u201d <\/em>vyjadril sa predseda Bratislavsk\u00e9ho samospr\u00e1vneho kraja Pavol Fre\u0161o.<\/p>\n<p><em>\u00a0\u201eAutobusov\u00e9 stanice s\u00fa d\u00f4le\u017eit\u00fdm prvkom pri zvy\u0161ovan\u00ed kvality verejnej dopravy, N\u00e1hradn\u00e1 autobusov\u00e1 stanica Bratislava je najnov\u0161\u00edm pr\u00edspevkom na Slovensku. Z\u00e1kazn\u00edci z\u00edskaj\u00fa u\u017e teraz vy\u0161\u0161\u00ed komfort a\u00a0zlep\u0161en\u00e9 slu\u017eby, aj ke\u010f n\u00e1hradn\u00e1 stanica bude fungova\u0165 len obmedzen\u00fd \u010das. Na\u0161i zamestnanci aj dod\u00e1vatelia vyvinuli ve\u013ek\u00e9 \u00fasilie, aby bol prechod z\u00a0Mlynsk\u00fdch n\u00edv do N\u00e1hradnej stanice pre cestuj\u00facich plynul\u00fd a bezprobl\u00e9mov\u00fd a\u00a0mysl\u00edm, \u017ee sa to podarilo,\u201c <\/em>uviedol gener\u00e1lny riadite\u013e Slovak Lines Peter S\u00e1dovsk\u00fd.<\/p>\n<p>Na N\u00e1hradnej autobusovej stanici sa nach\u00e1dza 34 n\u00e1stup\u00ed\u0161\u0165 a\u00a05 v\u00fdstup\u00ed\u0161\u0165. V\u00a0pracovn\u00fdch d\u0148och z\u00a0autobusovej stanice priemerne odch\u00e1dza 763 spojov a\u00a0prich\u00e1dza na \u0148u 768 spojov, celkom sa teda po\u010das jedn\u00e9ho pracovn\u00e9ho d\u0148a vystrieda na autobusovej stanici 1531 spojov. Po\u010das v\u00edkendu je prev\u00e1dzka menej frekventovan\u00e1, preto bol ako najvhodnej\u0161\u00ed term\u00edn s\u0165ahovania stanoven\u00fd pr\u00e1ve zo soboty na nede\u013eu. Prev\u00e1dzka v\u00a0n\u00e1hradn\u00fdch priestoroch bude s\u00eddli\u0165 po\u010das troch rokov do dokon\u010denia novej Stanice Nivy.<\/p>\n<p>N\u00e1hradn\u00e1 autobusov\u00e1 stanica Nivy poskytuje u\u017e dnes vy\u0161\u0161\u00ed komfort a\u00a0kvalitnej\u0161ie slu\u017eby oproti p\u00f4vodnej stanici.<\/p>\n<p><strong>N\u00e1stupi\u0161tia rozdelen\u00e9 pod\u013ea regi\u00f3nov<\/strong><\/p>\n<p>V pr\u00edpade liniek zabezpe\u010duj\u00facich pr\u00edmestsk\u00fa dopravu v\u00a0Bratislavskom kraji s\u00fa odchody z n\u00e1stup\u00ed\u0161\u0165 preh\u013eadne rozdelen\u00e9 pod\u013ea regi\u00f3nu, do ktor\u00e9ho autobus smeruje.<\/p>\n<p>Ob\u013e\u00faben\u00e1 linka prem\u00e1vaj\u00faca do Viedne a\u00a0na letisko Schwechat bude po novom odch\u00e1dza\u0165 z\u00a0n\u00e1stupi\u0161\u0165a \u010d. 1. Do Hainburgu, respekt\u00edve Wolfsthalu bud\u00fa autobusy prem\u00e1va\u0165 hlavne z\u00a0n\u00e1stup\u00ed\u0161\u0165 \u010d. 1 a\u00a02. Z\u00e1rove\u0148 bud\u00fa prem\u00e1va\u0165 z\u00a0n\u00e1stup\u00ed\u0161\u0165 \u010d. 2 a\u00a0\u010d. 3 aj medzin\u00e1rodn\u00e9 linky do \u010fal\u0161\u00edch \u0161t\u00e1tov. Na n\u00e1stupi\u0161ti \u010d. 4 nast\u00fapia na autobus cestuj\u00faci, ktor\u00ed sa potrebuj\u00fa dosta\u0165 do Viedne na koncerty alebo do n\u00e1kupn\u00e9ho centra v Parndorfe, ly\u017eiarskeho strediska Stuhleck, do Neusiedl am See \u010di Hainburgu.<\/p>\n<p>Z\u00a0n\u00e1stup\u00ed\u0161\u0165 \u010d. 5, 6,\u00a07, 8 a\u00a09 odch\u00e1dzaj\u00fa dia\u013ekov\u00e9, medzin\u00e1rodn\u00e9 a\u00a0vybran\u00e9 pr\u00edmestsk\u00e9 linky. Autobusy smeruj\u00face do regi\u00f3nov Dunajsk\u00e1 Streda a Galanta bud\u00fa pristaven\u00e9 pri n\u00e1stupi\u0161tiach 10, 11 a\u00a012. Pre cestuj\u00facich v\u00a0smere do Malaciek a Roho\u017en\u00edka bud\u00fa k\u00a0dispoz\u00edcii n\u00e1stupi\u0161tia s\u00a0\u010d\u00edslovan\u00edm od 13 po 17.<\/p>\n<p>N\u00e1stupi\u0161te \u010d. 18 bude vyhraden\u00e9 pre z\u00e1jazdy a\u00a0dopravu\u00a0pre cestovn\u00e9 kancel\u00e1rie. Autobusy smeruj\u00face do regi\u00f3nu Pezinka bud\u00fa odch\u00e1dza\u0165 z\u00a0n\u00e1stup\u00ed\u0161\u0165 19 a\u017e 22, do regi\u00f3nu Senec z\u00a0n\u00e1stup\u00ed\u0161\u0165 23 a\u017e 26, do regi\u00f3nu \u0160amor\u00edn \u2013 27 a\u017e 31. N\u00e1stupi\u0161tia 32, 33 a 34 obsl\u00fa\u017eia autobusov\u00e9 linky smeruj\u00face do Nitry, Banskej Bystrice, Prahy, Budape\u0161ti,\u00a0Viedne, pr\u00edpadne\u00a0\u010fal\u0161ie medzin\u00e1rodn\u00e9 \u010di dia\u013ekov\u00e9 spoje. Presn\u00fa inform\u00e1ciu o\u00a0konkr\u00e9tnom spoji z\u00edska z\u00e1kazn\u00edk z\u00a0elektronickej tabule.<\/p>\n<p>\u010casy odchodov a\u00a0pr\u00edchodov autobusov sa po pres\u0165ahovan\u00ed autobusovej stanice nezmenili. V\u0161etky d\u00f4le\u017eit\u00e9 inform\u00e1cie n\u00e1jdu cestuj\u00faci na <a href=\"http:\/\/www.slovaklines.sk\" target=\"_blank\" rel=\"noopener\">webstr\u00e1nke slovaklines.sk.<\/a><\/p>\n","protected":false},"excerpt":{"rendered":"<p>Autobusov\u00e1 stanica Mlynsk\u00e9 nivy v\u00a0Bratislave sa v\u00a0noci zo soboty 30. septembra na nede\u013eu 1. okt\u00f3bra pres\u0165ahovala \u201ecez cestu\u201c do ne\u010falek\u00fdch priestorov na Bottovej ulici. Dnes ju po prv\u00fd raz vyu\u017eili aj cestuj\u00faci, ktor\u00ed sa po\u010das pracovn\u00e9ho t\u00fd\u017ed\u0148a pres\u00favaj\u00fa do pr\u00e1ce \u010di \u0161koly. Na N\u00e1hradnej autobusovej stanici Nivy na Bottovej ulici maj\u00fa cestuj\u00faci k dispoz\u00edcii modern\u00e9 [&hellip;]<\/p>\n","protected":false},"author":7,"featured_media":80112,"comment_status":"closed","ping_status":"closed","sticky":false,"template":"","format":"standard","meta":{"footnotes":""},"categories":[4,3,13,10,11,5,50],"tags":[],"class_list":["post-80111","post","type-post","status-publish","format-standard","has-post-thumbnail","hentry","category-automobily","category-bussiness","category-real-estate","category-lines","category-news","category-celebrity-magazine","category-radim-vam","eq-blocks"],"_links":{"self":[{"href":"https:\/\/www.slovaklinesmagazin.sk\/cms\/wp-json\/wp\/v2\/posts\/80111","targetHints":{"allow":["GET"]}}],"collection":[{"href":"https:\/\/www.slovaklinesmagazin.sk\/cms\/wp-json\/wp\/v2\/posts"}],"about":[{"href":"https:\/\/www.slovaklinesmagazin.sk\/cms\/wp-json\/wp\/v2\/types\/post"}],"author":[{"embeddable":true,"href":"https:\/\/www.slovaklinesmagazin.sk\/cms\/wp-json\/wp\/v2\/users\/7"}],"replies":[{"embeddable":true,"href":"https:\/\/www.slovaklinesmagazin.sk\/cms\/wp-json\/wp\/v2\/comments?post=80111"}],"version-history":[{"count":2,"href":"https:\/\/www.slovaklinesmagazin.sk\/cms\/wp-json\/wp\/v2\/posts\/80111\/revisions"}],"predecessor-version":[{"id":80115,"href":"https:\/\/www.slovaklinesmagazin.sk\/cms\/wp-json\/wp\/v2\/posts\/80111\/revisions\/80115"}],"wp:featuredmedia":[{"embeddable":true,"href":"https:\/\/www.slovaklinesmagazin.sk\/cms\/wp-json\/wp\/v2\/media\/80112"}],"wp:attachment":[{"href":"https:\/\/www.slovaklinesmagazin.sk\/cms\/wp-json\/wp\/v2\/media?parent=80111"}],"wp:term":[{"taxonomy":"category","embeddable":true,"href":"https:\/\/www.slovaklinesmagazin.sk\/cms\/wp-json\/wp\/v2\/categories?post=80111"},{"taxonomy":"post_tag","embeddable":true,"href":"https:\/\/www.slovaklinesmagazin.sk\/cms\/wp-json\/wp\/v2\/tags?post=80111"}],"curies":[{"name":"wp","href":"https:\/\/api.w.org\/{rel}","templated":true}]}}