{"id":80213,"date":"2017-10-09T12:48:09","date_gmt":"2017-10-09T10:48:09","guid":{"rendered":"http:\/\/slovaklinesmagazin.sk\/cms\/?p=80213"},"modified":"2017-10-09T12:50:14","modified_gmt":"2017-10-09T10:50:14","slug":"slovenska-filharmonia-ponuka-hudobne-zazitky-pre-celu-rodinu","status":"publish","type":"post","link":"https:\/\/www.slovaklinesmagazin.sk\/cms\/2017\/10\/slovenska-filharmonia-ponuka-hudobne-zazitky-pre-celu-rodinu\/","title":{"rendered":"SLOVENSK\u00c1 FILHARM\u00d3NIA PON\u00daKA HUDOBN\u00c9 Z\u00c1\u017dITKY PRE CEL\u00da RODINU"},"content":{"rendered":"<p><strong>Od septembra 2017 do j\u00fana 2018<\/strong><\/p>\n<p>Ponuka popolud\u0148aj\u0161\u00edch, ve\u010dern\u00fdch \u010di v\u00edkendov\u00fdch kult\u00farnych podujat\u00ed je v Bratislave bohat\u00e1. S l\u00e1kavou ponukou prich\u00e1dza ka\u017edoro\u010dne aj Slovensk\u00e1 filharm\u00f3nia, ktorej 69. koncertn\u00e1 sez\u00f3na od\u0161tartovala v septembri.<\/p>\n<p>Jej s\u00eddlo je v centre mesta, v budove bratislavskej Reduty. Historick\u00e1 dominanta je s\u00fa\u010das\u0165ou hlavn\u00e9ho mesta od 20. rokov minul\u00e9ho storo\u010dia. Ur\u010dite ju pozn\u00e1te. Na jej prie\u010del\u00ed svieti neprehliadnute\u013en\u00fd n\u00e1zov Slovensk\u00e1 filharm\u00f3nia.<\/p>\n<p>\u010co v\u0161ak ukr\u00fdva dnu? My V\u00e1s poz\u00fdvame na jej n\u00e1v\u0161tevu. Ur\u010dite neo\u013eutujete. Okrem noblesn\u00fdch zrekon\u0161truovan\u00fdch priestorov V\u00e1s tu \u010dak\u00e1 od septembra do j\u00fana bohat\u00e1 hudobn\u00e1 ponuka koncertov klasickej hudby interpretovanej na\u0161imi telesami \u2013 orchestrom Slovensk\u00e1 filharm\u00f3nia, Slovensk\u00fdm filharmonick\u00fdm zborom a Slovensk\u00fdm komorn\u00fdm orchestrom.<br \/>\nOkrem troch hudobn\u00fdch st\u00e1lic sa tu vystrieda po\u010das celej sez\u00f3ny mnoho dom\u00e1cich a zahrani\u010dn\u00fdch host\u00ed \u2013 s\u00f3listov , dirigentov \u010di komorn\u00fdch zoskupen\u00ed. Treba si len vybra\u0165 a\u00a0za\u017ei\u0165 chv\u00edle pln\u00e9 harm\u00f3nie.<\/p>\n<p>Aj t\u00fato sez\u00f3nu s\u00fa pripraven\u00e9 symfonick\u00e9 a\u00a0vok\u00e1lno &#8211; in\u0161trument\u00e1lne koncerty v\u00a0Koncertnej sieni. V reperto\u00e1ri nech\u00fdbaj\u00fa popul\u00e1rne koncerty pre dospel\u00fdch, deti a teenagerov.<br \/>\nVo vybran\u00e9 nede\u013en\u00e9 popoludnia Slovensk\u00e1 filharm\u00f3nia pon\u00faka organov\u00e9 koncerty, \u010di koncerty legend\u00e1rneho Slovensk\u00e9ho komorn\u00e9ho orchestra. V ponuke nebud\u00fa ch\u00fdba\u0165 ani sviato\u010dn\u00e9 koncerty \u2013 viano\u010dn\u00e9, silvestrovsk\u00fd, novoro\u010dn\u00fd a\u00a0mimoriadne ob\u013e\u00faben\u00e9 a \u017eiadan\u00e9 koncerty filmovej hudby.<\/p>\n<p style=\"text-align: center;\"><img decoding=\"async\" class=\"aligncenter\" src=\"http:\/\/slovaklinesmagazin.sk\/cms\/wp-content\/uploads\/2017\/10\/Slovensk\u00fd-filharmonick\u00fd-zbor-foto-J\u00e1n-Luk\u00e1\u0161-1024x683.jpg\" \/><br \/>\nSlovensk\u00fd filharmonick\u00fd zbor, foto J\u00e1n Luk\u00e1\u0161<\/p>\n<p><strong>Filharmonick\u00e9 \u0161tvrtky a piatky o 19-tej<\/strong><\/p>\n<p>V sez\u00f3ne priv\u00edtame nieko\u013eko v\u00fdznamn\u00fdch osobnost\u00ed svetov\u00e9ho koncertn\u00e9ho umenia: popri novom \u0161\u00e9fdirigentovi, britskom maestrovi Jamesovi Juddovi, sa pred orchester SF po prv\u00fdkr\u00e1t postav\u00edrak\u00fasky dirigent Sascha G\u00f6tzel, hos\u0165uj\u00faci dirigent Viedenskej \u0161t\u00e1tnej opery a hlavn\u00fd hos\u0165uj\u00faci dirigent Kanagawa Philharmonic Orchestra v Japonsku, Wayne Marshall, \u0161\u00e9f Kol\u00ednskeho rozhlasov\u00e9ho orchestra, ktor\u00fd sa predstav\u00ed nielen ako dirigent, ale s\u00fa\u010dasne aj ako s\u00f3lov\u00fd klavirista. Z pravideln\u00fdch host\u00ed sa za dirigentsk\u00fd pult postavia Leo\u0161 Sv\u00e1rovsk\u00fd, Rastislav \u0160t\u00far, Alexander Rahbari, Petr Altrichter, Piotr Gribanov, Kaspar Zehnder \u010di b\u00fdval\u00fd \u0161\u00e9fdirigent SF Emmanuel Villaume.<\/p>\n<p>Po 4 rokoch do Bratislavy op\u00e4\u0165 zav\u00edta legend\u00e1rny izraelsk\u00fd dirigent Pinchas Steinberg, ktor\u00fd bude hos\u0165ova\u0165 v Bratislave hne\u010f dvakr\u00e1t.<\/p>\n<p>Na svojom prvom koncerte uvedie zriedkavo hr\u00e1van\u00fa kant\u00e1tu F. Mendelssohna Bartholdyho Prv\u00e1 Valpurgina noc, na druhom koncerte, venovanom Medzin\u00e1rodn\u00e9mu d\u0148u pamiatky obet\u00ed holokaustu v janu\u00e1ri 2018, Sch\u00f6nbergo magick\u00fd opus Ten, kto pre\u017eil Var\u0161avu s\u00a0charizmatick\u00fdm Jurajom Kukurom v \u00falohe rozpr\u00e1va\u010da. Pod taktovkou petrohradsk\u00e9ho rod\u00e1ka Daniela Raiskina zaznie po prv\u00fdkr\u00e1t v\u00a0Bratislave \u0160ostakovi\u010dova 4. symf\u00f3nia.<\/p>\n<p style=\"text-align: center;\"><img decoding=\"async\" class=\"aligncenter\" src=\"http:\/\/slovaklinesmagazin.sk\/cms\/wp-content\/uploads\/2017\/10\/James-Judd-\u0161\u00e9fdirigent-SF-foto-Peter-Brenkus-801x1024.jpg\" \/><br \/>\nJames Judd, \u0161\u00e9fdirigent SF foto Peter Brenkus<\/p>\n<p>Zo s\u00f3listov, preva\u017ene klaviristov, treba spomen\u00fa\u0165 bulharsk\u00e9ho virtu\u00f3za Evgeniho Bozhanova, ktor\u00fd hos\u0165oval v Bratislave po\u010das 47. ro\u010dn\u00edka Bratislavsk\u00fdch hudobn\u00fdch sl\u00e1vnost\u00ed, Ameri\u010dana Andrewa von Oeyena, sk\u00fasen\u00e9ho anglick\u00e9ho svetobe\u017en\u00edka Stephena Hougha, Mateja Arend\u00e1rika. Marian Lap\u0161ansk\u00fd, gener\u00e1lny riadite\u013e SF, bude s\u00f3listom 2. klav\u00edrneho koncertu P. I. \u010cajkovsk\u00e9ho, franc\u00fazsky pianista Jean-Fr\u00e9deric Neuburger zahr\u00e1 s\u00f3lov\u00fd part Beethovenovho 4. klav\u00edrneho koncertu.<\/p>\n<p>Z\u00e1\u017eitkom bude vyst\u00fapenie ob\u013e\u00faben\u00e9ho huslistu Dalibora Karvaya a\u00a0mlad\u00e9ho bezruk\u00e9ho hr\u00e1\u010da na lesnom rohu Felixa Kliesera, ktor\u00fd svoj n\u00e1stroj obsluhuje nohami.<\/p>\n<p>Z\u00a0huslistov priv\u00edtame aj rusk\u00fa virtu\u00f3zku Alenu Baevu, v\u00ed\u0165azku Medzin\u00e1rodnej hus\u013eovej s\u00fa\u0165a\u017ee Sendai (Japonsko 2007), finalistku Medzin\u00e1rodnej hus\u013eovej s\u00fa\u0165a\u017ee Queen Elisabeth (Brusel 2005), v\u00ed\u0165azku Medzin\u00e1rodnej hus\u013eovej s\u00fa\u0165a\u017ee N. Paganiniho v Moskve, rusk\u00e9ho huslistu Mikhaila Ovrutsk\u00e9ho, dr\u017eite\u013ea viacer\u00fdch medzin\u00e1rodn\u00fdch ocenen\u00ed.<\/p>\n<p>Zo spev\u00e1kov priv\u00edtame napr\u00edklad izraelsk\u00fa sopranistku Chen Reiss, nemeck\u00e9ho tenoristu Dominika Wortiga, Simonu Houdu-\u0160aturov\u00fa a mnoh\u00fdch \u010fal\u0161\u00edch.<\/p>\n<p>Violon\u010delisti bud\u00fa zast\u00fapen\u00ed Ma\u010farom Istv\u00e1nom V\u00e1rdaiom, Nemcom Julianom Steckelom a Franc\u00fazom Sebastienom Hurtaudom, o ktorom americk\u00fd \u010dasopis \u201eFanfare Magazine\u201c nap\u00edsal: \u201eumelec je du\u0161ou Rostropovi\u010d, technikou Feuermann\u201c.<\/p>\n<p>V Slovenskej filharm\u00f3nii uvedie Sebastien Hurtaud z\u00e1bavn\u00fd Koncert pre violon\u010delo a dychov\u00fd orchester Friedricha Guldu. Hos\u0165ova\u0165 bude aj hudobn\u00e1 rodina \u010ci\u017emarovi\u010dovcov (otec, syn a bratranec) pri predveden\u00ed s\u00f3lov\u00fdch partov Beethovenovho Trojkoncertu pre husle, violon\u010delo, klav\u00edr a orchester C dur, op. 56.<\/p>\n<p style=\"text-align: center;\"><img decoding=\"async\" class=\"aligncenter\" src=\"http:\/\/slovaklinesmagazin.sk\/cms\/wp-content\/uploads\/2017\/10\/57-SF-Moyzesovo-kvarteto-17-01-2017-jan.f.lukas_-1024x683.jpg\" \/><\/p>\n<p>&nbsp;<\/p>\n<p><strong>Chyst\u00e1te sa na koncert prv\u00fdkr\u00e1t? Nav\u0161t\u00edvte koncert\u00a0<\/strong><strong>Popul\u00e1rneho cyklu<\/strong><\/p>\n<p>V Popul\u00e1rnom cykle, zameranom na \u0161irok\u00fa vrstvu na\u0161ich dlhoro\u010dn\u00fdch abonentov, bud\u00fa \u00fa\u010dinkova\u0165 dirigenti Jesus Medina z Mexika, ktor\u00fd uvedie program preva\u017ene z\u00a0diel juhoamerick\u00fdch autorov, Daejin Kim z K\u00f3rey a Poliak Jacek Rogala.<br \/>\nZo s\u00f3listov priv\u00edtame klaviristov Mariana Sobulu,ktor\u00fd prednesie s\u00f3lov\u00fd part unik\u00e1tneho klav\u00edrneho koncertu I. Paderewsk\u00e9ho a Rema Urasina.<\/p>\n<p>Z huslistov to bud\u00fa traja mlad\u00ed slovensk\u00ed interpreti Dalibor Karvay, Milan Pa\u013ea a Miroslav Ambro\u0161. \u0164a\u017eisko cyklu tvoria zn\u00e1me symfonick\u00e9 diela &#8211; Symf\u00f3nia \u010d. 5 c mol Osudov\u00e1, op. 67 Ludwiga van Beethovena, symfonick\u00e1 b\u00e1se\u0148 Finlandia Jeana Sibelia, \u010di Symf\u00f3nia \u010d. 6 h mol Patetick\u00e1, op. 74 Piotra I\u013eji\u010da \u010cajkovsk\u00e9ho.<\/p>\n<p><strong>Sobotn\u00fd program s de\u0165mi? Z\u00e1jdite do REDUTY<\/strong><\/p>\n<p>Pre rodiny s de\u0165mi pon\u00fakame ob\u013e\u00faben\u00e9 Rodinn\u00e9 koncerty \/cyklus R\/ \u0161tyri sobotn\u00e9 popoludnia o\u00a016 tej, ktor\u00fdmi V\u00e1s bude sprev\u00e1dza\u0165 milovn\u00edk klasickej hudby a\u00a0popul\u00e1rny moder\u00e1tor Martin Vanek. Hodinov\u00fd koncert pripraven\u00fd pre najmlad\u0161\u00edch n\u00e1v\u0161tevn\u00edkov kon\u010d\u00ed tombolou, v ktorej mo\u017eno z\u00edskate pekn\u00e9 ceny.<\/p>\n<p>Ak sa na V\u00e1s \u0161\u0165astie neusmeje, ur\u010dite od\u00eddete so sladkou odmenou.<\/p>\n<p><strong>JUNIOR koncerty o 18-tej&#8230; aj s raperom Majkom Spiritom<\/strong><\/p>\n<p>Koncerty usporad\u00favan\u00e9 v r\u00e1mci tohto cyklu sa riadia svojim mottom \u201emlad\u00ed mlad\u00fdm\u201c &#8211; mlad\u00ed \u013eudia nesedia len v h\u013eadisku, mlad\u00ed \u013eudia \u00fa\u010dinkuj\u00fa aj na p\u00f3diu.<\/p>\n<p>T\u00e1to skuto\u010dnos\u0165 je mo\u017en\u00e1 v\u010faka trvalej spolupr\u00e1ci Slovenskej filharm\u00f3nie so \u0161tudentmi Bratislavsk\u00e9ho konzervat\u00f3ria a Hudobno-tane\u010dnej fakulty Vysokej \u0161koly m\u00fazick\u00fdch umen\u00ed v Bratislave. \u0160tudenti t\u00fdchto \u0161k\u00f4l si spolu so svojimi umeleck\u00fdmi ved\u00facimi pravidelne pripravuj\u00fa program vlastn\u00fdch koncertov, ktor\u00e9 s pozit\u00edvnou odozvou prezentuj\u00fa na p\u00f3diu Slovenskej filharm\u00f3nie. Z hos\u0165uj\u00facich ml\u00e1de\u017en\u00edckych orchestrov sa 18. apr\u00edla 2018 predstav\u00ed vynikaj\u00faci ml\u00e1de\u017en\u00edcky Wiener Jeunesse orchester.<\/p>\n<p>Cyklus od\u0161tartuje v novembri medzi\u017e\u00e1nrov\u00fd projekt komorn\u00e9ho zoskupenia The Classical Music Maniacs s\u00a0umeleck\u00fdm ved\u00facim Jarol\u00edmom Emmanuelom Ru\u017ei\u010dkom, koncertn\u00fdm majstrom SF a na\u0161im najzn\u00e1mej\u0161\u00edm raperom Majkom Spiritom.<\/p>\n<p>Po viacer\u00fdch \u00faspe\u0161n\u00fdch projektoch sa mlad\u00ed drav\u00ed hudobn\u00edci pok\u00fasia spoji\u0165 klasick\u00fd reperto\u00e1r s rapom. Koncert Raper Vivaldi sa uskuto\u010dn\u00ed v sobotu 25. novembra o 18.00 h v Koncertnej sieni Slovenskej filharm\u00f3nie.<\/p>\n<p style=\"text-align: center;\"><img decoding=\"async\" class=\"aligncenter\" src=\"http:\/\/slovaklinesmagazin.sk\/cms\/wp-content\/uploads\/2017\/10\/Slovensk\u00fd-komorn\u00fd-orchester-foto-J\u00e1n-Luk\u00e1\u0161-1024x824.jpg\" \/><br \/>\nSlovensk\u00fd komorn\u00fd orchester, foto J\u00e1n Luk\u00e1\u0161<\/p>\n<p>&nbsp;<\/p>\n<p><strong>NEDE\u013dA SO ZVUKOM ORGANA<\/strong><\/p>\n<p>Aj v tejto koncertnej sez\u00f3ne pokra\u010duje s\u00e9ria organov\u00fdch recit\u00e1lov vo vybran\u00e9 nede\u013en\u00e9 popoludnia, v r\u00e1mci ktor\u00fdch sa na \u0161tyroch koncertoch predstavia popredn\u00ed dom\u00e1ci a\u00a0zahrani\u010dn\u00ed interpreti &#8211; rak\u00faski organisti Wolfgang Capek, zakladate\u013e organov\u00e9ho festivalu v St.<\/p>\n<p>Augustin Kirche vo Viedni a prof. Ebenbauer so zameran\u00edm na hudbu autorov nemeckej a\u00a0franc\u00fazskej proveniencie. Nemec Tomasz Adam Nowak, v\u00ed\u0165az viacer\u00fdch medzin\u00e1rodn\u00fdch s\u00fa\u0165a\u017e\u00ed sa rad\u00ed medzi interpretov, \u010dasto prezentuj\u00facich pozoruhodn\u00e9 vlastn\u00e9 organov\u00e9 transkripcie, ako aj transkripcie svetov\u00fdch autorov.<\/p>\n<p>V\u00a0r\u00e1mci roka \u010desko-slovenskej vz\u00e1jomnosti prinesie charizmatick\u00fd Ale\u0161 B\u00e1rta do Bratislavy aj z\u00e1van \u010deskej trad\u00edcie.<\/p>\n<p><strong>M\u00e1te radi komornej\u0161ie prostredie? Vyberte si koncert v\u00a0Malej s\u00e1le Slovenskej filharm\u00f3nie<\/strong><\/p>\n<p>N\u00e1\u0161 legend\u00e1rny Slovensk\u00fd komorn\u00fd orchester pokra\u010duje v dlhoro\u010dnej trad\u00edcii komorn\u00fdch koncertov,<\/p>\n<p>ktor\u00e9 publiku pon\u00faka zhruba raz mesa\u010dne.<\/p>\n<p>V r\u00e1mci cyklu SKO odznie pre milovn\u00edkov komornej hudby sedem koncertov s programom, siahaj\u00facim od Johanna Sebastiana Bacha po Petra Breinera. Zlat\u00fdm klincom cyklu bude na\u0161tudovanie kompletu Bachov\u00fdch Brandenbursk\u00fdch koncertov pod veden\u00edm dirigenta a flautistu Kaspara Zehndera. Komorn\u00e9 utorky v Malej s\u00e1le, v\u017edy o 19.00 h<\/p>\n<p>V utorky sa konaj\u00fa v bratislavskej Redute komorn\u00e9 koncerty viacer\u00fdch cyklov. S\u00fa to koncerty Hudobnej mozaiky, ktor\u00e9 pon\u00fakaj\u00fa s\u00f3lov\u00e9 recit\u00e1ly, komorn\u00e9 du\u00e1, tri\u00e1, koncerty sl\u00e1\u010dikov\u00fdch kvartet a koncerty v spolupr\u00e1ci s letnou akad\u00e9miou International Holland Music Sessions, na ktor\u00fdch m\u00e1te mo\u017enos\u0165 spozna\u0165 virtu\u00f3zov najmlad\u0161ej gener\u00e1cie \u0161pi\u010dkov\u00fdch interpretov. Tie\u017e m\u00f4\u017eete zav\u00edta\u0165 na koncerty Starej hudby, na ktor\u00fdch sa predstavia s\u00fabory interpretuj\u00facehudbu star\u00fdch \u0161t\u00fdlov\u00fdch obdob\u00ed na dobov\u00fdch n\u00e1strojoch.<\/p>\n<p>Ak ste milovn\u00edkom hudby a\u00a0literat\u00fary nevynechajte koncerty cyklu Hudba a slovo.<\/p>\n<p>Fotografia na titulke: Budova REDUTA, s\u00eddlo SF, Photo Peter Brenkus<\/p>\n<p>&nbsp;<\/p>\n<p style=\"text-align: center;\">\n<p>[h3]<\/p>\n<p style=\"text-align: center;\"><span style=\"color: #800080;\"><strong>PROGRAM, vstupenky<\/strong><\/span><\/p>\n<p style=\"text-align: center;\"><span style=\"color: #800080;\">O v\u0161etk\u00fdch na\u0161ich podujatiach sa dozviete v celosez\u00f3nnom<\/span><\/p>\n<p style=\"text-align: center;\"><span style=\"color: #800080;\">bulletine, ktor\u00fd je v predaji v Pokladnici SF a na webovej str\u00e1nke<\/span><\/p>\n<p style=\"text-align: center;\"><span style=\"color: #800080;\">Slovenskej filharm\u00f3nie.<\/span><\/p>\n<p style=\"text-align: center;\"><span style=\"color: #800080;\">Pokladnica Slovenskej filharm\u00f3nie, Reduta,<\/span><\/p>\n<p style=\"text-align: center;\"><span style=\"color: #800080;\">N\u00e1m. Eugena Sucho\u0148a 1, Bratislava,<\/span><\/p>\n<p style=\"text-align: center;\"><span style=\"color: #800080;\">otvoren\u00e1 Po: 9 \u2013 14.00, Ut \u2013 Pia: 13.00 \u2013 19.00.<\/span><\/p>\n<p style=\"text-align: center;\"><span style=\"color: #800080;\">Rezerv\u00e1cie: 02\/20475233, e mail: vstupenky@filharmonia.sk<\/span><\/p>\n<p style=\"text-align: center;\"><span style=\"color: #800080;\">Vstupenky je mo\u017en\u00e9 zak\u00fapi\u0165 si aj ONLINE na webovej str\u00e1nke<\/span><\/p>\n<p style=\"text-align: center;\"><span style=\"color: #800080;\">SF &#8211; cez syst\u00e9m N\u00c1V\u0160TEVN\u00cdK.sk a vyu\u017e\u00ed\u0165 tak pohodln\u00fd online<\/span><\/p>\n<p style=\"text-align: center;\"><span style=\"color: #800080;\">predaj.<\/span><\/p>\n<p>[\/h3]<\/p>\n<p style=\"text-align: center;\">\n<p>&nbsp;<\/p>\n<p>&nbsp;<\/p>\n<p>&nbsp;<\/p>\n<p style=\"text-align: center;\"><a href=\"http:\/\/www.filharmonia.sk\" target=\"_blank\" rel=\"noopener\">www.filharmonia.sk<\/a><\/p>\n","protected":false},"excerpt":{"rendered":"<p>Od septembra 2017 do j\u00fana 2018 Ponuka popolud\u0148aj\u0161\u00edch, ve\u010dern\u00fdch \u010di v\u00edkendov\u00fdch kult\u00farnych podujat\u00ed je v Bratislave bohat\u00e1. S l\u00e1kavou ponukou prich\u00e1dza ka\u017edoro\u010dne aj Slovensk\u00e1 filharm\u00f3nia, ktorej 69. koncertn\u00e1 sez\u00f3na od\u0161tartovala v septembri. Jej s\u00eddlo je v centre mesta, v budove bratislavskej Reduty. Historick\u00e1 dominanta je s\u00fa\u010das\u0165ou hlavn\u00e9ho mesta od 20. rokov minul\u00e9ho storo\u010dia. Ur\u010dite ju [&hellip;]<\/p>\n","protected":false},"author":7,"featured_media":80216,"comment_status":"closed","ping_status":"closed","sticky":false,"template":"","format":"standard","meta":{"footnotes":""},"categories":[45,11,53,48],"tags":[],"class_list":["post-80213","post","type-post","status-publish","format-standard","has-post-thumbnail","hentry","category-nas-tip","category-news","category-ponuky","category-umenie-a-kultura","eq-blocks"],"_links":{"self":[{"href":"https:\/\/www.slovaklinesmagazin.sk\/cms\/wp-json\/wp\/v2\/posts\/80213","targetHints":{"allow":["GET"]}}],"collection":[{"href":"https:\/\/www.slovaklinesmagazin.sk\/cms\/wp-json\/wp\/v2\/posts"}],"about":[{"href":"https:\/\/www.slovaklinesmagazin.sk\/cms\/wp-json\/wp\/v2\/types\/post"}],"author":[{"embeddable":true,"href":"https:\/\/www.slovaklinesmagazin.sk\/cms\/wp-json\/wp\/v2\/users\/7"}],"replies":[{"embeddable":true,"href":"https:\/\/www.slovaklinesmagazin.sk\/cms\/wp-json\/wp\/v2\/comments?post=80213"}],"version-history":[{"count":5,"href":"https:\/\/www.slovaklinesmagazin.sk\/cms\/wp-json\/wp\/v2\/posts\/80213\/revisions"}],"predecessor-version":[{"id":80223,"href":"https:\/\/www.slovaklinesmagazin.sk\/cms\/wp-json\/wp\/v2\/posts\/80213\/revisions\/80223"}],"wp:featuredmedia":[{"embeddable":true,"href":"https:\/\/www.slovaklinesmagazin.sk\/cms\/wp-json\/wp\/v2\/media\/80216"}],"wp:attachment":[{"href":"https:\/\/www.slovaklinesmagazin.sk\/cms\/wp-json\/wp\/v2\/media?parent=80213"}],"wp:term":[{"taxonomy":"category","embeddable":true,"href":"https:\/\/www.slovaklinesmagazin.sk\/cms\/wp-json\/wp\/v2\/categories?post=80213"},{"taxonomy":"post_tag","embeddable":true,"href":"https:\/\/www.slovaklinesmagazin.sk\/cms\/wp-json\/wp\/v2\/tags?post=80213"}],"curies":[{"name":"wp","href":"https:\/\/api.w.org\/{rel}","templated":true}]}}