{"id":80440,"date":"2017-11-08T10:42:13","date_gmt":"2017-11-08T08:42:13","guid":{"rendered":"http:\/\/slovaklinesmagazin.sk\/cms\/?p=80440"},"modified":"2017-11-08T10:42:13","modified_gmt":"2017-11-08T08:42:13","slug":"carovny-advent-2017-v-stredisku-salzburger-sportwelt","status":"publish","type":"post","link":"https:\/\/www.slovaklinesmagazin.sk\/cms\/2017\/11\/carovny-advent-2017-v-stredisku-salzburger-sportwelt\/","title":{"rendered":"\u010carovn\u00fd advent 2017 v stredisku Salzburger Sportwelt"},"content":{"rendered":"<p><em>\u0160portov\u00fd za\u010diatok zimy v krajine \u201eTichej noci\u201c<\/em><\/p>\n<p><strong><em>Ke\u010f prv\u00fd sneh premen\u00ed stredisko Salzburger Sportwelt na zimn\u00fa krajinu z\u00e1zrakov, je ist\u00e9, \u017ee sa bl\u00ed\u017eia Vianoce. Advent je pre mnoh\u00fdch zimn\u00fdch \u0161portovcov najkraj\u0161ie obdobie: Zatia\u013e\u010do na zjazdovk\u00e1ch vo Flachau, Wagrain-Kleinarl, St. Johann-Alpendorf, Radstadt, Altenmarkt-Zauchensee, Eben a Filzmoos u\u017e panuje \u0161portov\u00e1 n\u00e1lada, osem pr\u00e1zdninov\u00fdch obc\u00ed p\u00f4sob\u00ed sk\u00f4r kult\u00farne: Tradi\u010dn\u00e9 folkl\u00f3rne podujatia, prech\u00e1dzky a koncerty pripom\u00ednaj\u00fa rados\u0165 z prich\u00e1dzaj\u00facich viano\u010dn\u00fdch sviatkov. V tomto a bud\u00facom roku sa mimoriadna pozornos\u0165 venuje obci Wagrain: Preto\u017ee pr\u00e1ve v nej str\u00e1vil far\u00e1r a autor textu piesne \u201eTich\u00e1 noc! Sv\u00e4t\u00e1 noc!\u201c Joseph Mohr mnoho rokov svojho \u017eivota. T\u00e1to najsl\u00e1vnej\u0161ia viano\u010dn\u00e1 koleda toti\u017e v roku 2018 oslavuje 200. v\u00fdro\u010die.<\/em><\/strong><\/p>\n<h6 style=\"text-align: center;\"><img loading=\"lazy\" decoding=\"async\" class=\"alignnone\" src=\"http:\/\/slovaklinesmagazin.sk\/cms\/wp-content\/uploads\/2017\/11\/Licht-Advent-3-EZ-Copyrigth_St.-Johann-683x1024.jpg\" width=\"548\" height=\"822\" \/><\/p>\n<p>Osvetlen\u00e1 fas\u00e1da kostola Pongauer Dom tvor\u00ed kulisu podujatia \u201eAdvent svetiel\u201c v obci St. Johann-Alpendorf. \u00a9 EZ St. Johann<\/h6>\n<p>V pr\u00e1zdninov\u00fdch obciach strediska Salzburger Sportwelt sa bude advent a predviano\u010dn\u00fd \u010das oslavova\u0165 tradi\u010dne a pod\u013ea star\u00e9ho zvyku: Nesm\u00fa ch\u00fdba\u0165 viano\u010dn\u00e9 trhy, sc\u00e9nick\u00e9 predstavenia o naroden\u00ed Je\u017ei\u0161ka, adventn\u00e9 podujatia ani pongausk\u00e9 poch\u00fa\u0165ky. Zatia\u013e\u010do si zimn\u00ed \u0161portovci cel\u00e9 dni u\u017e\u00edvaj\u00fa najlep\u0161ie upraven\u00e9 svahy Rak\u00faska a najv\u00e4\u010d\u0161ie ly\u017eiarske pote\u0161enie Ski amad\u00e9, skor\u00e9 stmievanie a dlh\u00e9 ve\u010dery zas poz\u00fdvaj\u00fa tr\u00e1vi\u0165 \u010das v pr\u00edjemnej adventnej atmosf\u00e9re.<\/p>\n<p><strong>\u201eTich\u00e1 noc\u201c v obci Wagrain: Po stop\u00e1ch svetovej piesne mieru<\/strong><\/p>\n<p>Na Vianoce 1818 \u00faplne po prv\u00fdkr\u00e1t zaznela najsl\u00e1vnej\u0161ia koleda \u201eTich\u00e1 noc\u201c v Kostole sv. Mikul\u00e1\u0161a v obci Oberndorf pri Salzburgu. Text piesne poch\u00e1dzal od Josepha Mohra, mel\u00f3diu skomponoval u\u010dite\u013e Franz Xaver Gruber. Far\u00e1r Joseph Mohr opustil Oberndorf u\u017e v roku 1819 a po nieko\u013ek\u00fdch rokoch cestovania pri\u0161iel v roku 1837 do obce Wagrain, svojho posledn\u00e9ho p\u00f4sobiska. Tam pod\u013ea historick\u00fdch prame\u0148ov p\u00f4sobil ako \u201esoci\u00e1lny vik\u00e1r\u201c. Bol duchovn\u00fdm pastierom, ktor\u00fd sa o \u013eud\u00ed staral v ka\u017edej oblasti. Mimoriadne mu v\u0161ak z\u00e1le\u017ealo na najmen\u0161\u00edch, najchudobnej\u0161\u00edch a na posledn\u00fdch z posledn\u00fdch. U\u017e po\u010das druh\u00e9ho roku svojho p\u00f4sobenia v obci Wagrain bol hlavn\u00fdm inici\u00e1torom stavby z\u00e1kladnej \u0161koly, do ktorej s\u00e1m vlo\u017eil takmer v\u0161etok svoj majetok a svoje \u00fasilie. Okrem toho pre obec k\u00fapil po\u017eiarnu strieka\u010dku a zasadzoval sa za starostlivos\u0165 o chor\u00fdch a star\u00fdch. Jeho skutky zanechali v obci Wagrain mimoriadne trval\u00fa stopu. Joseph Mohr bol pritom na tomto mieste ob\u013e\u00faben\u00fd aj ako pr\u00edvetiv\u00fd, spolo\u010densk\u00fd a hudobne nadan\u00fd far\u00e1r. Udr\u017eiaval kostoln\u00fd spevokol a akt\u00edvne komponoval. D\u0148a 4. decembra 1848 Joseph Mohr zomrel v d\u00f4sledku paral\u00fdzy p\u013e\u00fac vo veku len 56 rokov. Jeho hrob je mo\u017en\u00e9 nav\u0161t\u00edvi\u0165 dodnes. Vo farskom kostole sa nach\u00e1dza pam\u00e4tn\u00e1 tabu\u013ea a tie\u017e pam\u00e4tn\u00fd organ Josepha Mohra z roku 2006.<\/p>\n<ul>\n<li>Prech\u00e1dzka za kult\u00farou obce Wagrain, tzv. <strong>Wagrainer Kulturspaziergang<\/strong>, n\u00e1v\u0161tevn\u00edkov poz\u00fdva na jeden a polhodinov\u00fa prech\u00e1dzku po stop\u00e1ch far\u00e1ra Mohra a koledy Tich\u00e1 noc. Na trase sa nach\u00e1dza farsk\u00fd kostol, wagrainsk\u00fd farsk\u00fd dvor, ktor\u00fd Mohr obhospodaroval, a tunaj\u0161\u00ed cintor\u00edn s miestom posledn\u00e9ho odpo\u010dinku Josepha Mohra. Ne\u010faleko kostola le\u017e\u00ed dom Karla Heinricha Waggerla, v ktorom mnoho rokov s\u00eddli v\u00fdstava o \u017eivote a p\u00f4soben\u00ed soci\u00e1lneho vik\u00e1ra Mohra.<\/li>\n<li>V novozrekon\u0161truovanom s\u00eddle vik\u00e1ra s n\u00e1zvom <strong>Pflegerschl\u00f6ssl vo Wagraine<\/strong> bude 3. decembra 2017 otvoren\u00e9 <strong>M\u00fazeum Tichej noci<\/strong>: Jednotliv\u00e9 \u010dasti v\u00fdstavy s\u00fa venovan\u00e9 \u017eivotu a p\u00f4sobeniu Josepha Mohra vo Wagrain, vzniku piesne, jej medzin\u00e1rodn\u00e9mu roz\u0161\u00edreniu a v\u00fdnimo\u010dn\u00e9mu \u010daru. Okrem toho m\u00fazeum svojich n\u00e1v\u0161tevn\u00edkov poz\u00fdva, aby sa interakt\u00edvne zamysleli nad hodnotou pokoja a ticha v dne\u0161nej \u010doraz hektickej\u0161ej dobe.<\/li>\n<li>\u201eWagrainsk\u00fd advent v znamen\u00ed Tichej noci\u201c trvaj\u00faci od 3. do 26. decembra v sebe sp\u00e1ja posolstvo mieru tejto koledy s viano\u010dn\u00fdmi zvykmi z cel\u00e9ho sveta. V r\u00e1mci programu \u201eAdvent kult\u00far\u201c sa od 8. do 12. decembra bude ako hos\u0165ovsk\u00e1 krajina v kruhu dom\u00e1cich vystavovate\u013eov prezentova\u0165 <strong>\u0160v\u00e9dsko.<\/strong> Okrem toho sa konaj\u00fa adventn\u00e9 koncerty. Na Je\u017ei\u0161kovej po\u0161te v m\u00fazeu Waggerl-Haus sa l\u00e1skyplne prij\u00edma viano\u010dn\u00e1 po\u0161ta. D\u0148a 24. decembra poz\u00fdva n\u00e1v\u0161tevn\u00edkov na polno\u010dn\u00fa om\u0161u o 23.00 hod. zvuk romantick\u00fdch tr\u00fabok hraj\u00facich pred farsk\u00fdm kostolom od 22.15 hod.<\/li>\n<\/ul>\n<p>Bli\u017e\u0161ie inform\u00e1cie n\u00e1jdete na adrese <a href=\"http:\/\/www.wagrain-kleinarl.at\">www.wagrain-kleinarl.at<\/a><\/p>\n<h6 style=\"text-align: center;\"><img decoding=\"async\" class=\"alignnone\" src=\"http:\/\/slovaklinesmagazin.sk\/cms\/wp-content\/uploads\/2017\/11\/Adventwanderung-Radstadt_copyright_TVb-Radstadt-1024x683.jpg\" \/><\/p>\n<p>Po\u010das Radstadtskej viano\u010dnej prech\u00e1dzky p\u00f4jdete kr\u00e1sne osvetlen\u00fdm lesom.<\/h6>\n<p><strong><br \/>\nTipy na podujatia po\u010das adventu 2017:<\/strong><\/p>\n<ul>\n<li><strong>Advent svetiel v obci St. Johann-Alpendorf<br \/>\n<\/strong>Adventn\u00fd trh v parku pred kostolom Pongauer Dom v St. Johann poz\u00fdva o\u010di det\u00ed a dospel\u00fdch, aby v pravom zmysle slova za\u017eiarili. Sveteln\u00e9 in\u0161tal\u00e1cie na stromoch a budov\u00e1ch, pongausk\u00e9 \u0161peciality, remesl\u00e1, ve\u013ea hudby a \u0161t\u00fdlov\u00fd kri\u0161t\u00e1\u013eov\u00fd sal\u00f3nik zaved\u00fa n\u00e1v\u0161tevn\u00edkov do alpskej viano\u010dnej krajiny z\u00e1zrakov pripom\u00ednaj\u00facej romantiku detstva. Od 23. novembra do 23. decembra 2017 v\u017edy od \u0161tvrtka do nedele. <a href=\"http:\/\/www.licht-advent.at\">www.licht-advent.at<\/a><\/li>\n<li><strong>Viano\u010dn\u00e1 idyla v obci Filzmoos<br \/>\n<\/strong>Od horsk\u00fdch ch\u00e1t Unterhofalm a Oberhofalm vedie fak\u013eami lemovan\u00e1 cesti\u010dka zasne\u017een\u00fdmi horsk\u00fdmi pasienkami k idylick\u00e9mu jazeru Almsee. Na \u00fap\u00e4t\u00ed hory Bischofsm\u00fctze a \u010faleko od predviano\u010dn\u00e9ho zhonu \u010dak\u00e1 na n\u00e1v\u0161tevn\u00edkov viano\u010dn\u00e1 atmosf\u00e9ra s betlehemom v \u017eivotnej ve\u013ekosti, viano\u010dn\u00fdmi truba\u010dmi, tradi\u010dn\u00fdmi viano\u010dn\u00fdmi maskami \u010dertov, varen\u00fdm v\u00ednom, pun\u010dom, detsk\u00fdm \u010dajom a mnoh\u00fdmi \u010fal\u0161\u00edmi zauj\u00edmav\u00fdmi prekvapeniami. Viano\u010dn\u00e1 idyla v obci Filzmoos sa bude kona\u0165 v nasleduj\u00facich d\u0148och: 1., 2., 3., 6., 8., 9., 10., 13., 15., 16., 17., 20., 22., 23., 25., 26. a 27. decembra 2017 <a href=\"http:\/\/www.filzmoos.at\">www.filzmoos.at<\/a><\/li>\n<li><strong>Telev\u00edzne nahr\u00e1vanie \u201e\u010carovn\u00fdch Vianoc v krajine Tichej noci\u201c<br \/>\n<\/strong>Flachau sa 3. a 4. decembra 2017 op\u00e4\u0165 premen\u00ed na kulisu viano\u010dn\u00e9ho programu, ktor\u00fd sa bude vysiela\u0165 23. decembra 2017 o 20.15 hod na stanici ORF a BR. Sonja Weissensteiner a Harald Krassnitzer n\u00e1s aj tento rok uprostred majest\u00e1tnych h\u00f4r preved\u00fa pr\u00edjemn\u00fdm adventn\u00fdm ve\u010derom zo Salzburska, kde po prv\u00fdkr\u00e1t zaznela piese\u0148 \u201eTich\u00e1 noc\u201c. Okrem pr\u00edbehu vzniku a roz\u0161\u00edrenia tejto celosvetovo najsl\u00e1vnej\u0161ej koledy bude ve\u010der prezentova\u0165 aj viano\u010dn\u00e9 mel\u00f3die n\u00e1rodn\u00fdch a medzin\u00e1rodn\u00fdch umelcov z oblasti popul\u00e1rnej, \u013eudovej a klasickej hudby.<\/li>\n<\/ul>\n<p>Vstupenky a bli\u017e\u0161ie inform\u00e1cie n\u00e1jdete na <a href=\"http:\/\/www.flachau.com\">www.flachau.com<\/a><\/p>\n<ul>\n<li><strong>Altenmarktsk\u00fd viano\u010dn\u00fd pr\u00edbeh 8. decembra 2017 o 17.00 hod.<br \/>\n<\/strong>P\u00f4sobiv\u00e1 inscen\u00e1cia a putovanie po stop\u00e1ch M\u00e1rie a Jozefa ved\u00faca od vlastivedn\u00e9ho m\u00fazea Dechantshoftenne viacer\u00fdmi zast\u00e1vkami a\u017e k farsk\u00e9mu kostolu v Altenmarkt. <a href=\"http:\/\/www.altenmarkt-zauchensee.at\">www.altenmarkt-zauchensee.at<\/a><\/li>\n<li><strong>Radstadtsk\u00e9 viano\u010dn\u00e9 putovania 9., 16. a 26. decembra 2017<br \/>\n<\/strong>Pr\u00edjemn\u00e9 putovanie pre cel\u00fa rodinu v \u010dase od 17.00 do 19.00 hod., cez Cis\u00e1rsku promen\u00e1du a zimn\u00fd les s najdlh\u0161\u00edm adventn\u00fdm kalend\u00e1rom v Eur\u00f3pe. <a href=\"http:\/\/www.radstadt.com\">www.radstadt.com<\/a><\/li>\n<\/ul>\n<p>&nbsp;<\/p>\n<p>Stredisko <strong>Salzburger Sportwelt<\/strong> sp\u00e1ja osem pr\u00e1zdninov\u00fdch destin\u00e1ci\u00ed: Flachau, Wagrain-Kleinarl, St. Johann-Alpendorf, Radstadt, Altenmarkt-Zauchensee, Eben a Filzmoos a tvor\u00ed zimn\u00fd klenot Ski amad\u00e9. V\u010faka 760 kilometrom zjazdoviek, 270 vlekom a lanovk\u00e1m, 25 \u0161kol\u00e1m ly\u017eovania a snoubordingu a viac ako 120 ly\u017eiarskym chat\u00e1m pon\u00faka Ski amad\u00e9 najv\u00e4\u010d\u0161ie ly\u017eiarske pote\u0161enie v celom Rak\u00fasku.<\/p>\n<h6 style=\"text-align: center;\"><img decoding=\"async\" class=\"alignnone\" src=\"http:\/\/slovaklinesmagazin.sk\/cms\/wp-content\/uploads\/2017\/11\/Adventwanderung_copyright_TVB-Radstadt-1024x683.jpg\" \/><br \/>\nV meste Radstadt si m\u00f4\u017eete pozrie\u0165 najdlh\u0161\u00ed adventn\u00fd kalend\u00e1r v Eur\u00f3pe: Ide\u00e1lne pre cel\u00fa rodinu! \u00a9 TVB Radstadt<\/h6>\n<p>&nbsp;<\/p>\n","protected":false},"excerpt":{"rendered":"<p>\u0160portov\u00fd za\u010diatok zimy v krajine \u201eTichej noci\u201c Ke\u010f prv\u00fd sneh premen\u00ed stredisko Salzburger Sportwelt na zimn\u00fa krajinu z\u00e1zrakov, je ist\u00e9, \u017ee sa bl\u00ed\u017eia Vianoce. Advent je pre mnoh\u00fdch zimn\u00fdch \u0161portovcov najkraj\u0161ie obdobie: Zatia\u013e\u010do na zjazdovk\u00e1ch vo Flachau, Wagrain-Kleinarl, St. Johann-Alpendorf, Radstadt, Altenmarkt-Zauchensee, Eben a Filzmoos u\u017e panuje \u0161portov\u00e1 n\u00e1lada, osem pr\u00e1zdninov\u00fdch obc\u00ed p\u00f4sob\u00ed sk\u00f4r kult\u00farne: [&hellip;]<\/p>\n","protected":false},"author":7,"featured_media":80441,"comment_status":"closed","ping_status":"closed","sticky":false,"template":"","format":"standard","meta":{"footnotes":""},"categories":[13,46,11,52,56],"tags":[],"class_list":["post-80440","post","type-post","status-publish","format-standard","has-post-thumbnail","hentry","category-real-estate","category-gastronomia","category-news","category-outdoor","category-priroda","eq-blocks"],"_links":{"self":[{"href":"https:\/\/www.slovaklinesmagazin.sk\/cms\/wp-json\/wp\/v2\/posts\/80440","targetHints":{"allow":["GET"]}}],"collection":[{"href":"https:\/\/www.slovaklinesmagazin.sk\/cms\/wp-json\/wp\/v2\/posts"}],"about":[{"href":"https:\/\/www.slovaklinesmagazin.sk\/cms\/wp-json\/wp\/v2\/types\/post"}],"author":[{"embeddable":true,"href":"https:\/\/www.slovaklinesmagazin.sk\/cms\/wp-json\/wp\/v2\/users\/7"}],"replies":[{"embeddable":true,"href":"https:\/\/www.slovaklinesmagazin.sk\/cms\/wp-json\/wp\/v2\/comments?post=80440"}],"version-history":[{"count":1,"href":"https:\/\/www.slovaklinesmagazin.sk\/cms\/wp-json\/wp\/v2\/posts\/80440\/revisions"}],"predecessor-version":[{"id":80445,"href":"https:\/\/www.slovaklinesmagazin.sk\/cms\/wp-json\/wp\/v2\/posts\/80440\/revisions\/80445"}],"wp:featuredmedia":[{"embeddable":true,"href":"https:\/\/www.slovaklinesmagazin.sk\/cms\/wp-json\/wp\/v2\/media\/80441"}],"wp:attachment":[{"href":"https:\/\/www.slovaklinesmagazin.sk\/cms\/wp-json\/wp\/v2\/media?parent=80440"}],"wp:term":[{"taxonomy":"category","embeddable":true,"href":"https:\/\/www.slovaklinesmagazin.sk\/cms\/wp-json\/wp\/v2\/categories?post=80440"},{"taxonomy":"post_tag","embeddable":true,"href":"https:\/\/www.slovaklinesmagazin.sk\/cms\/wp-json\/wp\/v2\/tags?post=80440"}],"curies":[{"name":"wp","href":"https:\/\/api.w.org\/{rel}","templated":true}]}}